{"id":448962,"date":"2023-06-21T23:10:50","date_gmt":"2023-06-22T03:10:50","guid":{"rendered":"http:\/\/diariodominicano.com\/?p=448962"},"modified":"2023-06-21T23:12:51","modified_gmt":"2023-06-22T03:12:51","slug":"ministerio-publico-arresta-a-neurocientifica-elizabeth-silverio","status":"publish","type":"post","link":"https:\/\/diariodominicano.com\/?p=448962","title":{"rendered":"Ministerio P\u00fablico arresta a neurocient\u00edfica Elizabeth Silverio"},"content":{"rendered":"\n<p><em><u>Inform\u00f3 que proceder\u00e1 con su sometimiento a la justicia en las pr\u00f3ximas 48 horas y que pedir\u00e1 en su contra prisi\u00f3n preventiva como medida de coerci\u00f3n<\/u><\/em><em><u>&nbsp;<\/u><\/em><em><u><\/u><\/em><\/p>\n\n\n\n<p>SANTO DOMINGO (Rep\u00fablica Dominicana).- El Ministerio P\u00fablico arrest\u00f3 este mi\u00e9rcoles a la neurocient\u00edfica Elizabeth Silverio, a quien le imputa usurpar funciones en el \u00e1rea de la salud, ejerciendo como especialista en el Centro de Terapias Neurocognitivas y Psicopedag\u00f3gicas Kogland, donde se atienden ni\u00f1os con Trastornos del Espectro Autista (TEA).\u00a0<\/p>\n\n\n\n<p><\/p>\n\n\n\n<p>Las autoridades informaron en un comunicado que Silverio, quien se encuentra detenida en la c\u00e1rcel preventiva del Palacio de Justicia de Ciudad Nueva, en el Distrito Nacional, ser\u00e1 sometida a la justicia en las pr\u00f3ximas 48 horas y que pedir\u00e1 al Juzgado de Atenci\u00f3n Permanente de esta jurisdicci\u00f3n que le imponga prisi\u00f3n preventiva como medida de coerci\u00f3n.&nbsp;<\/p>\n\n\n\n<p>Indicaron que su arresto se produjo mediante orden judicial, emitida por la jueza Kenya Romero, coordinadora de la Oficina de los Juzgados de la Instrucci\u00f3n del Distrito Nacional.&nbsp;<\/p>\n\n\n\n<p><strong>Direcci\u00f3n General de Comunicaci\u00f3n, Prensa, y RRPP<\/strong><strong><\/strong><\/p>\n\n\n\n<p>Ministerio P\u00fablico.&nbsp;R.D.<\/p>\n\n\n\n<p>Mi\u00e9rcoles, 21 de junio de 2023.<\/p>\n","protected":false},"excerpt":{"rendered":"<p>Inform\u00f3 que proceder\u00e1 con su sometimiento a la justicia en las pr\u00f3ximas 48 horas y que pedir\u00e1 en su contra prisi\u00f3n preventiva como medida de coerci\u00f3n&nbsp; SANTO DOMINGO (Rep\u00fablica Dominicana).- El Ministerio P\u00fablico arrest\u00f3 este mi\u00e9rcoles a la neurocient\u00edfica Elizabeth Silverio, a quien le imputa usurpar funciones en el \u00e1rea de la salud, ejerciendo como [&hellip;]<\/p>\n","protected":false},"author":28,"featured_media":442076,"comment_status":"closed","ping_status":"","sticky":true,"template":"","format":"standard","meta":{"footnotes":""},"categories":[24,29],"tags":[],"class_list":["post-448962","post","type-post","status-publish","format-standard","has-post-thumbnail","hentry","category-justicia-y-derecho","category-policiasucesos"],"_links":{"self":[{"href":"https:\/\/diariodominicano.com\/index.php?rest_route=\/wp\/v2\/posts\/448962","targetHints":{"allow":["GET"]}}],"collection":[{"href":"https:\/\/diariodominicano.com\/index.php?rest_route=\/wp\/v2\/posts"}],"about":[{"href":"https:\/\/diariodominicano.com\/index.php?rest_route=\/wp\/v2\/types\/post"}],"author":[{"embeddable":true,"href":"https:\/\/diariodominicano.com\/index.php?rest_route=\/wp\/v2\/users\/28"}],"replies":[{"embeddable":true,"href":"https:\/\/diariodominicano.com\/index.php?rest_route=%2Fwp%2Fv2%2Fcomments&post=448962"}],"version-history":[{"count":2,"href":"https:\/\/diariodominicano.com\/index.php?rest_route=\/wp\/v2\/posts\/448962\/revisions"}],"predecessor-version":[{"id":448964,"href":"https:\/\/diariodominicano.com\/index.php?rest_route=\/wp\/v2\/posts\/448962\/revisions\/448964"}],"wp:featuredmedia":[{"embeddable":true,"href":"https:\/\/diariodominicano.com\/index.php?rest_route=\/wp\/v2\/media\/442076"}],"wp:attachment":[{"href":"https:\/\/diariodominicano.com\/index.php?rest_route=%2Fwp%2Fv2%2Fmedia&parent=448962"}],"wp:term":[{"taxonomy":"category","embeddable":true,"href":"https:\/\/diariodominicano.com\/index.php?rest_route=%2Fwp%2Fv2%2Fcategories&post=448962"},{"taxonomy":"post_tag","embeddable":true,"href":"https:\/\/diariodominicano.com\/index.php?rest_route=%2Fwp%2Fv2%2Ftags&post=448962"}],"curies":[{"name":"wp","href":"https:\/\/api.w.org\/{rel}","templated":true}]}}