{"id":448306,"date":"2023-06-19T15:18:28","date_gmt":"2023-06-19T19:18:28","guid":{"rendered":"http:\/\/diariodominicano.com\/?p=448306"},"modified":"2023-06-19T15:18:28","modified_gmt":"2023-06-19T19:18:28","slug":"la-fiscalia-solicitara-medida-cautelar-de-privacion-de-libertad-contra-adolescente-que-le-arranco-el-pelo-a-otra-en-la-vega","status":"publish","type":"post","link":"https:\/\/diariodominicano.com\/?p=448306","title":{"rendered":"La Fiscal\u00eda solicitar\u00e1 medida cautelar de privaci\u00f3n de libertad contra adolescente que le arranc\u00f3 el pelo a otra en La Vega"},"content":{"rendered":"\n<p><strong>LA VEGA, Rep\u00fablica Dominicana.-<\/strong>\u00a0La Fiscal\u00eda de Ni\u00f1os, Ni\u00f1as y Adolescentes de La Vega solicitar\u00e1 medida cautelar,\u00a0 consistente en 30 d\u00edas de privaci\u00f3n de libertad, en contra de una adolescente que agredi\u00f3 y le arranc\u00f3 el pelo a otra, en un hecho ocurrido en un centro educativo del sector Las Uvas, de La Vega.<\/p>\n\n\n\n<p>El Ministerio P\u00fablico deposit\u00f3 el expediente acusatorio ante la Sala Civil del Tribunal de Ni\u00f1os, Ni\u00f1as y Adolescente de esta jurisdicci\u00f3n, en contra de la adolescente de iniciales L.J.M., de 17 a\u00f1os, por la agresi\u00f3n cometida en contra de la tambi\u00e9n menor de edad de iniciales R.M., de 14 a\u00f1os.&nbsp;<\/p>\n\n\n\n<p>La solicitud del \u00f3rgano de persecuci\u00f3n del delito est\u00e1 sustentada en el art\u00edculo 286 letra g de la Ley 136-03, del C\u00f3digo para el Sistema de Protecci\u00f3n y los Derechos Fundamentales de Ni\u00f1os, Ni\u00f1as y Adolescentes.<\/p>\n\n\n\n<p>Los hechos ocurrieron el pasado 13 del presente mes, cuando la infante de 14 a\u00f1os trat\u00f3 de separar a su prima, quien peleaba con otra menor de edad.<\/p>\n\n\n\n<p>Ante la iniciativa de la infante para tratar de defender a su pariente y evitar que el conflicto se prolongara, intervino la adolescente de 17 a\u00f1os, quien le propin\u00f3 una mordida en el brazo derecho, la golpe\u00f3 en la cabeza y de un fuerte jal\u00f3n le arranc\u00f3 parte de su pelo.<\/p>\n\n\n\n<p>Tras cometer el hecho, la joven agresora grav\u00f3 un video con el pelo de la v\u00edctima en las manos, el cual fue subido a las redes sociales.<\/p>\n\n\n\n<p>La Fiscal\u00eda de Ni\u00f1os, Ni\u00f1as y Adolescentes de La Vega, en su calificaci\u00f3n jur\u00eddica provisional, ha determinado que las acciones de la adolescente constituyen una falta al art\u00edculo 309 del C\u00f3digo Penal Dominicano, que castiga la agresi\u00f3n en todas sus formas.<\/p>\n\n\n\n<p><strong>Direcci\u00f3n General de Comunicaci\u00f3n, Prensa, y RRPP<\/strong><\/p>\n","protected":false},"excerpt":{"rendered":"<p>LA VEGA, Rep\u00fablica Dominicana.-\u00a0La Fiscal\u00eda de Ni\u00f1os, Ni\u00f1as y Adolescentes de La Vega solicitar\u00e1 medida cautelar,\u00a0 consistente en 30 d\u00edas de privaci\u00f3n de libertad, en contra de una adolescente que agredi\u00f3 y le arranc\u00f3 el pelo a otra, en un hecho ocurrido en un centro educativo del sector Las Uvas, de La Vega. El Ministerio [&hellip;]<\/p>\n","protected":false},"author":28,"featured_media":448307,"comment_status":"closed","ping_status":"","sticky":true,"template":"","format":"standard","meta":{"footnotes":""},"categories":[24,29,27],"tags":[],"class_list":["post-448306","post","type-post","status-publish","format-standard","has-post-thumbnail","hentry","category-justicia-y-derecho","category-policiasucesos","category-portada"],"_links":{"self":[{"href":"https:\/\/diariodominicano.com\/index.php?rest_route=\/wp\/v2\/posts\/448306","targetHints":{"allow":["GET"]}}],"collection":[{"href":"https:\/\/diariodominicano.com\/index.php?rest_route=\/wp\/v2\/posts"}],"about":[{"href":"https:\/\/diariodominicano.com\/index.php?rest_route=\/wp\/v2\/types\/post"}],"author":[{"embeddable":true,"href":"https:\/\/diariodominicano.com\/index.php?rest_route=\/wp\/v2\/users\/28"}],"replies":[{"embeddable":true,"href":"https:\/\/diariodominicano.com\/index.php?rest_route=%2Fwp%2Fv2%2Fcomments&post=448306"}],"version-history":[{"count":1,"href":"https:\/\/diariodominicano.com\/index.php?rest_route=\/wp\/v2\/posts\/448306\/revisions"}],"predecessor-version":[{"id":448308,"href":"https:\/\/diariodominicano.com\/index.php?rest_route=\/wp\/v2\/posts\/448306\/revisions\/448308"}],"wp:featuredmedia":[{"embeddable":true,"href":"https:\/\/diariodominicano.com\/index.php?rest_route=\/wp\/v2\/media\/448307"}],"wp:attachment":[{"href":"https:\/\/diariodominicano.com\/index.php?rest_route=%2Fwp%2Fv2%2Fmedia&parent=448306"}],"wp:term":[{"taxonomy":"category","embeddable":true,"href":"https:\/\/diariodominicano.com\/index.php?rest_route=%2Fwp%2Fv2%2Fcategories&post=448306"},{"taxonomy":"post_tag","embeddable":true,"href":"https:\/\/diariodominicano.com\/index.php?rest_route=%2Fwp%2Fv2%2Ftags&post=448306"}],"curies":[{"name":"wp","href":"https:\/\/api.w.org\/{rel}","templated":true}]}}