{"id":44825,"date":"2020-09-14T16:03:40","date_gmt":"2020-09-14T16:03:40","guid":{"rendered":"http:\/\/diariodominicano.ddns.net\/?p=44825"},"modified":"2020-09-14T16:03:40","modified_gmt":"2020-09-14T16:03:40","slug":"un-perfil-que-llena-la-perspectiva-para-titular-de-la-junta-central-electoral-jce","status":"publish","type":"post","link":"https:\/\/diariodominicano.com\/?p=44825","title":{"rendered":"Un Perfil que llena la Perspectiva para Titular de la Junta Central Electoral, JCE"},"content":{"rendered":"<p><body><\/p>\n<p><strong>Diariodominicano.com<\/strong><\/p>\n<p><strong>Un Perfil que llena la Perspectiva para Titular de la Junta Central Electoral, JCE <\/strong><\/p>\n<\/p>\n<p><strong>Por: Dr. Am\u00edn Cruz<\/strong><\/p>\n<\/p>\n<p><strong>\u00ab\u00bfCu\u00e1l es la esencia de la vida? Servir a otros y hacer el bien\u00bb  Arist\u00f3teles.<\/strong><\/p>\n<p> La Guerrera que no se rinde ante lo que le apasiona, y encuentra el amor en lo que hace, as\u00ed es la Dra. Dolores Altagracia Fern\u00e1ndez S\u00e1nchez  quien es actualmente la Directora Nacional del Registro del Estado Civil de la Rep\u00fablica Dominicana, es un mujer extraordinaria como ser humano y servidora p\u00fablica con un gran perfil acad\u00e9mico y experiencia en el ejercicio de los asuntos electorales del pa\u00eds, lo mismo le permitir\u00e1n enfrentar los grandes desaf\u00edos que podr\u00eda tener por delante al ser elegida por el Senado, como jueza de la Junta Central Electoral, cuenta con la  capacidad intelectual, experiencia de trabajo, \u00e9tica y profesionalismo, as\u00ed lo avala su hoja de vida.<\/p>\n<\/p>\n<p>uerrera que no se rinde ante lo que le apasiona, y encuentra el amor en lo que hace, as\u00ed es la Dra. Dolores Altagracia Fern\u00e1ndez S\u00e1nchez  quien es actualmente la Directora Nacional del Registro del Estado Civil de la Rep\u00fablica Dominicana, es un mujer extraordinaria como ser humano y servidora p\u00fablica con un gran perfil acad\u00e9mico y experiencia en el ejercicio de los asuntos electorales del pa\u00eds, lo mismo le permitir\u00e1n enfrentar los grandes desaf\u00edos que podr\u00eda tener por delante al ser elegida por el Senado, como jueza de la Junta Central Electoral, cuenta con la  capacidad intelectual, experiencia de trabajo, \u00e9tica y profesionalismo, as\u00ed lo avala su hoja de vida.<\/p>\n<p>Debemos destacar que la doctora Fern\u00e1ndez S\u00e1nchez, es  Directora Nacional de Registro del Estado Civil desde el a\u00f1o 2010, est\u00e1 dentro de los funcionarios de la JCE; que asumieron como responsabilidad ciudadana, como desaf\u00edo institucional, y como obligaci\u00f3n con las generaciones venideras, el rescate del Registro Civil, que siendo uno de los servicios p\u00fablicos de m\u00e1s trascendencia, era manejado como patrimonio de n\u00facleos privados. <\/p>\n<\/p>\n<\/p>\n<\/p>\n<p>Su compromiso con la sociedad en esta \u00e1rea, lo asumi\u00f3 en el 2003, como Oficial del Estado Civil de la Primera Circunscripci\u00f3n de San Francisco de Macor\u00eds. Desde el 2007 hasta el 2010, dirigi\u00f3 la Oficina Central del Registro Civil en la cual ha demostrado su liderazgo gerencial, y su humanismo por servir de manera respetuosa y cordial a todas y todos dando la soluci\u00f3n a los problemas y respuestas satisfactorias a sus necesidades en la soluci\u00f3n de conflictos, en una esfera tan determinante como los actos del Estado Civil todo ello en apego a las leyes y los reglamentos. <\/p>\n<\/p>\n<p>De igual manera ha representado a Nuestra Rep\u00fablica Dominicana en eventos nacionales e internacionales, entre los que podemos indicar 55ta. Sesi\u00f3n del Comit\u00e9 de la Organizaci\u00f3n las Naciones Unidas para erradicar toda forma de discriminaci\u00f3n, celebrada en Ginebra, Suiza, igualmente, en la \u00abSesi\u00f3n Especial para revisar el Estado de implementaci\u00f3n del Programa Interamericano para el Registro Civil Universal y Derecho a la Identidad\u00bb, Consejo Permanente de la OEA, Washington, D.C, VII Encuentro Iberoamericano de Magistradas Electorales, celebrado en Brasil, entre otros, destac\u00e1ndose como una brillante profesional que ha puesto en alto en nombre de nuestra patria dominicana en cada de estos acontecimientos. <\/p>\n<p>Ha sido docente en la Escuela de Formaci\u00f3n Electoral y Estado Civil (EFEC), impartiendo los cursos siguientes \u00abVitalizaci\u00f3n del M\u00f3dulo III del Programa Inicial de Formaci\u00f3n para Oficiales del Estado Civil y Suplentes aspirantes a la Carrera\u00bb, y \u00abActualizaci\u00f3n Hacia la Unificaci\u00f3n de Pr\u00e1cticas y Procedimientos del Registro del Estado Civil\u00bb, entre otros, de igual forma es maestrante en coordinaci\u00f3n con la Universidad Aut\u00f3noma de Santo Domingo (UASD), de la Maestr\u00eda \u00abProfesional en Derecho de Familia y Actos del Estado Civil\u00bb. <\/p>\n<p>Como podemos apreciar la doctora  Fern\u00e1ndez S\u00e1nchez se le ha caracterizado, por ser una excelente servidora p\u00fablica, ejerciendo su vocaci\u00f3n m\u00e1s alta con respecto al servicio p\u00fablico, como una oportunidad para hacer una diferencia en la vida de la gente, servir incondicionalmente, sin bandera pol\u00edtica sin tomar en cuenta credo, raza, ni g\u00e9nero, su misi\u00f3n es trabajar, servir y mejorar a la patria <\/p>\n<p>En tal sentido, como representante digna de la sociedad, defensora de la democracia y los derechos humanos, exhortamos que la honorable Comisi\u00f3n de Evaluaci\u00f3n del Senado, de la Rep\u00fablica Dominicana considere calificar la vasta experiencia, profesionalismo y vocaci\u00f3n que tiene la Dra. Dolores Altagracia Fern\u00e1ndez S\u00e1nchez id\u00f3nea para formar parte del Pleno de la Junta Central Electoral, JCE, expedita a defender la Garant\u00eda de Identidad y Democracia institucional de nuestra Patria, ya que \u00abVivir sin Patria, es lo mismo que vivir sin Honor\u00bb. <\/p>\n<p>\u00abQuien no vive para servir, no sirve para vivir\u00bb. Madre Teresa de Calcuta\u00bb<\/p>\n<\/p>\n<p>P<strong>or: Dr. Am\u00edn Cruz, PhD, es un Diplom\u00e1tico, Periodista, <\/strong><\/p>\n<p><strong>Historiador,  Educador y Escritor, Residente en New York.<\/strong><\/p>\n<p><strong> <\/strong><\/p>\n<h6> 2020-09-14 16:03:40 <\/h6>\n<p><!--\n<link rel=\"stylesheet\" href=\"css\/bootstrap.min.css\">\n\n\n<ul class=\"pagination\">\n\t    \n\t\n\n<li >\n\t<a href='?page_no=75'>Previous<\/a>\n\t<\/li>\n\n\n       \n    \n\n<li><a href='?page_no=1'>1<\/a><\/li>\n\n\n\n<li><a href='?page_no=2'>2<\/a><\/li>\n\n\n\n<li><a>...<\/a><\/li>\n\n\n\n<li><a href='?page_no=74'>74<\/a><\/li>\n\n\n\n<li><a href='?page_no=75'>75<\/a><\/li>\n\n\n\n<li class='active'><a>76<\/a><\/li>\n\n\n\n<li><a href='?page_no=77'>77<\/a><\/li>\n\n\n\n<li><a href='?page_no=78'>78<\/a><\/li>\n\n\n\n<li><a>...<\/a><\/li>\n\n\n\n<li><a href='?page_no=13611'>13611<\/a><\/li>\n\n\n\n<li><a href='?page_no=13612'>13612<\/a><\/li>\n\n    \n\t\n\n<li >\n\t<a href='?page_no=77'>Next<\/a>\n\t<\/li>\n\n\n    \n\n<li><a href='?page_no=13612'>Last &rsaquo;&rsaquo;<\/a><\/li>\n\n<\/ul>\n\n\n--><br \/>\n<\/body><\/p>\n","protected":false},"excerpt":{"rendered":"<p>Diariodominicano.com Un Perfil que llena la Perspectiva para Titular de la Junta Central Electoral, JCE Por: Dr. Am\u00edn Cruz \u00ab\u00bfCu\u00e1l es la esencia de la vida? Servir a otros y hacer el bien\u00bb Arist\u00f3teles. La Guerrera que no se rinde ante lo que le apasiona, y encuentra el amor en lo que hace, as\u00ed es [&hellip;]<\/p>\n","protected":false},"author":3,"featured_media":0,"comment_status":"open","ping_status":"open","sticky":false,"template":"","format":"standard","meta":{"footnotes":""},"categories":[16],"tags":[],"class_list":["post-44825","post","type-post","status-publish","format-standard","hentry","category-opiniones"],"_links":{"self":[{"href":"https:\/\/diariodominicano.com\/index.php?rest_route=\/wp\/v2\/posts\/44825","targetHints":{"allow":["GET"]}}],"collection":[{"href":"https:\/\/diariodominicano.com\/index.php?rest_route=\/wp\/v2\/posts"}],"about":[{"href":"https:\/\/diariodominicano.com\/index.php?rest_route=\/wp\/v2\/types\/post"}],"author":[{"embeddable":true,"href":"https:\/\/diariodominicano.com\/index.php?rest_route=\/wp\/v2\/users\/3"}],"replies":[{"embeddable":true,"href":"https:\/\/diariodominicano.com\/index.php?rest_route=%2Fwp%2Fv2%2Fcomments&post=44825"}],"version-history":[{"count":0,"href":"https:\/\/diariodominicano.com\/index.php?rest_route=\/wp\/v2\/posts\/44825\/revisions"}],"wp:attachment":[{"href":"https:\/\/diariodominicano.com\/index.php?rest_route=%2Fwp%2Fv2%2Fmedia&parent=44825"}],"wp:term":[{"taxonomy":"category","embeddable":true,"href":"https:\/\/diariodominicano.com\/index.php?rest_route=%2Fwp%2Fv2%2Fcategories&post=44825"},{"taxonomy":"post_tag","embeddable":true,"href":"https:\/\/diariodominicano.com\/index.php?rest_route=%2Fwp%2Fv2%2Ftags&post=44825"}],"curies":[{"name":"wp","href":"https:\/\/api.w.org\/{rel}","templated":true}]}}