{"id":448053,"date":"2023-06-18T13:30:14","date_gmt":"2023-06-18T17:30:14","guid":{"rendered":"http:\/\/diariodominicano.com\/?p=448053"},"modified":"2023-06-18T13:55:10","modified_gmt":"2023-06-18T17:55:10","slug":"fiscalia-de-las-matas-de-farfan-obtiene-tres-meses-de-prision-preventiva-contra-un-hombre-que-provoco-muerte-a-otros-dos","status":"publish","type":"post","link":"https:\/\/diariodominicano.com\/?p=448053","title":{"rendered":"Fiscal\u00eda de Las Matas de Farf\u00e1n obtiene tres meses de prisi\u00f3n preventiva contra un hombre que provoc\u00f3 muerte a otros dos"},"content":{"rendered":"\n<p>LAS MATAS DE FARF\u00c1N, Rep\u00fablica Dominicana.- Tras acoger la petici\u00f3n del Ministerio P\u00fablico, el Juzgado de la Instrucci\u00f3n de esta localidad dict\u00f3 tres meses de prisi\u00f3n preventiva contra Arnardo de los Santos Alc\u00e1ntara, quien es procesado por provocarle la muerte a otros dos, tras herirlos con un arma de fuego, en un hecho registrado el 13 de abril del a\u00f1o en curso, en el Car Wash de la Asociaci\u00f3n de Due\u00f1os de Veh\u00edculos de Las Matas (Asoduve).<\/p>\n\n\n\n<p>En la solicitud de medida de coerci\u00f3n, el Ministerio P\u00fablico, representado por la fiscalizadora Rossy P\u00e9rez, indica que el imputado De los Santos Alc\u00e1ntara le dio muerte a Daymer Francisco Rodr\u00edguez Ogando, con un arma de fuego, tipo pistola, marca FM Hi-Power, calibre 9mm, serie No. 419555, la cual portaba de manera ilegal.<\/p>\n\n\n\n<p>En medio del hecho De los Santos Alc\u00e1ntara tambi\u00e9n le provoc\u00f3 varias heridas en diferentes partes del cuerpo a Frank Rodr\u00edguez C\u00e9spedes, padre de Francisco Rodr\u00edguez Ogando, que le provocaron la muerte el pasado jueves mientras se encontraba ingresado en un centro de salud de la zona luego de la agresi\u00f3n.<\/p>\n\n\n\n<p>Durante el incidente el imputado tambi\u00e9n result\u00f3 con varias heridas que lo mantuvieron bajo asistencia en un centro de salud hasta que le fue dada el alta m\u00e9dica y se le conoci\u00f3 medida de coerci\u00f3n en la que se dispuso su env\u00edo a prisi\u00f3n.<\/p>\n\n\n\n<p>La jueza interina del Juzgado de la Instrucci\u00f3n de esta jurisdicci\u00f3n, Nelly Arnaud de los Santos, dispuso que la medida de coerci\u00f3n sea cumplida en el Centro de Correcci\u00f3n y Rehabilitaci\u00f3n (CCR) de El\u00edas Pi\u00f1a.<\/p>\n\n\n\n<p>El Ministerio P\u00fablico ha calificado el caso de violaci\u00f3n a los art\u00edculos 2, 295 y 304 del C\u00f3digo Penal Dominicano y violaci\u00f3n a los art\u00edculos 66 y 67 de la Ley 631-16 para el Control y Regulaci\u00f3n de Armas, Municiones y Materiales Relacionados.<\/p>\n\n\n\n<p>Direcci\u00f3n General de Comunicaci\u00f3n, Prensa, y RRPP<\/p>\n\n\n\n<p>Ministerio P\u00fablico. R.D.<\/p>\n\n\n\n<p>Domingo, 18 de junio de 2023.<\/p>\n\n\n\n<p>\u2026<\/p>\n","protected":false},"excerpt":{"rendered":"<p>LAS MATAS DE FARF\u00c1N, Rep\u00fablica Dominicana.- Tras acoger la petici\u00f3n del Ministerio P\u00fablico, el Juzgado de la Instrucci\u00f3n de esta localidad dict\u00f3 tres meses de prisi\u00f3n preventiva contra Arnardo de los Santos Alc\u00e1ntara, quien es procesado por provocarle la muerte a otros dos, tras herirlos con un arma de fuego, en un hecho registrado el [&hellip;]<\/p>\n","protected":false},"author":28,"featured_media":404787,"comment_status":"closed","ping_status":"","sticky":true,"template":"","format":"standard","meta":{"footnotes":""},"categories":[24,29,27],"tags":[],"class_list":["post-448053","post","type-post","status-publish","format-standard","has-post-thumbnail","hentry","category-justicia-y-derecho","category-policiasucesos","category-portada"],"_links":{"self":[{"href":"https:\/\/diariodominicano.com\/index.php?rest_route=\/wp\/v2\/posts\/448053","targetHints":{"allow":["GET"]}}],"collection":[{"href":"https:\/\/diariodominicano.com\/index.php?rest_route=\/wp\/v2\/posts"}],"about":[{"href":"https:\/\/diariodominicano.com\/index.php?rest_route=\/wp\/v2\/types\/post"}],"author":[{"embeddable":true,"href":"https:\/\/diariodominicano.com\/index.php?rest_route=\/wp\/v2\/users\/28"}],"replies":[{"embeddable":true,"href":"https:\/\/diariodominicano.com\/index.php?rest_route=%2Fwp%2Fv2%2Fcomments&post=448053"}],"version-history":[{"count":1,"href":"https:\/\/diariodominicano.com\/index.php?rest_route=\/wp\/v2\/posts\/448053\/revisions"}],"predecessor-version":[{"id":448054,"href":"https:\/\/diariodominicano.com\/index.php?rest_route=\/wp\/v2\/posts\/448053\/revisions\/448054"}],"wp:featuredmedia":[{"embeddable":true,"href":"https:\/\/diariodominicano.com\/index.php?rest_route=\/wp\/v2\/media\/404787"}],"wp:attachment":[{"href":"https:\/\/diariodominicano.com\/index.php?rest_route=%2Fwp%2Fv2%2Fmedia&parent=448053"}],"wp:term":[{"taxonomy":"category","embeddable":true,"href":"https:\/\/diariodominicano.com\/index.php?rest_route=%2Fwp%2Fv2%2Fcategories&post=448053"},{"taxonomy":"post_tag","embeddable":true,"href":"https:\/\/diariodominicano.com\/index.php?rest_route=%2Fwp%2Fv2%2Ftags&post=448053"}],"curies":[{"name":"wp","href":"https:\/\/api.w.org\/{rel}","templated":true}]}}