{"id":44803,"date":"2019-04-07T21:19:43","date_gmt":"2019-04-07T21:19:43","guid":{"rendered":"http:\/\/diariodominicano.ddns.net\/?p=44803"},"modified":"2019-04-07T21:19:43","modified_gmt":"2019-04-07T21:19:43","slug":"justicia-al-reves","status":"publish","type":"post","link":"https:\/\/diariodominicano.com\/?p=44803","title":{"rendered":"JUSTICIA AL REV\u00c9S"},"content":{"rendered":"<p><body><\/p>\n<\/p>\n<p>                                                                                                     <strong> Por Narciso Isa Conde<\/strong><\/p>\n<\/p>\n<p>Quien crea que este sistema y sus instituciones sirven para algo bueno, se equivoca de medio a medio. Y si piensa que esta competencia pactada entre negociantes y g\u00e1nsteres de la pol\u00edtica, puede cambiar algo para mejor, est\u00e1 \u00abfuliche\u00bb o se le quemaron las neuronas del entendimiento de cosas elementales.<\/p>\n<\/p>\n<p>No es pesimismo. Es que la realidad es realidad, y los comicios del 2020 pintan peores que las del 2016. No hay otros indicadores.<\/p>\n<\/p>\n<p>Las dos facciones del PLD son m\u00e1s corruptas y m\u00e1s conservadoras que antes, aunque hoy la vice Margarita Cede\u00f1o imparta una conferencia sobre \u00ab\u00e9tica y valores en la UASD\u00bb, que lo que indica es que la UASD est\u00e1 peor que ayer; mientras en el otro lado al PRM le ha cogido con vomitar excrecencias conservadoras y hacer causa com\u00fan con la impunidad de corruptos propios y ajenos.<\/p>\n<\/p>\n<p> Los principales protagonistas de esta tragicomedia titulada \u00abPantano Electoral\u00bb, no solo no se conforman con apoyar las vagabunder\u00edas de Trump y Guaid\u00f3, ni con asumir la defensa de una Constituci\u00f3n neoliberal que facilita la entronizaci\u00f3n de una dictadura constitucional que destila podredumbre de la cabeza a los pies, ni negociar porquer\u00edas como las ley de partidos y la electoral, sino que dentro de ese paquete decidieron, que en lugar de que los g\u00e1nsteres pol\u00edticos y econ\u00f3micos sean denunciados y sancionados, se proceda a judicializar a todo aquel que los se\u00f1ale como ladrones.<\/p>\n<\/p>\n<p>Es, por tanto, algo muy singular dentro lo perverso que este Estado -v\u00eda legisladores gobiernistas y opositores- adem\u00e1s de garante de la impunidad, apruebe sancionar a quienes la combaten.<\/p>\n<\/p>\n<p> Y esto no es solo af\u00e1n  de represalia, sino expresi\u00f3n del miedo de ambas partes a que la difusi\u00f3n de la verdad los derrote, los vuelva gui\u00f1apos humanos, pese a la complicidad del poder judicial y dem\u00e1s poderes del Estado.<\/p>\n<\/p>\n<p>Quiero insistir en que emanaciones como esa son propias de \u00f3rganos en descomposici\u00f3n, se\u00f1ales que ya se perdi\u00f3 todo sentimiento de verg\u00fcenza, adem\u00e1s de usar el descaro para intentar sembrar terror donde ya no es posible. Las fechor\u00edas por separado la protegen juntos y descaradamente.<\/p>\n<\/p>\n<p>\u00a1Hasta la SIP, destacada por su capacidad para mentir y defender intereses espurios a nombre de una libertad de prensa (que ni siquiera es libertad de empresas, sino oligopolios articulados en una dictadura medi\u00e1tica), est\u00e1 alarmada!<\/p>\n<\/p>\n<p>Auguro que este pueblo va a desafiar tan despreciable legislaci\u00f3n \u00a1Que tendr\u00e1n que llenar las c\u00e1rceles de denunciantes de las mafias pol\u00edticas constituidas!<\/p>\n<\/p>\n<\/p>\n<h6> 2019-04-07 21:19:43 <\/h6>\n<p><!--\n<link rel=\"stylesheet\" href=\"css\/bootstrap.min.css\">\n\n\n<ul class=\"pagination\">\n\t    \n\t\n\n<li >\n\t<a href='?page_no=757'>Previous<\/a>\n\t<\/li>\n\n\n       \n    \n\n<li><a href='?page_no=1'>1<\/a><\/li>\n\n\n\n<li><a href='?page_no=2'>2<\/a><\/li>\n\n\n\n<li><a>...<\/a><\/li>\n\n\n\n<li><a href='?page_no=756'>756<\/a><\/li>\n\n\n\n<li><a href='?page_no=757'>757<\/a><\/li>\n\n\n\n<li class='active'><a>758<\/a><\/li>\n\n\n\n<li><a href='?page_no=759'>759<\/a><\/li>\n\n\n\n<li><a href='?page_no=760'>760<\/a><\/li>\n\n\n\n<li><a>...<\/a><\/li>\n\n\n\n<li><a href='?page_no=13611'>13611<\/a><\/li>\n\n\n\n<li><a href='?page_no=13612'>13612<\/a><\/li>\n\n    \n\t\n\n<li >\n\t<a href='?page_no=759'>Next<\/a>\n\t<\/li>\n\n\n    \n\n<li><a href='?page_no=13612'>Last &rsaquo;&rsaquo;<\/a><\/li>\n\n<\/ul>\n\n\n--><br \/>\n<\/body><\/p>\n","protected":false},"excerpt":{"rendered":"<p>Por Narciso Isa Conde Quien crea que este sistema y sus instituciones sirven para algo bueno, se equivoca de medio a medio. Y si piensa que esta competencia pactada entre negociantes y g\u00e1nsteres de la pol\u00edtica, puede cambiar algo para mejor, est\u00e1 \u00abfuliche\u00bb o se le quemaron las neuronas del entendimiento de cosas elementales. No [&hellip;]<\/p>\n","protected":false},"author":3,"featured_media":0,"comment_status":"open","ping_status":"open","sticky":false,"template":"","format":"standard","meta":{"footnotes":""},"categories":[16],"tags":[],"class_list":["post-44803","post","type-post","status-publish","format-standard","hentry","category-opiniones"],"_links":{"self":[{"href":"https:\/\/diariodominicano.com\/index.php?rest_route=\/wp\/v2\/posts\/44803","targetHints":{"allow":["GET"]}}],"collection":[{"href":"https:\/\/diariodominicano.com\/index.php?rest_route=\/wp\/v2\/posts"}],"about":[{"href":"https:\/\/diariodominicano.com\/index.php?rest_route=\/wp\/v2\/types\/post"}],"author":[{"embeddable":true,"href":"https:\/\/diariodominicano.com\/index.php?rest_route=\/wp\/v2\/users\/3"}],"replies":[{"embeddable":true,"href":"https:\/\/diariodominicano.com\/index.php?rest_route=%2Fwp%2Fv2%2Fcomments&post=44803"}],"version-history":[{"count":0,"href":"https:\/\/diariodominicano.com\/index.php?rest_route=\/wp\/v2\/posts\/44803\/revisions"}],"wp:attachment":[{"href":"https:\/\/diariodominicano.com\/index.php?rest_route=%2Fwp%2Fv2%2Fmedia&parent=44803"}],"wp:term":[{"taxonomy":"category","embeddable":true,"href":"https:\/\/diariodominicano.com\/index.php?rest_route=%2Fwp%2Fv2%2Fcategories&post=44803"},{"taxonomy":"post_tag","embeddable":true,"href":"https:\/\/diariodominicano.com\/index.php?rest_route=%2Fwp%2Fv2%2Ftags&post=44803"}],"curies":[{"name":"wp","href":"https:\/\/api.w.org\/{rel}","templated":true}]}}