{"id":447979,"date":"2023-06-18T11:07:28","date_gmt":"2023-06-18T15:07:28","guid":{"rendered":"http:\/\/diariodominicano.com\/?p=447979"},"modified":"2023-06-18T11:07:28","modified_gmt":"2023-06-18T15:07:28","slug":"fiscalia-solicita-prision-contra-violador-en-serie-arrestado-en-santiago","status":"publish","type":"post","link":"https:\/\/diariodominicano.com\/?p=447979","title":{"rendered":"Fiscal\u00eda solicita prisi\u00f3n contra violador en serie arrestado en Santiago"},"content":{"rendered":"\n<p> diariodominicano.com                  <\/p>\n\n\n\n<p>Santiago ,  R  D  18 de junio 2023.- La Fiscal\u00eda de Santiago deposit\u00f3 ante la Oficina Judicial de Servicios de Atenci\u00f3n Permanente una solicitud para que ordene la prisi\u00f3n preventiva, declare la complejidad y autorice anticipo de pruebas contra un hombre al que le imputa cometer una serie de agresiones sexuales contra varias mujeres y una adolescente.\u00a0\u00a0<\/p>\n\n\n\n<p>A trav\u00e9s de la Unidad de Atenci\u00f3n Integral a V\u00edctimas de Violencia de G\u00e9nero, Intrafamiliar y Delitos Sexuales, este \u00f3rgano persecutor judicializ\u00f3 a Fernely Basilio Reyes, a quien le imputa varios tipos penales en perjuicio de tres de sus v\u00edctimas.&nbsp;&nbsp;<\/p>\n\n\n\n<p>Luego de apoderarse del caso por las denuncias que interpusieron las agraviadas y tras varias diligencias de investigaci\u00f3n, la Fiscal\u00eda le imputa al agresor los delitos de violaci\u00f3n a los art\u00edculos 309-1, 2 y 331, del C\u00f3digo Penal Dominicano, modificado por la Ley 24-97 sobre Violencia de G\u00e9nero e Intrafamiliar, y violaci\u00f3n al art\u00edculo 396, letras B y C, del C\u00f3digo para la Protecci\u00f3n y los Derechos Fundamentales de Ni\u00f1os, Ni\u00f1as y Adolescentes&nbsp; (Ley 136-03), que contempla el tipo penal de violencia agravada contra la mujer, tentativa de violaci\u00f3n sexual, y agresi\u00f3n psicol\u00f3gica y sexual contra una menor de edad, en perjuicio de la v\u00edctima, cuya identidad se reserva para proteger sus derechos.&nbsp;&nbsp;<\/p>\n\n\n\n<p>Tambi\u00e9n, le atribuye la violaci\u00f3n al art\u00edculo 309-1, 309-3, literal C, y 331-2, del C\u00f3digo Penal Dominicano, modificado por la Ley 24-97, que contempla el tipo penal de violencia agravada contra la mujer y tentativa de violaci\u00f3n sexual, en perjuicio de otras dos v\u00edctimas, mayores de edad.&nbsp;&nbsp;<\/p>\n\n\n\n<p>En la relaci\u00f3n de hechos relatados en la instancia de solicitud de medida de coerci\u00f3n, la Fiscal\u00eda indica que el imputado abord\u00f3 a las v\u00edctimas en lugares y tiempos separados, en su calidad de conductor de distintas plataformas de taxis por aplicaci\u00f3n, y desvi\u00e1ndose de las rutas establecidas, amenazaba a las v\u00edctimas con matarlas si no hac\u00edan lo que \u00e9l les pidiera.&nbsp;&nbsp;<\/p>\n\n\n\n<p>Bajo esa modalidad, viol\u00f3 sexualmente a la primera de las v\u00edctimas a la cual condujo hasta una zona deshabitada de la carretera El Naranjo, en las proximidades de La Barranquita, donde la amenaz\u00f3 con matarla mientras le mostraba un arma blanca, tipo col\u00edn, que ten\u00eda escondido debajo del asiento.&nbsp;<\/p>\n\n\n\n<p>Su pr\u00f3xima v\u00edctima contact\u00f3 los servicios de la plataforma Indrive que le asign\u00f3 al agresor. Una vez dentro del veh\u00edculo, el imputado cambi\u00f3 la ruta por lo cual la v\u00edctima se quej\u00f3 recibiendo amenazas de parte del hombre. La mujer sali\u00f3 del veh\u00edculo y aunque trat\u00f3 de huir, el imputado la alcanz\u00f3 y amenaz\u00f3 con matarla mientras la manoseaba y pretend\u00eda violarla, pero al paso de un veh\u00edculo el agresor huy\u00f3, oportunidad que la v\u00edctima aprovech\u00f3 para correr hasta encontrar una vivienda donde pidi\u00f3 auxilio.&nbsp;<\/p>\n\n\n\n<p>Entre tanto, la v\u00edctima menor de edad, solicit\u00f3 los servicios de la plataforma Uber para dirigirse a la zona monumental, pero, el procesado, asignado para ese servicio de taxi, obvi\u00f3 esta petici\u00f3n, se desvi\u00f3 y tom\u00f3 la calle Santom\u00e9 en el centro de la ciudad y en tanto le hac\u00eda preguntas de \u00edndole sexual, amenaz\u00f3 a la adolescente con matarla si no le permit\u00eda hacer lo que quer\u00eda.&nbsp;&nbsp;<\/p>\n\n\n\n<p>La investigaci\u00f3n refiere un mismo modus operandi del procesado, quien una vez en control de sus v\u00edctimas, las amenazaba y les ofrec\u00eda dinero en efectivo para lograr su objetivo.&nbsp;<\/p>\n\n\n\n<p>La Fiscal\u00eda de Santiago solicita al juzgado que imponga la prisi\u00f3n preventiva durante 18 meses y que declare de tramitaci\u00f3n compleja el proceso en contra del imputado, debido a la pluralidad de v\u00edctimas y delitos indilgados.&nbsp;&nbsp;<\/p>\n\n\n\n<p>Adem\u00e1s, solicita que se autorice un anticipo de pruebas, conforme lo establecen los art\u00edculos 287 y 288 del C\u00f3digo Procesal Penal, y la incautaci\u00f3n del veh\u00edculo en el que se traslad\u00f3 a las v\u00edctimas.&nbsp;<\/p>\n\n\n\n<p>Fuente   <strong>Direcci\u00f3n General de Comunicaci\u00f3n, Prensa, y RRPP<\/strong><\/p>\n\n\n\n<p>Ministerio P\u00fablico.&nbsp;R.D.<\/p>\n\n\n\n<p>Domingo, 18 de junio de 2023.<\/p>\n\n\n\n<p>                                                                                                                                                 <\/p>\n","protected":false},"excerpt":{"rendered":"<p>diariodominicano.com Santiago , R D 18 de junio 2023.- La Fiscal\u00eda de Santiago deposit\u00f3 ante la Oficina Judicial de Servicios de Atenci\u00f3n Permanente una solicitud para que ordene la prisi\u00f3n preventiva, declare la complejidad y autorice anticipo de pruebas contra un hombre al que le imputa cometer una serie de agresiones sexuales contra varias mujeres [&hellip;]<\/p>\n","protected":false},"author":5,"featured_media":447980,"comment_status":"closed","ping_status":"","sticky":true,"template":"","format":"standard","meta":{"footnotes":""},"categories":[24,29,27],"tags":[],"class_list":["post-447979","post","type-post","status-publish","format-standard","has-post-thumbnail","hentry","category-justicia-y-derecho","category-policiasucesos","category-portada"],"_links":{"self":[{"href":"https:\/\/diariodominicano.com\/index.php?rest_route=\/wp\/v2\/posts\/447979","targetHints":{"allow":["GET"]}}],"collection":[{"href":"https:\/\/diariodominicano.com\/index.php?rest_route=\/wp\/v2\/posts"}],"about":[{"href":"https:\/\/diariodominicano.com\/index.php?rest_route=\/wp\/v2\/types\/post"}],"author":[{"embeddable":true,"href":"https:\/\/diariodominicano.com\/index.php?rest_route=\/wp\/v2\/users\/5"}],"replies":[{"embeddable":true,"href":"https:\/\/diariodominicano.com\/index.php?rest_route=%2Fwp%2Fv2%2Fcomments&post=447979"}],"version-history":[{"count":1,"href":"https:\/\/diariodominicano.com\/index.php?rest_route=\/wp\/v2\/posts\/447979\/revisions"}],"predecessor-version":[{"id":447981,"href":"https:\/\/diariodominicano.com\/index.php?rest_route=\/wp\/v2\/posts\/447979\/revisions\/447981"}],"wp:featuredmedia":[{"embeddable":true,"href":"https:\/\/diariodominicano.com\/index.php?rest_route=\/wp\/v2\/media\/447980"}],"wp:attachment":[{"href":"https:\/\/diariodominicano.com\/index.php?rest_route=%2Fwp%2Fv2%2Fmedia&parent=447979"}],"wp:term":[{"taxonomy":"category","embeddable":true,"href":"https:\/\/diariodominicano.com\/index.php?rest_route=%2Fwp%2Fv2%2Fcategories&post=447979"},{"taxonomy":"post_tag","embeddable":true,"href":"https:\/\/diariodominicano.com\/index.php?rest_route=%2Fwp%2Fv2%2Ftags&post=447979"}],"curies":[{"name":"wp","href":"https:\/\/api.w.org\/{rel}","templated":true}]}}