{"id":447896,"date":"2023-06-17T13:37:50","date_gmt":"2023-06-17T17:37:50","guid":{"rendered":"http:\/\/diariodominicano.com\/?p=447896"},"modified":"2023-06-17T13:38:49","modified_gmt":"2023-06-17T17:38:49","slug":"el-ministerio-publico-solicita-condena-de-30-anos-contra-tres-civiles-y-cuatro-policias-implicados-en-muerte-de-david-de-los-santos","status":"publish","type":"post","link":"https:\/\/diariodominicano.com\/?p=447896","title":{"rendered":"El Ministerio P\u00fablico solicita condena de 30 a\u00f1os contra tres civiles y cuatro polic\u00edas implicados en muerte de David de los Santos"},"content":{"rendered":"\n<p>Archivo: David de los Santos<\/p>\n\n\n\n<p><em><u>En el caso de los miembros de la seguridad de la plaza <\/u><\/em><em><u>Agora Mall<\/u><\/em><em><u> solicitaron 2 a\u00f1os de prisi\u00f3n<\/u><\/em><em><u><\/u><\/em><\/p>\n\n\n\n<p>SANTO DOMINGO, Rep\u00fablica Dominicana.-\u00a0 El Ministerio P\u00fablico solicit\u00f3 a las juezas del Primer Tribunal Colegiado del Distrito Nacional la imposici\u00f3n de una condena de 30 a\u00f1os de prisi\u00f3n contra cuatro miembros de la Polic\u00eda y tres civiles a los que acusa de provocar la muerte a David de los Santos Correa a causa de la salvaje golpiza que recibi\u00f3 en el destacamento del ensanche Naco, de la capital, la noche del 27 de abril del 2022, tras su apresamiento en la plaza \u00c1gora Mall.\u00a0\u00a0<\/p>\n\n\n\n<p>La solicitud de condena de 30 a\u00f1os de prisi\u00f3n es contra los imputados, (civiles) Santiago Mateo Victoriano, Michael P\u00e9rez Ramos y Jean Carlos Mart\u00ednez Pe\u00f1a, as\u00ed como contra los polic\u00edas, el capit\u00e1n Domingo Alberto Rodr\u00edguez, el segundo teniente Germ\u00e1n Garc\u00eda de la Cruz, el cabo Alfonso Decena Hern\u00e1ndez y el raso Sari Manuel Gonz\u00e1lez Garc\u00eda, estableciendo que, aunque no golpearon al fallecido, se le condene a la pena m\u00e1xima en calidad de coautores.&nbsp;&nbsp;<\/p>\n\n\n\n<p>En el caso de los civiles, los fiscales los acusa, adem\u00e1s de homicidio, del crimen de tortura y barbarie y solicitaron se les imponga la pena de 30 a\u00f1os, calificando su conducta como una franca violaci\u00f3n a los art\u00edculos 295 y 303-4, numerales 2 y 9, y el articulo 304 del C\u00f3digo Penal, por provocar golpes y heridas que ocasionaron un homicidio.&nbsp;&nbsp;<\/p>\n\n\n\n<p>El art\u00edculo 303-4 del C\u00f3digo Penal Dominicano se\u00f1ala que: \u201cSe castigan con la pena de treinta a\u00f1os de reclusi\u00f3n mayor las torturas o actos de barbarie cometidos por varias personas actuando en calidad de autor o de c\u00f3mplice contra una persona, cuya particular vulnerabilidad, debido a su edad, a una enfermedad, a una invalidez, a una deficiencia o discapacidad f\u00edsica o ps\u00edquica, o a un estado de gravidez, es aparente o conocido su autor\u2026.\u201d&nbsp;&nbsp;<\/p>\n\n\n\n<p>En el caso de los polic\u00edas imputados, el \u00f3rgano acusador afirma que, con sus acciones, los cuatro polic\u00edas violaron los art\u00edculos 186,198, 295, 303-4 y 341 del C\u00f3digo Penal Dominicano, que penalizan el permitir abusos contra una persona detenida y complicidad en la comisi\u00f3n de un homicidio, la barbarie, as\u00ed como la violaci\u00f3n al art\u00edculo 153 de la Ley (590) Org\u00e1nica de la Polic\u00eda Nacional.&nbsp;<\/p>\n\n\n\n<p>Son faltas muy graves:<\/p>\n\n\n\n<p>El art\u00edculo 153 de la Ley 590, castiga el incumplimiento del deber de fidelidad a la Constituci\u00f3n en el ejercicio de las funciones, como lo es la pr\u00e1ctica de tratos inhumanos, degradantes, discriminatorios o vejatorios a los ciudadanos que se encuentren bajo custodia policial, como ocurri\u00f3 con el detenido y hoy fallecido David de los Santos Correa.&nbsp;&nbsp;<\/p>\n\n\n\n<p>En tanto que para los miembros de la seguridad de la plaza comercial Agora Mall, Ambriori Montero Ota\u00f1o, \u00c1lvaro David Beltr\u00e1n P\u00e9rez, Yubaris M\u00e9ndez Ferreras y Juan Reyes de la Cruz, la Fiscal\u00eda del Distrito Nacional solicit\u00f3 al tribunal una pena menor de dos a\u00f1os de prisi\u00f3n, por haber incurrido en el arresto ilegal del joven David de los Santos, en violaci\u00f3n al art\u00edculo 341 del C\u00f3digo Penal Dominicano.&nbsp;&nbsp;<\/p>\n\n\n\n<p>Dicho art\u00edculo establece que: \u201cSon reos de encierros y detenciones ilegales, y como tales, sujetos a la pena de reclusi\u00f3n menor, los que sin orden de autoridad constituida y fuera de los casos que la ley permite que se aprehenda a los inculpados, arrestaren, detuvieren o encerraren a una o m\u00e1s personas; los que proporcionaren el lugar para que se efect\u00fae la detenci\u00f3n o el encierro; los que de cualquier modo ayudaren a llevar a cabo la detenci\u00f3n o el encierro\u201d.&nbsp;&nbsp;<\/p>\n\n\n\n<p>En sus conclusiones finales donde solicita la imposici\u00f3n de las condenas contra los 11 imputados, las fiscales litigantes Magalys S\u00e1nchez, Mar\u00eda Silvestre y Mariela Ramos concluyeron en que el sistema le fall\u00f3 a David de los Santos, pero que ese fallo se revertir\u00e1 imponiendo penas ejemplares a los autores de ese horrendo crimen.&nbsp;&nbsp;<\/p>\n\n\n\n<p>\u201cSi esos polic\u00edas hubieron actuado correctamente en el presente caso, nosotros no estar\u00edamos hoy aqu\u00ed. El sistema le fall\u00f3 a David de los Santos\u2026..Ah\u00ed hubo menosprecio a la dignidad humana y de igual modo, los autores de ese crimen actuaron como monstruos y con sus acciones, comprometieron su responsabilidad penal\u201d, dijo en su discurso de clausura la magistrada fiscal Mar\u00eda Silvestre.&nbsp;&nbsp;<\/p>\n\n\n\n<p>Los procesados&nbsp;&nbsp;<\/p>\n\n\n\n<p>La Fiscal\u00eda del Distrito Nacional acusa de los delitos de homicidio, tortura y barbarie, asociaci\u00f3n de malhechores a los civiles Santiago Mateo Victoriano, Michael P\u00e9rez Ramos y Jean Carlos Mart\u00ednez Pe\u00f1a, y a los agentes, capit\u00e1n Domingo Alberto Rodr\u00edguez, al segundo teniente Germ\u00e1n Garc\u00eda de la Cruz, al cabo Alfonso Decena Hern\u00e1ndez y al raso Sari Manuel Gonz\u00e1lez Garc\u00eda.&nbsp;&nbsp;<\/p>\n\n\n\n<p>Tambi\u00e9n figuran como imputados los se\u00f1ores&nbsp;Ambriori Montero Ota\u00f1o, \u00c1lvaro David Beltr\u00e1n P\u00e9rez, Yubaris M\u00e9ndez Ferreras y Juan Reyes de la Cruz, miembros&nbsp;de la seguridad privada de la plaza \u00c1gora Mall, quienes, de ser encontrados culpables, enfrentar\u00edan condenas de entre los 30 y 20 a\u00f1os.&nbsp;&nbsp;<\/p>\n\n\n\n<p>El caso&nbsp;<\/p>\n\n\n\n<p>El joven de 24 a\u00f1os de edad y residente en Los Alcarrizos, falleci\u00f3 el 1 de mayo del 2022, en el Hospital Doctor Dar\u00edo Contreras, luego ser conducido de urgencia desde el destacamento policial del sector Naco, donde estuvo detenido desde las 9:00 de la noche del 27 de abril por los agentes policiales que lo recibieron por parte de la seguridad privada del centro comercial que lo retuvo luego de protagonizar un incidente con una empleada de una tienda del centro comercial.&nbsp;&nbsp;<\/p>\n\n\n\n<p>En una audiencia anterior, celebrada el 24 de mayo pasado, las juezas decidieron varios incidentes, entre ellos el de acoger la solicitud del actor civil de incluir como terceros civilmente demandados a la empresa Parcos S.A, la cual opera bajo el nombre comercial Senses Sunglasses And Accesories y a dos de las empleadas de la tienda de perfumes donde el hoy occiso sostuvo un intercambio de palabras con una de ellas previo a ser apresado.&nbsp;&nbsp;&nbsp;<\/p>\n\n\n\n<p>Las empleadas civilmente demandadas son Pamela Leticia V\u00e1squez Cruce y Yesenia Altagracia Mej\u00eda Santos.&nbsp;<\/p>\n\n\n\n<p><strong>Direcci\u00f3n General de Comunicaci\u00f3n, Prensa, y RRPP<\/strong><\/p>\n\n\n\n<p>Ministerio P\u00fablico.&nbsp;R.D.<\/p>\n\n\n\n<p>S\u00e1bado, 17 de junio de 2023.<\/p>\n","protected":false},"excerpt":{"rendered":"<p>Archivo: David de los Santos En el caso de los miembros de la seguridad de la plaza Agora Mall solicitaron 2 a\u00f1os de prisi\u00f3n SANTO DOMINGO, Rep\u00fablica Dominicana.-\u00a0 El Ministerio P\u00fablico solicit\u00f3 a las juezas del Primer Tribunal Colegiado del Distrito Nacional la imposici\u00f3n de una condena de 30 a\u00f1os de prisi\u00f3n contra cuatro miembros [&hellip;]<\/p>\n","protected":false},"author":28,"featured_media":352561,"comment_status":"closed","ping_status":"","sticky":true,"template":"","format":"standard","meta":{"footnotes":""},"categories":[24,29,27],"tags":[],"class_list":["post-447896","post","type-post","status-publish","format-standard","has-post-thumbnail","hentry","category-justicia-y-derecho","category-policiasucesos","category-portada"],"_links":{"self":[{"href":"https:\/\/diariodominicano.com\/index.php?rest_route=\/wp\/v2\/posts\/447896","targetHints":{"allow":["GET"]}}],"collection":[{"href":"https:\/\/diariodominicano.com\/index.php?rest_route=\/wp\/v2\/posts"}],"about":[{"href":"https:\/\/diariodominicano.com\/index.php?rest_route=\/wp\/v2\/types\/post"}],"author":[{"embeddable":true,"href":"https:\/\/diariodominicano.com\/index.php?rest_route=\/wp\/v2\/users\/28"}],"replies":[{"embeddable":true,"href":"https:\/\/diariodominicano.com\/index.php?rest_route=%2Fwp%2Fv2%2Fcomments&post=447896"}],"version-history":[{"count":2,"href":"https:\/\/diariodominicano.com\/index.php?rest_route=\/wp\/v2\/posts\/447896\/revisions"}],"predecessor-version":[{"id":447898,"href":"https:\/\/diariodominicano.com\/index.php?rest_route=\/wp\/v2\/posts\/447896\/revisions\/447898"}],"wp:featuredmedia":[{"embeddable":true,"href":"https:\/\/diariodominicano.com\/index.php?rest_route=\/wp\/v2\/media\/352561"}],"wp:attachment":[{"href":"https:\/\/diariodominicano.com\/index.php?rest_route=%2Fwp%2Fv2%2Fmedia&parent=447896"}],"wp:term":[{"taxonomy":"category","embeddable":true,"href":"https:\/\/diariodominicano.com\/index.php?rest_route=%2Fwp%2Fv2%2Fcategories&post=447896"},{"taxonomy":"post_tag","embeddable":true,"href":"https:\/\/diariodominicano.com\/index.php?rest_route=%2Fwp%2Fv2%2Ftags&post=447896"}],"curies":[{"name":"wp","href":"https:\/\/api.w.org\/{rel}","templated":true}]}}