{"id":447868,"date":"2023-06-17T13:07:10","date_gmt":"2023-06-17T17:07:10","guid":{"rendered":"http:\/\/diariodominicano.com\/?p=447868"},"modified":"2023-06-17T13:42:57","modified_gmt":"2023-06-17T17:42:57","slug":"ministerio-publico-solicita-prision-preventiva-contra-cuatro-hombres-por-homicidio-de-nino-de-10-anos-en-la-cambronal","status":"publish","type":"post","link":"https:\/\/diariodominicano.com\/?p=447868","title":{"rendered":"El Ministerio P\u00fablico solicita prisi\u00f3n preventiva contra cuatro hombres por homicidio de un ni\u00f1o de 10 a\u00f1os en La Cambronal"},"content":{"rendered":"\n<p><em><u>Los imputados forman parte de los tent\u00e1culos de la estructura criminal impactada por la Operaci\u00f3n Halc\u00f3n IV<\/u><\/em><em><u>&nbsp;<\/u><\/em><\/p>\n\n\n\n<p>SANTIAGO, Rep\u00fablica Dominicana.- La Oficina Judicial de Servicios de Atenci\u00f3n Permanente de Santiago fue apoderada de una solicitud de la Fiscal\u00eda de Santiago, para que imponga la prisi\u00f3n preventiva contra cuatro hombres imputados de constituirse en asociaci\u00f3n de malhechores y de perpetrar el homicidio de un ni\u00f1o de 10 a\u00f1os de edad, en medio de una balacera que los procesados protagonizaron en el barrio La Cambronal a donde pretend\u00edan asumir el control y la hegemon\u00eda de un punto de drogas que opera en el sector controlado por el condenado Alejandro Vidal.&nbsp;&nbsp;<\/p>\n\n\n\n<p>La actividad criminal del tr\u00e1fico de drogas en la zona de la balacera, es escenario de disputa por el grupo criminal contrario, liderado por el pr\u00f3fugo Joel Ambiorix Pimentel (La J), sindicado como cabeza de una de las organizaciones del crimen organizado impactada por la Operaci\u00f3n Halc\u00f3n IV, esta semana.&nbsp;&nbsp;<\/p>\n\n\n\n<p>Los hechos a los que hace alusi\u00f3n la Fiscal\u00eda de Santiago en la instancia de solicitud de medidas de coerci\u00f3n, ocurrieron el pasado viernes 9 de junio del presente a\u00f1o, cuando los imputados Starlin Fernando N\u00fa\u00f1ez Jim\u00e9nez y Kelfry Antonio Toribio Pay\u00e1n, se dirig\u00edan a bordo del carro Hyundai Sonata Y20, color blanco, desde Monte Rico, en el distrito municipal Santiago Oeste, hasta el barrio Los Santos (norte de Santiago), donde recogen a Daniel Vargas P\u00e9rez (Danielito), Yeifri Francisco Fajardo Rodr\u00edguez (Trini) y otro, solo identificado como Record Gauty, que se encuentra pr\u00f3fugo, tras lo cual, habiendo acordado la estrategia, se dirigen a La Cambronal donde perpetran la balacera.&nbsp;&nbsp;<\/p>\n\n\n\n<p>Adem\u00e1s del ni\u00f1o al que le causaron la muerte, los pistoleros hirieron de bala a otro menor de edad.&nbsp;&nbsp;<\/p>\n\n\n\n<p>El escenario del crimen fue inspeccionado y se recolectaron 19 casquillos de pistola calibre 9 mil\u00edmetros.&nbsp;&nbsp;<\/p>\n\n\n\n<p>Durante la ejecuci\u00f3n de las \u00f3rdenes de arresto que fueron tramitadas por la Fiscal\u00eda, se ocup\u00f3 una pistola, marca Taurus, calibre 9 mil\u00edmetros, con su cargador y 11 c\u00e1psulas para la misma; adem\u00e1s, un cargador con capacidad para 30 c\u00e1psulas que el imputado Fajardo Rodr\u00edguez (Trini) portaba, sin la documentaci\u00f3n que exige la ley.&nbsp;&nbsp;<\/p>\n\n\n\n<p>Los imputados ten\u00edan como \u00fanico objetivo implantar el terror a fuerza de balas, para agenciarse el dominio del negocio il\u00edcito.&nbsp;&nbsp;<\/p>\n\n\n\n<p>Este \u00f3rgano persecutor present\u00f3 contra los miembros de esta banda criminal, cargos penales por violaci\u00f3n a los art\u00edculos 265, 266, 295 y 304 del C\u00f3digo Penal Dominicano, por los delitos de asociaci\u00f3n de malhechores y homicidio, as\u00ed como por transgresi\u00f3n a los art\u00edculos 66 y 67 de la Ley 631-16 sobre Control y Regulaci\u00f3n de Armas, Municiones y Materiales Relacionados.&nbsp;<\/p>\n\n\n\n<p><strong>Direcci\u00f3n General de Comunicaci\u00f3n, Prensa, y RRPP<\/strong><strong><\/strong><\/p>\n\n\n\n<p>Ministerio P\u00fablico.&nbsp;R.D.<\/p>\n\n\n\n<p>S\u00e1bado, 17 de junio de 2023.<\/p>\n","protected":false},"excerpt":{"rendered":"<p>Los imputados forman parte de los tent\u00e1culos de la estructura criminal impactada por la Operaci\u00f3n Halc\u00f3n IV&nbsp; SANTIAGO, Rep\u00fablica Dominicana.- La Oficina Judicial de Servicios de Atenci\u00f3n Permanente de Santiago fue apoderada de una solicitud de la Fiscal\u00eda de Santiago, para que imponga la prisi\u00f3n preventiva contra cuatro hombres imputados de constituirse en asociaci\u00f3n de [&hellip;]<\/p>\n","protected":false},"author":28,"featured_media":447869,"comment_status":"closed","ping_status":"","sticky":true,"template":"","format":"standard","meta":{"footnotes":""},"categories":[24,29,27],"tags":[],"class_list":["post-447868","post","type-post","status-publish","format-standard","has-post-thumbnail","hentry","category-justicia-y-derecho","category-policiasucesos","category-portada"],"_links":{"self":[{"href":"https:\/\/diariodominicano.com\/index.php?rest_route=\/wp\/v2\/posts\/447868","targetHints":{"allow":["GET"]}}],"collection":[{"href":"https:\/\/diariodominicano.com\/index.php?rest_route=\/wp\/v2\/posts"}],"about":[{"href":"https:\/\/diariodominicano.com\/index.php?rest_route=\/wp\/v2\/types\/post"}],"author":[{"embeddable":true,"href":"https:\/\/diariodominicano.com\/index.php?rest_route=\/wp\/v2\/users\/28"}],"replies":[{"embeddable":true,"href":"https:\/\/diariodominicano.com\/index.php?rest_route=%2Fwp%2Fv2%2Fcomments&post=447868"}],"version-history":[{"count":3,"href":"https:\/\/diariodominicano.com\/index.php?rest_route=\/wp\/v2\/posts\/447868\/revisions"}],"predecessor-version":[{"id":447901,"href":"https:\/\/diariodominicano.com\/index.php?rest_route=\/wp\/v2\/posts\/447868\/revisions\/447901"}],"wp:featuredmedia":[{"embeddable":true,"href":"https:\/\/diariodominicano.com\/index.php?rest_route=\/wp\/v2\/media\/447869"}],"wp:attachment":[{"href":"https:\/\/diariodominicano.com\/index.php?rest_route=%2Fwp%2Fv2%2Fmedia&parent=447868"}],"wp:term":[{"taxonomy":"category","embeddable":true,"href":"https:\/\/diariodominicano.com\/index.php?rest_route=%2Fwp%2Fv2%2Fcategories&post=447868"},{"taxonomy":"post_tag","embeddable":true,"href":"https:\/\/diariodominicano.com\/index.php?rest_route=%2Fwp%2Fv2%2Ftags&post=447868"}],"curies":[{"name":"wp","href":"https:\/\/api.w.org\/{rel}","templated":true}]}}