{"id":44781,"date":"2019-04-08T07:45:11","date_gmt":"2019-04-08T07:45:11","guid":{"rendered":"http:\/\/diariodominicano.ddns.net\/?p=44781"},"modified":"2019-04-08T07:45:11","modified_gmt":"2019-04-08T07:45:11","slug":"las-alianzas-y-sus-consecuencias","status":"publish","type":"post","link":"https:\/\/diariodominicano.com\/?p=44781","title":{"rendered":"\u00a1LAS ALIANZAS Y SUS CONSECUENCIAS!"},"content":{"rendered":"<p><body><\/p>\n<p><strong>FRANKLIN ALMEYDA RANCIER<\/strong><\/p>\n<\/p>\n<p>Juan Bosch insist\u00eda en la necesidad de medir las consecuencias, al celebrar alianzas. Iniciando con posterioridad a la muerte deTrujillo, sostuvo que el PRD deb\u00eda de cuidar su perfil y evitar que al aliarse el pueblo confundiera su identidad.<\/p>\n<\/p>\n<p>Cuando se fund\u00f3 el PLD, protegi\u00f3 las caracter\u00edsticas que lo perfilaban. Sosten\u00eda, adem\u00e1s, que en una alianza la organizaci\u00f3n m\u00e1s fuerte es la dominante y su peso inclina la conducci\u00f3n pol\u00edtica en su inter\u00e9s.<\/p>\n<\/p>\n<p>En 1962 el PRD logra perfil propio con sus planteamientos de que el debate pol\u00edtico no era Trujillismo y anti Trujillismo, sino social entre tutumpote e hijos de machepa. Esas denominaciones parec\u00edan creadas por \u00e9l, aunque explic\u00f3 que se usaba en algunas zonas rurales. Hoy la Real Academia de la Lengua Espa\u00f1ola las ha incorporado, definiendo como tutumpote a un mandam\u00e1s y al hijo de machepa como hijo de madre pobre.<\/p>\n<\/p>\n<p>Con la fundaci\u00f3n del PLD, se diferenci\u00f3 su perfil, no a ali\u00e1ndose. M\u00e1s bien, incluy\u00f3 dirigentes salientes de otros partidos en la estructura dirigencial del PLD.<\/p>\n<\/p>\n<p>La alianza m\u00e1s notoria la celebr\u00f3 el PLD con el Dr. Balaguer, para la segunda vuelta en el proceso electoral de 1996, yendo primera vez al poder con el Dr. Fern\u00e1ndez. Esa alianza fue buscada porque el Dr. Balaguer necesitaba que perdiera el PRD, para evitarse persecuciones; desde el inter\u00e9s del PLD para favorecer ganar.<\/p>\n<\/p>\n<p>Ese proceso lo iba a ganar el PRD, y hasta se dec\u00eda que era una formalidad  porque el Dr. Pe\u00f1a G\u00f3mez ganar\u00eda. No fue as\u00ed, el PLD defini\u00f3 una estrategia sabiendas de que los balagueristas nunca votar\u00edan por un candidato que amenazaba en meter preso al Dr. Balaguer y a sus funcionarios y dirigentes. El PLD logr\u00f3 segunda vuelta y gan\u00f3 con los votos balagueristas.<\/p>\n<\/p>\n<p>El Dr. Balaguer y sus dirigentes fueron tratados con mucho respeto por el Dr. Leonel Fern\u00e1ndez. Esa alianza tra\u00eda impl\u00edcitos esos resultados. Desde entonces el PLD ha celebrado alianzas con docena de organizaciones emergentes, siendo la fuerza hegem\u00f3nica; condici\u00f3n que no debe inobservarse.<\/p>\n<\/p>\n<p>Las alianzas, a\u00fan internas, son acuerdos entre expresiones econ\u00f3micas y sociales, muchas veces no identificadas expresamente; o bien pueden ser  identificada como, por ejemplo, la alianza entre los integrantes de La Trinitaria, dirigidos por Duarte, y los hateros encabezados por Pedro Santana. <\/p>\n<\/p>\n<p>Los trinitarios, expresi\u00f3n de una d\u00e9bil clase media requiri\u00f3 de los hateros, sector retr\u00f3grado, pero con influencia entre los campesinos, para lograr la separaci\u00f3n de Hait\u00ed y proclamar la independencia nacional. Estos objetivos se lograron, pero los trinitarios, m\u00e1s d\u00e9bil que aquellos, perdieron el poder y no pudo d\u00e1rsele pas\u00f3 a un estado democr\u00e1tico.<\/p>\n<\/p>\n<p>Internamente al partido debe medirse por igual las consecuencias. Bosch cita lo ocurrido con Lilis. Fue&#8230;\u00bbllevado al poder por una corriente econ\u00f3mica y social avanzada..(Pero) us\u00f3 los resortes del poder para crear una fuerza retardataria que le permitiera perpetuarse en el gobierno, desvi\u00f3 la corriente progresista dominicana y la lanz\u00f3 al vac\u00edo\u00bb. P\u00e1rrafo anterior Bosch comenta: \u00ab&#8230;el deseo de mantenerse en el poder llev\u00f3 a Heureaux a favorecer los planes de un n\u00facleo latifundistas retardatarios, formado por hombres de su confianza&#8230;\u00bb (Trujillo Causa de una Tirania sin Ejemplo, p\u00e1g. 108 y 109, edici\u00f3n 2005)<\/p>\n<\/p>\n<p>El riesgo hoy es que sectores improductivos, de intermediaci\u00f3n econ\u00f3mica, sigan alejando al PLD del gobierno suyo.<\/p>\n<\/p>\n<p><strong>El autor es miembro del CP del PLD, ex Ministro de Interior y ex Rector de la UASD.<\/strong><\/p>\n<\/p>\n<h6> 2019-04-08 07:45:11 <\/h6>\n<p><!--\n<link rel=\"stylesheet\" href=\"css\/bootstrap.min.css\">\n\n\n<ul class=\"pagination\">\n\t    \n\t\n\n<li >\n\t<a href='?page_no=755'>Previous<\/a>\n\t<\/li>\n\n\n       \n    \n\n<li><a href='?page_no=1'>1<\/a><\/li>\n\n\n\n<li><a href='?page_no=2'>2<\/a><\/li>\n\n\n\n<li><a>...<\/a><\/li>\n\n\n\n<li><a href='?page_no=754'>754<\/a><\/li>\n\n\n\n<li><a href='?page_no=755'>755<\/a><\/li>\n\n\n\n<li class='active'><a>756<\/a><\/li>\n\n\n\n<li><a href='?page_no=757'>757<\/a><\/li>\n\n\n\n<li><a href='?page_no=758'>758<\/a><\/li>\n\n\n\n<li><a>...<\/a><\/li>\n\n\n\n<li><a href='?page_no=13611'>13611<\/a><\/li>\n\n\n\n<li><a href='?page_no=13612'>13612<\/a><\/li>\n\n    \n\t\n\n<li >\n\t<a href='?page_no=757'>Next<\/a>\n\t<\/li>\n\n\n    \n\n<li><a href='?page_no=13612'>Last &rsaquo;&rsaquo;<\/a><\/li>\n\n<\/ul>\n\n\n--><br \/>\n<\/body><\/p>\n","protected":false},"excerpt":{"rendered":"<p>FRANKLIN ALMEYDA RANCIER Juan Bosch insist\u00eda en la necesidad de medir las consecuencias, al celebrar alianzas. Iniciando con posterioridad a la muerte deTrujillo, sostuvo que el PRD deb\u00eda de cuidar su perfil y evitar que al aliarse el pueblo confundiera su identidad. Cuando se fund\u00f3 el PLD, protegi\u00f3 las caracter\u00edsticas que lo perfilaban. Sosten\u00eda, adem\u00e1s, [&hellip;]<\/p>\n","protected":false},"author":3,"featured_media":0,"comment_status":"open","ping_status":"open","sticky":false,"template":"","format":"standard","meta":{"footnotes":""},"categories":[16],"tags":[],"class_list":["post-44781","post","type-post","status-publish","format-standard","hentry","category-opiniones"],"_links":{"self":[{"href":"https:\/\/diariodominicano.com\/index.php?rest_route=\/wp\/v2\/posts\/44781","targetHints":{"allow":["GET"]}}],"collection":[{"href":"https:\/\/diariodominicano.com\/index.php?rest_route=\/wp\/v2\/posts"}],"about":[{"href":"https:\/\/diariodominicano.com\/index.php?rest_route=\/wp\/v2\/types\/post"}],"author":[{"embeddable":true,"href":"https:\/\/diariodominicano.com\/index.php?rest_route=\/wp\/v2\/users\/3"}],"replies":[{"embeddable":true,"href":"https:\/\/diariodominicano.com\/index.php?rest_route=%2Fwp%2Fv2%2Fcomments&post=44781"}],"version-history":[{"count":0,"href":"https:\/\/diariodominicano.com\/index.php?rest_route=\/wp\/v2\/posts\/44781\/revisions"}],"wp:attachment":[{"href":"https:\/\/diariodominicano.com\/index.php?rest_route=%2Fwp%2Fv2%2Fmedia&parent=44781"}],"wp:term":[{"taxonomy":"category","embeddable":true,"href":"https:\/\/diariodominicano.com\/index.php?rest_route=%2Fwp%2Fv2%2Fcategories&post=44781"},{"taxonomy":"post_tag","embeddable":true,"href":"https:\/\/diariodominicano.com\/index.php?rest_route=%2Fwp%2Fv2%2Ftags&post=44781"}],"curies":[{"name":"wp","href":"https:\/\/api.w.org\/{rel}","templated":true}]}}