{"id":447712,"date":"2023-06-16T22:11:21","date_gmt":"2023-06-17T02:11:21","guid":{"rendered":"http:\/\/diariodominicano.com\/?p=447712"},"modified":"2023-06-16T22:15:36","modified_gmt":"2023-06-17T02:15:36","slug":"la-unphu-inaugura-la-primera-edicion-de-market-fest-2023","status":"publish","type":"post","link":"https:\/\/diariodominicano.com\/?p=447712","title":{"rendered":"La UNPHU inaugura la primera edici\u00f3n de Market Fest 2023"},"content":{"rendered":"\n<p> Dr. Leonardo Conde, Lcda. Patricia Matos, Lcdo. V\u00edctor Ito Bison\u00f3, y el Lcdo. Ferm\u00edn Guerrero{<\/p>\n\n\n\n<p> <\/p>\n\n\n\n<figure class=\"wp-block-image size-large\"><img loading=\"lazy\" decoding=\"async\" width=\"1024\" height=\"577\" src=\"https:\/\/diariodominicano.com\/wp-content\/uploads\/2023\/06\/2.-Durante-la-Inauguracion-del-Market-Fest-UNPHU-2023-1024x577.jpg\" alt=\"\" class=\"wp-image-447715\" srcset=\"https:\/\/diariodominicano.com\/wp-content\/uploads\/2023\/06\/2.-Durante-la-Inauguracion-del-Market-Fest-UNPHU-2023-1024x577.jpg 1024w, https:\/\/diariodominicano.com\/wp-content\/uploads\/2023\/06\/2.-Durante-la-Inauguracion-del-Market-Fest-UNPHU-2023-300x169.jpg 300w, https:\/\/diariodominicano.com\/wp-content\/uploads\/2023\/06\/2.-Durante-la-Inauguracion-del-Market-Fest-UNPHU-2023-768x432.jpg 768w, https:\/\/diariodominicano.com\/wp-content\/uploads\/2023\/06\/2.-Durante-la-Inauguracion-del-Market-Fest-UNPHU-2023-1536x865.jpg 1536w, https:\/\/diariodominicano.com\/wp-content\/uploads\/2023\/06\/2.-Durante-la-Inauguracion-del-Market-Fest-UNPHU-2023-2048x1153.jpg 2048w, https:\/\/diariodominicano.com\/wp-content\/uploads\/2023\/06\/2.-Durante-la-Inauguracion-del-Market-Fest-UNPHU-2023-816x459.jpg 816w\" sizes=\"auto, (max-width: 1024px) 100vw, 1024px\" \/><figcaption> 2. Durante la Inauguraci\u00f3n del Market Fest UNPHU 2023 <\/figcaption><\/figure>\n\n\n\n<p>&nbsp;La Universidad Nacional Pedro Henr\u00edquez Ure\u00f1a (UNPHU), inaugur\u00f3 este jueves 15 de junio de 2023, la primera edici\u00f3n de Market Fest UNPHU, festival de mercadeo, organizado por la Facultad de Ciencias Econ\u00f3micas y Sociales y su Escuela de Mercadeo. La actividad se celebrar\u00e1 en la sede de la universidad los d\u00edas jueves 15, viernes 16 y s\u00e1bado 17 de junio. En el festival de mercadeo se estar\u00e1n desarrollando charlas magistrales, feria de empleos, pasant\u00edas, bazar de emprendedores y sorteos.<\/p>\n\n\n\n<p>Con el Market Fest, la universidad busca impulsar las buenas pr\u00e1cticas del marketing tradicional, marketing digital y dar a conocer las nuevas innovaciones y tendencias en materia mercadol\u00f3gica. De igual manera ofrecer un escenario a empresas y a emprendedores donde puedan mostrar sus marcas, hacer networking, y a la vez mantenerse al d\u00eda de las novedades del mercado.<\/p>\n\n\n\n<figure class=\"wp-block-image size-large\"><img loading=\"lazy\" decoding=\"async\" width=\"1024\" height=\"577\" src=\"https:\/\/diariodominicano.com\/wp-content\/uploads\/2023\/06\/3.-Leonardo-Conde-Patricia-Matos-Victor-Ito-Bisono-Fermin-Guerrero-y-Isis-Birmania-Rojas-en-el-corte-de-cinta-del-Market-Fest-UNPHU-1024x577.jpg\" alt=\"\" class=\"wp-image-447717\" srcset=\"https:\/\/diariodominicano.com\/wp-content\/uploads\/2023\/06\/3.-Leonardo-Conde-Patricia-Matos-Victor-Ito-Bisono-Fermin-Guerrero-y-Isis-Birmania-Rojas-en-el-corte-de-cinta-del-Market-Fest-UNPHU-1024x577.jpg 1024w, https:\/\/diariodominicano.com\/wp-content\/uploads\/2023\/06\/3.-Leonardo-Conde-Patricia-Matos-Victor-Ito-Bisono-Fermin-Guerrero-y-Isis-Birmania-Rojas-en-el-corte-de-cinta-del-Market-Fest-UNPHU-300x169.jpg 300w, https:\/\/diariodominicano.com\/wp-content\/uploads\/2023\/06\/3.-Leonardo-Conde-Patricia-Matos-Victor-Ito-Bisono-Fermin-Guerrero-y-Isis-Birmania-Rojas-en-el-corte-de-cinta-del-Market-Fest-UNPHU-768x432.jpg 768w, https:\/\/diariodominicano.com\/wp-content\/uploads\/2023\/06\/3.-Leonardo-Conde-Patricia-Matos-Victor-Ito-Bisono-Fermin-Guerrero-y-Isis-Birmania-Rojas-en-el-corte-de-cinta-del-Market-Fest-UNPHU-1536x865.jpg 1536w, https:\/\/diariodominicano.com\/wp-content\/uploads\/2023\/06\/3.-Leonardo-Conde-Patricia-Matos-Victor-Ito-Bisono-Fermin-Guerrero-y-Isis-Birmania-Rojas-en-el-corte-de-cinta-del-Market-Fest-UNPHU-2048x1153.jpg 2048w, https:\/\/diariodominicano.com\/wp-content\/uploads\/2023\/06\/3.-Leonardo-Conde-Patricia-Matos-Victor-Ito-Bisono-Fermin-Guerrero-y-Isis-Birmania-Rojas-en-el-corte-de-cinta-del-Market-Fest-UNPHU-816x459.jpg 816w\" sizes=\"auto, (max-width: 1024px) 100vw, 1024px\" \/><figcaption> Leonardo Conde, Patricia Matos, V\u00edctor Ito Bison\u00f3, Ferm\u00edn Guerrero y Isis Birmania Rojas en el corte de cinta del Market Fest UNPHU <\/figcaption><\/figure>\n\n\n\n<p>Asistieron al evento autoridades de la UNPHU entre ellos: la vicerrectora acad\u00e9mica, la Lcda. Patricia Matos; el decano de la Facultad de Ciencias Econ\u00f3micas y Sociales, Dr. Leonardo Conde; y el Lic. Ferm\u00edn Guerrero, director de la Escuela de Mercadeo. Cont\u00f3 con la presencia del Lcdo. V\u00edctor Ito Bison\u00f3, ministro de Industria, Comercio y Mipymes.<\/p>\n\n\n\n<p>Los patrocinadores de la actividad son: MICM, Pepsi, Supermix, INTRANT, Impuestos Internos;&nbsp; Vilma Foods, MUNNE, Epsilon, Mechas M\u00e1gicas, Rojas Lee- Rojas Company; Fundaci\u00f3n Un Amigo Como T\u00fa, Billy Hair&nbsp; Dresser, Retribuci\u00f3n con Amor, ADN Santo Domingo, Eminent Built Different; Villa Dominic, Almacenes Le\u00f3n, La Ximena, Baskin Robbins; Pizarrelli, Helados Holis, Te Burgery y More by Andr\u00e9s Pe\u00f1a, SC Cabrera Events and More by Soraya Cabrera; JHEHECS GROUP, S.R.L, DEYA by Dewi Pe\u00f1a, Imposdom, y Horatio.&nbsp;<\/p>\n\n\n\n<p>Para m\u00e1s informaci\u00f3n visita @markteam.unphu en Instagram, o v\u00eda correo: <a href=\"mailto:md20-1155@unphu.edu.do\">md20-1155@unphu.edu.do<\/a><\/p>\n\n\n\n<p>Yajaira Soriano Victoriano<a target=\"_blank\" href=\"mailto:ysoriano@unphu.edu.do\" rel=\"noreferrer noopener\">ysoriano@unphu.edu.do<\/a><\/p>\n\n\n\n<p>Yajaira Soriano \/ Gerente de la Unidad de Relaciones P\u00fablicas y Marketing<\/p>\n\n\n\n<p>Contacto: 849- 803-2022<\/p>\n","protected":false},"excerpt":{"rendered":"<p>Dr. Leonardo Conde, Lcda. Patricia Matos, Lcdo. V\u00edctor Ito Bison\u00f3, y el Lcdo. Ferm\u00edn Guerrero{ &nbsp;La Universidad Nacional Pedro Henr\u00edquez Ure\u00f1a (UNPHU), inaugur\u00f3 este jueves 15 de junio de 2023, la primera edici\u00f3n de Market Fest UNPHU, festival de mercadeo, organizado por la Facultad de Ciencias Econ\u00f3micas y Sociales y su Escuela de Mercadeo. La [&hellip;]<\/p>\n","protected":false},"author":28,"featured_media":447713,"comment_status":"closed","ping_status":"","sticky":true,"template":"","format":"standard","meta":{"footnotes":""},"categories":[36,18,27,32],"tags":[],"class_list":["post-447712","post","type-post","status-publish","format-standard","has-post-thumbnail","hentry","category-hombresmujeresycosas","category-economia","category-portada","category-turismo"],"_links":{"self":[{"href":"https:\/\/diariodominicano.com\/index.php?rest_route=\/wp\/v2\/posts\/447712","targetHints":{"allow":["GET"]}}],"collection":[{"href":"https:\/\/diariodominicano.com\/index.php?rest_route=\/wp\/v2\/posts"}],"about":[{"href":"https:\/\/diariodominicano.com\/index.php?rest_route=\/wp\/v2\/types\/post"}],"author":[{"embeddable":true,"href":"https:\/\/diariodominicano.com\/index.php?rest_route=\/wp\/v2\/users\/28"}],"replies":[{"embeddable":true,"href":"https:\/\/diariodominicano.com\/index.php?rest_route=%2Fwp%2Fv2%2Fcomments&post=447712"}],"version-history":[{"count":4,"href":"https:\/\/diariodominicano.com\/index.php?rest_route=\/wp\/v2\/posts\/447712\/revisions"}],"predecessor-version":[{"id":447719,"href":"https:\/\/diariodominicano.com\/index.php?rest_route=\/wp\/v2\/posts\/447712\/revisions\/447719"}],"wp:featuredmedia":[{"embeddable":true,"href":"https:\/\/diariodominicano.com\/index.php?rest_route=\/wp\/v2\/media\/447713"}],"wp:attachment":[{"href":"https:\/\/diariodominicano.com\/index.php?rest_route=%2Fwp%2Fv2%2Fmedia&parent=447712"}],"wp:term":[{"taxonomy":"category","embeddable":true,"href":"https:\/\/diariodominicano.com\/index.php?rest_route=%2Fwp%2Fv2%2Fcategories&post=447712"},{"taxonomy":"post_tag","embeddable":true,"href":"https:\/\/diariodominicano.com\/index.php?rest_route=%2Fwp%2Fv2%2Ftags&post=447712"}],"curies":[{"name":"wp","href":"https:\/\/api.w.org\/{rel}","templated":true}]}}