{"id":447703,"date":"2023-06-16T18:02:31","date_gmt":"2023-06-16T22:02:31","guid":{"rendered":"http:\/\/diariodominicano.com\/?p=447703"},"modified":"2023-06-16T22:23:52","modified_gmt":"2023-06-17T02:23:52","slug":"uasd-develiza-busto-en-honor-a-jose-francisco-pena-gomez","status":"publish","type":"post","link":"https:\/\/diariodominicano.com\/?p=447703","title":{"rendered":"UASD develiza busto en honor a Jos\u00e9 Francisco Pe\u00f1a G\u00f3mez"},"content":{"rendered":"\n<p class=\"wp-block-paragraph\"> La actividad, estuvo encabezada por el director del Centro de Recursos para el Aprendizaje y la Investigaci\u00f3n de la Biblioteca Pedro Mir (CRAI-BPM), doctor Augusto Bravo y el maestro Julio C\u00e9sar Marmolejos, director de Servicios Bibliogr\u00e1ficos de la Biblioteca Pedro Mir. <\/p>\n\n\n\n<figure class=\"wp-block-image size-large\"><img loading=\"lazy\" decoding=\"async\" width=\"683\" height=\"1024\" src=\"https:\/\/diariodominicano.com\/wp-content\/uploads\/2023\/06\/EG2A4214-1-683x1024.jpg\" alt=\"\" class=\"wp-image-447707\" srcset=\"https:\/\/diariodominicano.com\/wp-content\/uploads\/2023\/06\/EG2A4214-1-683x1024.jpg 683w, https:\/\/diariodominicano.com\/wp-content\/uploads\/2023\/06\/EG2A4214-1-200x300.jpg 200w, https:\/\/diariodominicano.com\/wp-content\/uploads\/2023\/06\/EG2A4214-1-768x1152.jpg 768w, https:\/\/diariodominicano.com\/wp-content\/uploads\/2023\/06\/EG2A4214-1-1024x1536.jpg 1024w, https:\/\/diariodominicano.com\/wp-content\/uploads\/2023\/06\/EG2A4214-1-1365x2048.jpg 1365w, https:\/\/diariodominicano.com\/wp-content\/uploads\/2023\/06\/EG2A4214-1-816x1224.jpg 816w, https:\/\/diariodominicano.com\/wp-content\/uploads\/2023\/06\/EG2A4214-1-scaled.jpg 1707w\" sizes=\"auto, (max-width: 683px) 100vw, 683px\" \/><figcaption> &nbsp;&nbsp;La actividad se llev\u00f3 a cabo en el marco de la conmemoraci\u00f3n del 25 aniversario del fallecimiento del extinto l\u00edder pol\u00edtico Jos\u00e9 Francisco Pe\u00f1a G\u00f3mez. <\/figcaption><\/figure>\n\n\n\n<figure class=\"wp-block-image size-large\"><img loading=\"lazy\" decoding=\"async\" width=\"1024\" height=\"683\" src=\"https:\/\/diariodominicano.com\/wp-content\/uploads\/2023\/06\/EG2A4208-1024x683.jpg\" alt=\"\" class=\"wp-image-447705\" srcset=\"https:\/\/diariodominicano.com\/wp-content\/uploads\/2023\/06\/EG2A4208-1024x683.jpg 1024w, https:\/\/diariodominicano.com\/wp-content\/uploads\/2023\/06\/EG2A4208-300x200.jpg 300w, https:\/\/diariodominicano.com\/wp-content\/uploads\/2023\/06\/EG2A4208-768x512.jpg 768w, https:\/\/diariodominicano.com\/wp-content\/uploads\/2023\/06\/EG2A4208-1536x1024.jpg 1536w, https:\/\/diariodominicano.com\/wp-content\/uploads\/2023\/06\/EG2A4208-2048x1365.jpg 2048w, https:\/\/diariodominicano.com\/wp-content\/uploads\/2023\/06\/EG2A4208-816x544.jpg 816w\" sizes=\"auto, (max-width: 1024px) 100vw, 1024px\" \/><figcaption> Doctor Antonio Medina, director general de Cooperaci\u00f3n y Relaciones&nbsp; Nacionales e Internacionales de la academia. <\/figcaption><\/figure>\n\n\n\n<p class=\"wp-block-paragraph\"> <strong>&nbsp;<\/strong><\/p>\n\n\n\n<p class=\"wp-block-paragraph\">\u00b7&nbsp;&nbsp;&nbsp;&nbsp;&nbsp;&nbsp;&nbsp;<em>\u201cPe\u00f1a G\u00f3mez muri\u00f3 f\u00edsicamente pero su herencia y referente hist\u00f3rico ser\u00e1 eterno y estar\u00e1n presentes para las futuras generaciones como un personaje emblem\u00e1tico\u201d, Antonio Medina, durante actividad organizada por el doctor Augusto Bravo.<\/em><\/p>\n\n\n\n<p class=\"wp-block-paragraph\"><\/p>\n\n\n\n<p class=\"wp-block-paragraph\">La Universidad Autonoma de Santo Domingo (UASD), en coordinaci\u00f3n con la Vicerrector\u00eda de Extensi\u00f3n, conmemor\u00f3 este viernes el vig\u00e9simo quinto aniversario del fallecimiento del doctor Pe\u00f1a G\u00f3mez, ocurrido el 10 de mayo de 1998.<\/p>\n\n\n\n<figure class=\"wp-block-image size-large\"><img loading=\"lazy\" decoding=\"async\" width=\"1024\" height=\"683\" src=\"https:\/\/diariodominicano.com\/wp-content\/uploads\/2023\/06\/EG2A4169-1024x683.jpg\" alt=\"\" class=\"wp-image-447706\" srcset=\"https:\/\/diariodominicano.com\/wp-content\/uploads\/2023\/06\/EG2A4169-1024x683.jpg 1024w, https:\/\/diariodominicano.com\/wp-content\/uploads\/2023\/06\/EG2A4169-300x200.jpg 300w, https:\/\/diariodominicano.com\/wp-content\/uploads\/2023\/06\/EG2A4169-768x512.jpg 768w, https:\/\/diariodominicano.com\/wp-content\/uploads\/2023\/06\/EG2A4169-1536x1024.jpg 1536w, https:\/\/diariodominicano.com\/wp-content\/uploads\/2023\/06\/EG2A4169-2048x1365.jpg 2048w, https:\/\/diariodominicano.com\/wp-content\/uploads\/2023\/06\/EG2A4169-816x544.jpg 816w\" sizes=\"auto, (max-width: 1024px) 100vw, 1024px\" \/><figcaption> El maestro Augusto Bravo<\/figcaption><\/figure>\n\n\n\n<p class=\"wp-block-paragraph\">La actividad, estuvo encabezada por el director del Centro de Recursos para el Aprendizaje y la Investigaci\u00f3n de la Biblioteca Pedro Mir (CRAI-BPM), doctor Augusto Bravo y el maestro Julio C\u00e9sar Marmolejos, director de Servicios Bibliogr\u00e1ficos de la Biblioteca Pedro Mir.<\/p>\n\n\n\n<p class=\"wp-block-paragraph\">La actividad tuvo lugar en la explanada de la Biblioteca Pedro Mir, la cual cont\u00f3 con la asistencia de funcionarios acad\u00e9micos, profesores, personal administrativo, as\u00ed como estudiantes.<\/p>\n\n\n\n<p class=\"wp-block-paragraph\">El maestro Augusto Bravo, director general del CRAI-BPM, pronunci\u00f3 las palabras centrales del acto.<\/p>\n\n\n\n<p class=\"wp-block-paragraph\"><\/p>\n\n\n\n<p class=\"wp-block-paragraph\">Dijo que la obra que develizada en honor al l\u00edder pol\u00edtico hist\u00f3rico, abogado y poeta ha de servir de inspiraci\u00f3n a la juventud &nbsp;y a los estudiantes de la academia para el rescate de los valores democr\u00e1ticos en la sociedad dominicana.<\/p>\n\n\n\n<p class=\"wp-block-paragraph\">Durante su intervenci\u00f3n record\u00f3 importantes acontecimientos hist\u00f3ricos nacionales como la revoluci\u00f3n de abril y el Movimiento Renovador Universitario, el cual consider\u00f3 como el legado trascendental de dicho proceso hist\u00f3rico.<\/p>\n\n\n\n<p class=\"wp-block-paragraph\">El doctor Antonio Medina, director general de Cooperaci\u00f3n y Relaciones&nbsp; Nacionales e Internacionales de la academia, destac\u00f3 las cualidades pol\u00edticas del doctor Pe\u00f1a G\u00f3mez y de quien expres\u00f3 que fue un l\u00edder pol\u00edtico que dej\u00f3 un legado con el cual marc\u00f3 su existencia, al tiempo que felicit\u00f3 al artista que labr\u00f3 tan valiosa obra en honor al extinto presidente del Partido Revolucionario Dominicano (PRD).<\/p>\n\n\n\n<p class=\"wp-block-paragraph\">El funcionario acad\u00e9mico destac\u00f3 la importancia de mantener viva la memoria hist\u00f3rica del l\u00edder de masas, as\u00ed como su legado que transciende generaciones.<\/p>\n\n\n\n<p class=\"wp-block-paragraph\">\u201cPe\u00f1a G\u00f3mez muri\u00f3 f\u00edsicamente pero su herencia y referente hist\u00f3rico ser\u00e1 eterno y estar\u00e1n presentes para las futuras generaciones como un personaje emblem\u00e1tico\u201d, plante\u00f3.&nbsp;<\/p>\n\n\n\n<p class=\"wp-block-paragraph\">Mientras Virginio Rinc\u00f3n Valverde, autor de la obra, agradeci\u00f3 el apoyo y explic\u00f3 el valor sentimental de su creaci\u00f3n, tras ofrecer detalles de c\u00f3mo realiz\u00f3 el cuadro que representa la imagen del pol\u00edtico dominicano Pe\u00f1a G\u00f3mez.<\/p>\n\n\n\n<p class=\"wp-block-paragraph\">Dijo que se inspir\u00f3 en la esencia del l\u00edder de masas, de quien sostuvo fue muy cercano y era caracterizado como una persona humilde y sencilla, a pesar de su transcendencia internacional.<\/p>\n\n\n\n<p class=\"wp-block-paragraph\">Rinc\u00f3n Valverde dijo que la obra fue realizada por una compleja t\u00e9cnica art\u00edstica de puntillismo, dibujo en papel y a chin\u00f3grafo, hecho a tinta en diminutos puntos.<\/p>\n\n\n\n<p class=\"wp-block-paragraph\">Adem\u00e1s de los antes mencionados estuvieron presentes durante el evento el doctor Antonio Medina Calca\u00f1o, director general de Cooperaci\u00f3n y Relaciones Nacionales e Internacionales, la subdirectora del CRAI-BPD, Berlin Garc\u00eda, as\u00ed como la subdirectora de la BPM, Judith Castro.<\/p>\n\n\n\n<p class=\"wp-block-paragraph\">Tambi\u00e9n asistieron el maestro Jes\u00fas And\u00fajar, Ram\u00f3n Peralta, presidente de la \u201cFundaci\u00f3n Primada de Am\u00e9rica\u201d; los pasados presidentes de Asodemu, \u00c1ngela N\u00fa\u00f1ez y &nbsp;Fausto Herrera Catalino, y Cesar Ramos (El Chino), as\u00ed como el profesor Fausto Collado, entre otros.<\/p>\n\n\n\n<p class=\"wp-block-paragraph\">La actividad se llev\u00f3 a cabo en el marco de la conmemoraci\u00f3n del 25 aniversario del fallecimiento del extinto l\u00edder pol\u00edtico Jos\u00e9 Francisco Pe\u00f1a G\u00f3mez.<\/p>\n\n\n\n<p class=\"wp-block-paragraph\">Relaciones P\u00fablicas<a target=\"_blank\" href=\"mailto:relacionespublicas@uasd.edu.do\" rel=\"noreferrer noopener\">relacionespublicas@uasd.edu.do<\/a><\/p>\n","protected":false},"excerpt":{"rendered":"<p>La actividad, estuvo encabezada por el director del Centro de Recursos para el Aprendizaje y la Investigaci\u00f3n de la Biblioteca Pedro Mir (CRAI-BPM), doctor Augusto Bravo y el maestro Julio C\u00e9sar Marmolejos, director de Servicios Bibliogr\u00e1ficos de la Biblioteca Pedro Mir. &nbsp; \u00b7&nbsp;&nbsp;&nbsp;&nbsp;&nbsp;&nbsp;&nbsp;\u201cPe\u00f1a G\u00f3mez muri\u00f3 f\u00edsicamente pero su herencia y referente hist\u00f3rico ser\u00e1 eterno y [&hellip;]<\/p>\n","protected":false},"author":28,"featured_media":447704,"comment_status":"closed","ping_status":"","sticky":true,"template":"","format":"standard","meta":{"footnotes":""},"categories":[36,26,22,27],"tags":[],"class_list":["post-447703","post","type-post","status-publish","format-standard","has-post-thumbnail","hentry","category-hombresmujeresycosas","category-efemerides","category-politica","category-portada"],"_links":{"self":[{"href":"https:\/\/diariodominicano.com\/index.php?rest_route=\/wp\/v2\/posts\/447703","targetHints":{"allow":["GET"]}}],"collection":[{"href":"https:\/\/diariodominicano.com\/index.php?rest_route=\/wp\/v2\/posts"}],"about":[{"href":"https:\/\/diariodominicano.com\/index.php?rest_route=\/wp\/v2\/types\/post"}],"author":[{"embeddable":true,"href":"https:\/\/diariodominicano.com\/index.php?rest_route=\/wp\/v2\/users\/28"}],"replies":[{"embeddable":true,"href":"https:\/\/diariodominicano.com\/index.php?rest_route=%2Fwp%2Fv2%2Fcomments&post=447703"}],"version-history":[{"count":3,"href":"https:\/\/diariodominicano.com\/index.php?rest_route=\/wp\/v2\/posts\/447703\/revisions"}],"predecessor-version":[{"id":447728,"href":"https:\/\/diariodominicano.com\/index.php?rest_route=\/wp\/v2\/posts\/447703\/revisions\/447728"}],"wp:featuredmedia":[{"embeddable":true,"href":"https:\/\/diariodominicano.com\/index.php?rest_route=\/wp\/v2\/media\/447704"}],"wp:attachment":[{"href":"https:\/\/diariodominicano.com\/index.php?rest_route=%2Fwp%2Fv2%2Fmedia&parent=447703"}],"wp:term":[{"taxonomy":"category","embeddable":true,"href":"https:\/\/diariodominicano.com\/index.php?rest_route=%2Fwp%2Fv2%2Fcategories&post=447703"},{"taxonomy":"post_tag","embeddable":true,"href":"https:\/\/diariodominicano.com\/index.php?rest_route=%2Fwp%2Fv2%2Ftags&post=447703"}],"curies":[{"name":"wp","href":"https:\/\/api.w.org\/{rel}","templated":true}]}}