{"id":447665,"date":"2023-06-16T15:50:53","date_gmt":"2023-06-16T19:50:53","guid":{"rendered":"http:\/\/diariodominicano.com\/?p=447665"},"modified":"2023-06-16T15:53:46","modified_gmt":"2023-06-16T19:53:46","slug":"el-ministerio-publico-obtiene-prision-preventiva-contra-los-dos-cabecillas-de-red-de-explotacion-sexual-de-menores-de-edad-desmantelada-en-la-romana-mp","status":"publish","type":"post","link":"https:\/\/diariodominicano.com\/?p=447665","title":{"rendered":"El Ministerio P\u00fablico obtiene prisi\u00f3n preventiva contra los dos cabecillas de red de explotaci\u00f3n sexual de menores de edad desmantelada en La Romana: MP"},"content":{"rendered":"\n<p>LA ROMANA, Rep\u00fablica Dominicana.- El Ministerio P\u00fablico obtuvo ocho meses de prisi\u00f3n preventiva en contra de dos hombres identificados como cabecillas de una red que explot\u00f3 sexualmente en esta provincia a unas quince adolescentes y declar\u00f3 el caso de tramitaci\u00f3n compleja.&nbsp;<\/p>\n\n\n\n<p>La jueza Franchesca Silvestre G\u00e1lvez, de la Oficina Judicial de Servicios de Atenci\u00f3n Permanente de La Romana, dict\u00f3 la prisi\u00f3n preventiva en contra de los dominicanos Yhonfy Joel Acosta N\u00fa\u00f1ez y\/o Jhonfy Joel Acosta N\u00fa\u00f1ez y Yovanny Luima Moni, quienes fueron arrestados el pasado 2 de junio en virtud de la orden judicial No.197-1-OALL-00109-2023,&nbsp;por dedicarse a la explotaci\u00f3n sexual de adolescentes con edades entre los 13 y 17 a\u00f1os de edad.<\/p>\n\n\n\n<p>Por disposici\u00f3n del tribunal Acosta N\u00fa\u00f1ez y Luima Moni, quienes son imputados por delitos de trata de personas, bajo la modalidad de explotaci\u00f3n sexual de adolescentes, cumplir\u00e1n la prisi\u00f3n preventiva en el Centro de Correcci\u00f3n y Rehabilitaci\u00f3n (CCR) Cucama, de La Romana.&nbsp;&nbsp;<\/p>\n\n\n\n<p>Los procesados fueron arrestados durante un allanamiento en una casa en La Romana, realizado en el transcurso de las pesquisas.&nbsp;En el lugar adem\u00e1s fueron rescatadas nueve adolescentes y se incautaron bebidas alcoh\u00f3licas y preservativos.<\/p>\n\n\n\n<p>La medida fue dictada con base en diferentes evidencias aportadas por los fiscales Ginna Mat\u00edas y F\u00e9lix Rijo, de la Procuradur\u00eda Especializada contra el Tr\u00e1fico Il\u00edcito de Migrantes y Trata de Personas (PETT) y la Fiscal\u00eda de La Romana, respectivamente, ambos a cargo de la investigaci\u00f3n y litigaci\u00f3n del caso.&nbsp;<\/p>\n\n\n\n<p>La PETT y la Fiscal\u00eda de La Romana se\u00f1alan en la solicitud de medida de coerci\u00f3n que la red criminal se dedicaba a captar a adolescentes v\u00eda la plataforma de una red social, as\u00ed como en distintas escuelas de La Romana, para ofrecerles un supuesto trabajo en un complejo tur\u00edstico de esta provincia, donde luego eran ofrecidas a cambio de remuneraciones econ\u00f3micas a clientes de nacionalidad extranjera que se hospedan en el lugar.&nbsp;<\/p>\n\n\n\n<p>Los imputados trasladaban a las adolescentes a diferentes lugares a bordo del veh\u00edculo marca Hyundai, modelo Sonata, color azul, coaccion\u00e1ndolas y explot\u00e1ndolas sexualmente por sumas de dinero que oscilaban entre los US$150 y US$175 d\u00f3lares estadounidenses, esto, incluso, en horario de escolaridad.&nbsp;<\/p>\n\n\n\n<p>La instancia detalla que los imputados, aprovech\u00e1ndose de la situaci\u00f3n de vulnerabilidad de las v\u00edctimas, dada por su g\u00e9nero, situaci\u00f3n socioecon\u00f3mica y estado de minor\u00eda de edad, le ofrec\u00edan sumas de dinero y objetos para luego explotarlas sexualmente, lo cual, seg\u00fan se ha determinado, le ha provocado da\u00f1os psicol\u00f3gicos.&nbsp;<\/p>\n\n\n\n<p>Luego de ser arrestado por su vinculaci\u00f3n a la actividad del crimen organizado al imputado Luima Moni se le ocup\u00f3 la cantidad de setenta y cinco mil pesos dominicanos (RD$75.000.00), mientras que a Acosta N\u00fa\u00f1ez le fue incautado un celular marca Samsung, modelo Galaxy A51, entre otros objetos.&nbsp;<\/p>\n\n\n\n<p>Las autoridades adem\u00e1s han ocupado en el proceso otros tel\u00e9fonos m\u00f3viles de diferentes marcas y prendas de vestir y otros ajuares femeninos, entre otras pertenencias.&nbsp;<\/p>\n\n\n\n<p>El caso ha recibido la calificaci\u00f3n jur\u00eddica de trata de personas con fines de explotaci\u00f3n sexual (agravado), los cuales se encuentran tipificados y sancionados en las disposiciones de los art\u00edculos: 1 (a), (h); 3 y 7, letras C, D, y E, de la Ley 137-03 sobre el Tr\u00e1fico il\u00edcito de Migrantes y Trata de Personas, y de los art\u00edculos 330 y 331 del C\u00f3digo Penal Dominicano.&nbsp;<\/p>\n\n\n\n<p><strong>Direcci\u00f3n General de Comunicaci\u00f3n, Prensa, y RRPP<\/strong><\/p>\n\n\n\n<p>Ministerio P\u00fablico.&nbsp;R.D.<\/p>\n\n\n\n<p>Lunes, 16 de junio de 2023.<\/p>\n","protected":false},"excerpt":{"rendered":"<p>LA ROMANA, Rep\u00fablica Dominicana.- El Ministerio P\u00fablico obtuvo ocho meses de prisi\u00f3n preventiva en contra de dos hombres identificados como cabecillas de una red que explot\u00f3 sexualmente en esta provincia a unas quince adolescentes y declar\u00f3 el caso de tramitaci\u00f3n compleja.&nbsp; La jueza Franchesca Silvestre G\u00e1lvez, de la Oficina Judicial de Servicios de Atenci\u00f3n Permanente [&hellip;]<\/p>\n","protected":false},"author":28,"featured_media":344836,"comment_status":"closed","ping_status":"","sticky":true,"template":"","format":"standard","meta":{"footnotes":""},"categories":[24,29,27],"tags":[],"class_list":["post-447665","post","type-post","status-publish","format-standard","has-post-thumbnail","hentry","category-justicia-y-derecho","category-policiasucesos","category-portada"],"_links":{"self":[{"href":"https:\/\/diariodominicano.com\/index.php?rest_route=\/wp\/v2\/posts\/447665","targetHints":{"allow":["GET"]}}],"collection":[{"href":"https:\/\/diariodominicano.com\/index.php?rest_route=\/wp\/v2\/posts"}],"about":[{"href":"https:\/\/diariodominicano.com\/index.php?rest_route=\/wp\/v2\/types\/post"}],"author":[{"embeddable":true,"href":"https:\/\/diariodominicano.com\/index.php?rest_route=\/wp\/v2\/users\/28"}],"replies":[{"embeddable":true,"href":"https:\/\/diariodominicano.com\/index.php?rest_route=%2Fwp%2Fv2%2Fcomments&post=447665"}],"version-history":[{"count":2,"href":"https:\/\/diariodominicano.com\/index.php?rest_route=\/wp\/v2\/posts\/447665\/revisions"}],"predecessor-version":[{"id":447669,"href":"https:\/\/diariodominicano.com\/index.php?rest_route=\/wp\/v2\/posts\/447665\/revisions\/447669"}],"wp:featuredmedia":[{"embeddable":true,"href":"https:\/\/diariodominicano.com\/index.php?rest_route=\/wp\/v2\/media\/344836"}],"wp:attachment":[{"href":"https:\/\/diariodominicano.com\/index.php?rest_route=%2Fwp%2Fv2%2Fmedia&parent=447665"}],"wp:term":[{"taxonomy":"category","embeddable":true,"href":"https:\/\/diariodominicano.com\/index.php?rest_route=%2Fwp%2Fv2%2Fcategories&post=447665"},{"taxonomy":"post_tag","embeddable":true,"href":"https:\/\/diariodominicano.com\/index.php?rest_route=%2Fwp%2Fv2%2Ftags&post=447665"}],"curies":[{"name":"wp","href":"https:\/\/api.w.org\/{rel}","templated":true}]}}