{"id":44759,"date":"2019-04-10T19:40:05","date_gmt":"2019-04-10T19:40:05","guid":{"rendered":"http:\/\/diariodominicano.ddns.net\/?p=44759"},"modified":"2019-04-10T19:40:05","modified_gmt":"2019-04-10T19:40:05","slug":"la-reforma-del-sector-salud","status":"publish","type":"post","link":"https:\/\/diariodominicano.com\/?p=44759","title":{"rendered":"&#13;LA REFORMA DEL SECTOR SALUD"},"content":{"rendered":"<p><body><\/p>\n<p>EL TIRO RAPIDO<\/p>\n<\/p>\n<\/p>\n<p>Educaci\u00f3n y Salud figuran a la cabeza del programa de servicios que el Estado est\u00e1 obligado a prestar a los ciudadanos. Y el acceso a ambas en forma gratuita y en condiciones de calidad, se considera un derecho humano esencial.<\/p>\n<\/p>\n<\/p>\n<p>En el caso de la Educaci\u00f3n a trav\u00e9s de una sostenida e inteligente campa\u00f1a c\u00edvica de reclamo se logr\u00f3 que Danilo Medina, en los mismos inicios de su primer gobierno, asumiera como prioridad dar vigencia a la ley que dispon\u00eda la entrega del cuatro por ciento del Producto Interno Bruto.<\/p>\n<\/p>\n<\/p>\n<p>Si bien todav\u00eda queda mucho trecho por transitar, vac\u00edos que llenar, escollos que superar y hojas del almanaque que caer para lograr el ideal de una Educaci\u00f3n de calidad que es el objetivo fundamental perseguido, al menos se dispone de los recursos establecidos, cuota que se  ha venido cumpliendo religiosamente a\u00f1o tras a\u00f1o.<\/p>\n<\/p>\n<\/p>\n<p>No ha ocurrido as\u00ed con el sector Salud.  Pese a su importancia fundamental, ha venido desenvolvi\u00e9ndose en condiciones extremadamente precarias, con frecuencia conflictivas y disponiendo de un presupuesto a todas luces insuficiente para poder cumplir con el deber de prestar las atenciones b\u00e1sicas requeridas por la poblaci\u00f3n.   <\/p>\n<\/p>\n<\/p>\n<p>Carente de medios para acceder a prestaciones de calidad en el sector privado, la inmensa mayor\u00eda de la poblaci\u00f3n se ve obligada a depender de un sistema hospitalario altamente deficiente y deficitario, en que resaltan las precariedades, carencias y bajo nivel de atenciones, y donde los justificados motivos de queja superan con mucho las muy contadas razones de satisfacci\u00f3n.<\/p>\n<\/p>\n<\/p>\n<p>De ah\u00ed que conscientes de esa realidad, haya sido acogida con calor por parte de varios de los m\u00e1s connotados actores del sistema la propuesta del Pacto por la reforma estructural del sector Salud planteada a los partidos pol\u00edticos por las instituciones que conforman la Alianza por el Derecho a la Salud (ADESA).<\/p>\n<\/p>\n<\/p>\n<p>Desde sus respectivos \u00e1ngulos y posiciones, resultan en este sentido coincidentes en brindarle su apoyo los doctores Nelson Rodr\u00edguez Monegro, ex director del Servicio Nacional de Salud, su actual director Chanel Rosa Chuppany, el presidente del Colegio M\u00e9dico Dominicano, Wilson Rosa, Julio Amado Casta\u00f1os Guzm\u00e1n, rector de UNIBE y Gran Maestro de la Medicina Dominicana y el reconocido experto en Seguridad Social, Arismendy D\u00edaz Santana.<\/p>\n<\/p>\n<\/p>\n<p>Todas son voces conocidas y respetadas que corresponden a profundos conocedores de las precariedades que aquejan al sector de la salud p\u00fablica en nuestro pa\u00eds y que han estado tradicionalmente comprometidos con todo esfuerzo encaminado a mejorarla.<\/p>\n<\/p>\n<\/p>\n<p>La propuesta de ADESA conlleva como es natural el reclamo de una mucho m\u00e1s significativa partida presupuestaria para poder acometer y sustentar la tan necesaria tarea en todos sus aspectos fundamentales.  A ese efecto,  demanda la asignaci\u00f3n de un cinco por ciento del presupuesto para poder garantizar a la poblaci\u00f3n la prestaci\u00f3n de servicios de salud en la cantidad y calidad requeridos.<\/p>\n<\/p>\n<\/p>\n<p>Falta ahora que los partidos pol\u00edticos acojan la propuesta y la traduzcan en un compromiso firme y serio, y de com\u00fan acuerdo sea llevada al Congreso para convertirla en ley d\u00e1ndole sustentaci\u00f3n jur\u00eddica, como un tema prioritario  del m\u00e1s alto inter\u00e9s nacional y de continuidad como pol\u00edtica de Estado. <\/p>\n<\/p>\n<\/p>\n<\/p>\n<\/p>\n<\/p>\n<\/p>\n<\/p>\n<\/p>\n<\/p>\n<\/p>\n<h6> 2019-04-10 19:40:05 <\/h6>\n<p><!--\n<link rel=\"stylesheet\" href=\"css\/bootstrap.min.css\">\n\n\n<ul class=\"pagination\">\n\t    \n\t\n\n<li >\n\t<a href='?page_no=753'>Previous<\/a>\n\t<\/li>\n\n\n       \n    \n\n<li><a href='?page_no=1'>1<\/a><\/li>\n\n\n\n<li><a href='?page_no=2'>2<\/a><\/li>\n\n\n\n<li><a>...<\/a><\/li>\n\n\n\n<li><a href='?page_no=752'>752<\/a><\/li>\n\n\n\n<li><a href='?page_no=753'>753<\/a><\/li>\n\n\n\n<li class='active'><a>754<\/a><\/li>\n\n\n\n<li><a href='?page_no=755'>755<\/a><\/li>\n\n\n\n<li><a href='?page_no=756'>756<\/a><\/li>\n\n\n\n<li><a>...<\/a><\/li>\n\n\n\n<li><a href='?page_no=13611'>13611<\/a><\/li>\n\n\n\n<li><a href='?page_no=13612'>13612<\/a><\/li>\n\n    \n\t\n\n<li >\n\t<a href='?page_no=755'>Next<\/a>\n\t<\/li>\n\n\n    \n\n<li><a href='?page_no=13612'>Last &rsaquo;&rsaquo;<\/a><\/li>\n\n<\/ul>\n\n\n--><br \/>\n<\/body><\/p>\n","protected":false},"excerpt":{"rendered":"<p>EL TIRO RAPIDO Educaci\u00f3n y Salud figuran a la cabeza del programa de servicios que el Estado est\u00e1 obligado a prestar a los ciudadanos. Y el acceso a ambas en forma gratuita y en condiciones de calidad, se considera un derecho humano esencial. En el caso de la Educaci\u00f3n a trav\u00e9s de una sostenida e [&hellip;]<\/p>\n","protected":false},"author":3,"featured_media":0,"comment_status":"open","ping_status":"open","sticky":false,"template":"","format":"standard","meta":{"footnotes":""},"categories":[16],"tags":[],"class_list":["post-44759","post","type-post","status-publish","format-standard","hentry","category-opiniones"],"_links":{"self":[{"href":"https:\/\/diariodominicano.com\/index.php?rest_route=\/wp\/v2\/posts\/44759","targetHints":{"allow":["GET"]}}],"collection":[{"href":"https:\/\/diariodominicano.com\/index.php?rest_route=\/wp\/v2\/posts"}],"about":[{"href":"https:\/\/diariodominicano.com\/index.php?rest_route=\/wp\/v2\/types\/post"}],"author":[{"embeddable":true,"href":"https:\/\/diariodominicano.com\/index.php?rest_route=\/wp\/v2\/users\/3"}],"replies":[{"embeddable":true,"href":"https:\/\/diariodominicano.com\/index.php?rest_route=%2Fwp%2Fv2%2Fcomments&post=44759"}],"version-history":[{"count":0,"href":"https:\/\/diariodominicano.com\/index.php?rest_route=\/wp\/v2\/posts\/44759\/revisions"}],"wp:attachment":[{"href":"https:\/\/diariodominicano.com\/index.php?rest_route=%2Fwp%2Fv2%2Fmedia&parent=44759"}],"wp:term":[{"taxonomy":"category","embeddable":true,"href":"https:\/\/diariodominicano.com\/index.php?rest_route=%2Fwp%2Fv2%2Fcategories&post=44759"},{"taxonomy":"post_tag","embeddable":true,"href":"https:\/\/diariodominicano.com\/index.php?rest_route=%2Fwp%2Fv2%2Ftags&post=44759"}],"curies":[{"name":"wp","href":"https:\/\/api.w.org\/{rel}","templated":true}]}}