{"id":447547,"date":"2023-06-16T09:09:50","date_gmt":"2023-06-16T13:09:50","guid":{"rendered":"http:\/\/diariodominicano.com\/?p=447547"},"modified":"2023-06-16T09:20:24","modified_gmt":"2023-06-16T13:20:24","slug":"ministerio-publico-avanza-en-presentacion-de-pruebas-contra-acusado-por-asesinato-de-abogada-languasco-mp","status":"publish","type":"post","link":"https:\/\/diariodominicano.com\/?p=447547","title":{"rendered":"Ministerio P\u00fablico avanza en presentaci\u00f3n de pruebas contra acusado por asesinato de abogada Languasco: MP"},"content":{"rendered":"\n<p>Archivo: En la composici\u00f3n gr\u00e1fica Paola Margaret Languasco y Ambiorix Nepomuceno Rodr\u00edguez.<\/p>\n\n\n\n<p>SANTIAGO, Rep\u00fablica Dominicana.- La Fiscal\u00eda de Santiago avanza en la presentaci\u00f3n de las pruebas que obtuvo en el curso de la investigaci\u00f3n contra&nbsp; Ambiorix Nepomuceno Rodr\u00edguez, a quien le atribuye el asesinato, en el a\u00f1o 2015, de la abogada puertoplate\u00f1a Paola Margaret Languasco, cuyo cuerpo luego lanz\u00f3 a un registro de alcantarillado en el sector Jardines del Norte de esta demarcaci\u00f3n.&nbsp;<\/p>\n\n\n\n<p>El juicio, que se desarrolla en el Primer Tribunal Colegiado de esta jurisdicci\u00f3n, continuar\u00e1 el pr\u00f3ximo lunes 19 de junio.&nbsp;<\/p>\n\n\n\n<p>Tras m\u00e1s de 7 horas de audiencia, el tribunal dispuso la suspensi\u00f3n del juicio, basado en lo que establece el art\u00edculo 315, numeral 3, del C\u00f3digo Procesal Penal, que le confiere al juzgador la potestad para decidir sobre la suspensi\u00f3n, anulaci\u00f3n o receso de una audiencia.&nbsp;<\/p>\n\n\n\n<p>La representante del Ministerio P\u00fablico, flscal Jenniffer Rodr\u00edguez, present\u00f3 al tribunal el voluminoso pliego de elementos probatorios que incluyen periciales, testimoniales,&nbsp;documentales, materiales y en audiovisual, que evidencian la responsabilidad penal del acusado Ambiorix Nepomuceno Rodr\u00edguez con el crimen.&nbsp;<\/p>\n\n\n\n<p>Nepomuceno enfrenta cargos por el asesinato a tiros de la abogada, ocurrido en esta provincia en el a\u00f1o 2015, y en un crimen que el C\u00f3digo Penal Dominicano tipifica y sanciona en los art\u00edculos 59, 60, 265, 266, 295 y 302.&nbsp;<\/p>\n\n\n\n<p>Entre las pruebas audiovisuales, el Ministerio P\u00fablico posee un video de una c\u00e1mara de vigilancia en la que se observa al acusado junto a dos de sus c\u00f3mplices, quienes guardan prisi\u00f3n condenados por el hecho, tras hall\u00e1rseles culpables de asociaci\u00f3n de malhechores y de actuar en complicidad con el acusado principal.&nbsp;<\/p>\n\n\n\n<p>En la pr\u00f3xima audiencia, la Fiscal\u00eda pronunciar\u00e1 su discurso de clausura, una reiteraci\u00f3n de la acusaci\u00f3n que ha instrumentado contra el procesado y tras la cual espera obtener una condena justa que pueda resarcir en materia penal el agravio causado.<\/p>\n\n\n\n<p><strong>Direcci\u00f3n General de Comunicaci\u00f3n, Prensa, y RRPP<\/strong><strong><\/strong><\/p>\n\n\n\n<p>Ministerio P\u00fablico.&nbsp;R.D.<\/p>\n\n\n\n<p>Jueves, 15 de junio de 2023.<\/p>\n","protected":false},"excerpt":{"rendered":"<p>Archivo: En la composici\u00f3n gr\u00e1fica Paola Margaret Languasco y Ambiorix Nepomuceno Rodr\u00edguez. SANTIAGO, Rep\u00fablica Dominicana.- La Fiscal\u00eda de Santiago avanza en la presentaci\u00f3n de las pruebas que obtuvo en el curso de la investigaci\u00f3n contra&nbsp; Ambiorix Nepomuceno Rodr\u00edguez, a quien le atribuye el asesinato, en el a\u00f1o 2015, de la abogada puertoplate\u00f1a Paola Margaret Languasco, [&hellip;]<\/p>\n","protected":false},"author":28,"featured_media":447548,"comment_status":"closed","ping_status":"","sticky":true,"template":"","format":"standard","meta":{"footnotes":""},"categories":[24,29,27],"tags":[],"class_list":["post-447547","post","type-post","status-publish","format-standard","has-post-thumbnail","hentry","category-justicia-y-derecho","category-policiasucesos","category-portada"],"_links":{"self":[{"href":"https:\/\/diariodominicano.com\/index.php?rest_route=\/wp\/v2\/posts\/447547","targetHints":{"allow":["GET"]}}],"collection":[{"href":"https:\/\/diariodominicano.com\/index.php?rest_route=\/wp\/v2\/posts"}],"about":[{"href":"https:\/\/diariodominicano.com\/index.php?rest_route=\/wp\/v2\/types\/post"}],"author":[{"embeddable":true,"href":"https:\/\/diariodominicano.com\/index.php?rest_route=\/wp\/v2\/users\/28"}],"replies":[{"embeddable":true,"href":"https:\/\/diariodominicano.com\/index.php?rest_route=%2Fwp%2Fv2%2Fcomments&post=447547"}],"version-history":[{"count":2,"href":"https:\/\/diariodominicano.com\/index.php?rest_route=\/wp\/v2\/posts\/447547\/revisions"}],"predecessor-version":[{"id":447556,"href":"https:\/\/diariodominicano.com\/index.php?rest_route=\/wp\/v2\/posts\/447547\/revisions\/447556"}],"wp:featuredmedia":[{"embeddable":true,"href":"https:\/\/diariodominicano.com\/index.php?rest_route=\/wp\/v2\/media\/447548"}],"wp:attachment":[{"href":"https:\/\/diariodominicano.com\/index.php?rest_route=%2Fwp%2Fv2%2Fmedia&parent=447547"}],"wp:term":[{"taxonomy":"category","embeddable":true,"href":"https:\/\/diariodominicano.com\/index.php?rest_route=%2Fwp%2Fv2%2Fcategories&post=447547"},{"taxonomy":"post_tag","embeddable":true,"href":"https:\/\/diariodominicano.com\/index.php?rest_route=%2Fwp%2Fv2%2Ftags&post=447547"}],"curies":[{"name":"wp","href":"https:\/\/api.w.org\/{rel}","templated":true}]}}