{"id":447539,"date":"2023-06-16T08:52:29","date_gmt":"2023-06-16T12:52:29","guid":{"rendered":"http:\/\/diariodominicano.com\/?p=447539"},"modified":"2023-06-16T09:21:49","modified_gmt":"2023-06-16T13:21:49","slug":"ministerio-publico-obtiene-tres-meses-de-prision-preventiva-contra-tres-hombres-que-violaron-a-una-adolescente-en-sabana-perdida","status":"publish","type":"post","link":"https:\/\/diariodominicano.com\/?p=447539","title":{"rendered":"Ministerio P\u00fablico obtiene tres meses de prisi\u00f3n preventiva contra tres hombres que violaron a una adolescente en Sabana Perdida"},"content":{"rendered":"\n<p>SANTO DOMINGO, Rep\u00fablica Dominicana.- El Ministerio P\u00fablico obtuvo&nbsp; el  jueves tres meses de prisi\u00f3n preventiva en contra de tres hombres que fueron arrestados tras ejecutarse en su contra una orden judicial por estar vinculados a la violaci\u00f3n sexual de una adolescente de 14 a\u00f1os de edad, en un hecho ocurrido en el sector Sabana Perdida, de Santo Domingo Norte.<\/p>\n\n\n\n<p>El juez Leomar Cruz, de la Oficina Judicial de Servicios de Atenci\u00f3n Permanente de Santo Domingo Este, dict\u00f3 la medida de coerci\u00f3n a los imputados Jos\u00e9 Gabriel Genao Paredes (Nonore), Yeison F\u00e9lix Corpor\u00e1n Mora (Mariao) y Alexander Rivas (Uber) o Uber Alexander Rivera Valenzuela (Uber), por la violaci\u00f3n sexual cometida contra la adolescente, de quien se omite su nombre por razones legales.<\/p>\n\n\n\n<p>Los tres deber\u00e1n cumplir la medida de coerci\u00f3n en el Centro de Correcci\u00f3n y Rehabilitaci\u00f3n (CCR) de Najayo, en San Crist\u00f3bal.<\/p>\n\n\n\n<p>Los imputados fueron enviados a prisi\u00f3n luego de que el Ministerio P\u00fablico de Santo Domingo Este y Norte, representado por el fiscal Florentino S\u00e1nchez Sabala, estableciera durante la audiencia con diferentes evidencias la vinculaci\u00f3n de los tres hombres con el hecho delictivo.<\/p>\n\n\n\n<p>En la solicitud de imposici\u00f3n de medidas de coerci\u00f3n el Ministerio P\u00fablico explica que la Unidad de Atenci\u00f3n Integral a la Violencia de G\u00e9nero, Intrafamiliar y Delitos Sexuales de Santo Domingo Este fue apoderada de la denuncia hecha a trav\u00e9s de la L\u00ednea Vida el 13 de agosto de 2021, mediante la cual se estableci\u00f3 que la v\u00edctima hab\u00eda sido violada por los tres hombres, identificados en ese momento como Nonore, Mariao y Uber, de 32, 29 y 28 a\u00f1os de edad, respectivamente.<\/p>\n\n\n\n<p>Posteriormente, el 19 de agosto de 2021, familiares de la adolescente interpusieron la denuncia ante dicha unidad del Ministerio P\u00fablico.<\/p>\n\n\n\n<p>El expediente se\u00f1ala que luego de ocurrir el hecho la v\u00edctima tuvo que ser trasladada por una unidad del Sistema de Atenci\u00f3n a Emergencias y Seguridad 9-1-1 hasta el hospital Doctor Hugo Mendoza donde fue ingresada por varios d\u00edas debido a una hemorragia uterina.<\/p>\n\n\n\n<p>En torno al caso el expediente detalla que ocurri\u00f3 el 13 de agosto del a\u00f1o 2021, mientras la menor se encontraba buscando la nota escolar de ese a\u00f1o cerca de su casa.&nbsp;<\/p>\n\n\n\n<p>Explica que la adolescente se encontr\u00f3 en la calle con el imputado Jos\u00e9 Gabriel Genao Paredes, quien la invit\u00f3 a una piscina del referido sector donde estaban Yeison F\u00e9lix Corpor\u00e1n Mora y Alexander Rivas. Se\u00f1ala que poco tiempo antes de la violaci\u00f3n Genao Paredes le ofreci\u00f3 una bebida alcoh\u00f3lica a la v\u00edctima que le caus\u00f3 somnolencia y amnesia temporal. Expresa que le dieron ron ligado con jugo que ten\u00edan preparado en un gal\u00f3n.<\/p>\n\n\n\n<p>Por el hecho se procedi\u00f3 con la b\u00fasqueda de los tres implicados.<\/p>\n\n\n\n<p>El pasado 7 de junio contra Genao Paredes se ejecut\u00f3 la orden de arresto No. 530-2021-EMES-01474, de fecha 4 de septiembre de 2021, mientras que Corpor\u00e1n Mora y Rivas fueron arrestados al d\u00eda siguiente, el 8 de junio, conforme a los lineamientos que establece el debido proceso de ley. A los imputados se le atribuye darle bebidas alcoh\u00f3licas a la menor de edad y despu\u00e9s violarla sexualmente.<\/p>\n\n\n\n<p>El Ministerio P\u00fablico indic\u00f3 que con sus actuaciones los imputados han violentado las disposiciones contenidas en los art\u00edculos 331 del C\u00f3digo Penal Dominicano y 396, literales B y C, del C\u00f3digo para la Protecci\u00f3n y los Derechos Fundamentales de los Ni\u00f1os, Ni\u00f1as y Adolescentes.<\/p>\n\n\n\n<p><strong>Direcci\u00f3n General de Comunicaci\u00f3n, Prensa, y RRPP<\/strong><strong><\/strong><\/p>\n\n\n\n<p>Ministerio P\u00fablico.&nbsp;R.D.<\/p>\n\n\n\n<p>Jueves, 15 de junio de 2023.<\/p>\n","protected":false},"excerpt":{"rendered":"<p>SANTO DOMINGO, Rep\u00fablica Dominicana.- El Ministerio P\u00fablico obtuvo&nbsp; el jueves tres meses de prisi\u00f3n preventiva en contra de tres hombres que fueron arrestados tras ejecutarse en su contra una orden judicial por estar vinculados a la violaci\u00f3n sexual de una adolescente de 14 a\u00f1os de edad, en un hecho ocurrido en el sector Sabana Perdida, [&hellip;]<\/p>\n","protected":false},"author":28,"featured_media":329468,"comment_status":"closed","ping_status":"","sticky":true,"template":"","format":"standard","meta":{"footnotes":""},"categories":[24,29],"tags":[],"class_list":["post-447539","post","type-post","status-publish","format-standard","has-post-thumbnail","hentry","category-justicia-y-derecho","category-policiasucesos"],"_links":{"self":[{"href":"https:\/\/diariodominicano.com\/index.php?rest_route=\/wp\/v2\/posts\/447539","targetHints":{"allow":["GET"]}}],"collection":[{"href":"https:\/\/diariodominicano.com\/index.php?rest_route=\/wp\/v2\/posts"}],"about":[{"href":"https:\/\/diariodominicano.com\/index.php?rest_route=\/wp\/v2\/types\/post"}],"author":[{"embeddable":true,"href":"https:\/\/diariodominicano.com\/index.php?rest_route=\/wp\/v2\/users\/28"}],"replies":[{"embeddable":true,"href":"https:\/\/diariodominicano.com\/index.php?rest_route=%2Fwp%2Fv2%2Fcomments&post=447539"}],"version-history":[{"count":2,"href":"https:\/\/diariodominicano.com\/index.php?rest_route=\/wp\/v2\/posts\/447539\/revisions"}],"predecessor-version":[{"id":447558,"href":"https:\/\/diariodominicano.com\/index.php?rest_route=\/wp\/v2\/posts\/447539\/revisions\/447558"}],"wp:featuredmedia":[{"embeddable":true,"href":"https:\/\/diariodominicano.com\/index.php?rest_route=\/wp\/v2\/media\/329468"}],"wp:attachment":[{"href":"https:\/\/diariodominicano.com\/index.php?rest_route=%2Fwp%2Fv2%2Fmedia&parent=447539"}],"wp:term":[{"taxonomy":"category","embeddable":true,"href":"https:\/\/diariodominicano.com\/index.php?rest_route=%2Fwp%2Fv2%2Fcategories&post=447539"},{"taxonomy":"post_tag","embeddable":true,"href":"https:\/\/diariodominicano.com\/index.php?rest_route=%2Fwp%2Fv2%2Ftags&post=447539"}],"curies":[{"name":"wp","href":"https:\/\/api.w.org\/{rel}","templated":true}]}}