{"id":447432,"date":"2023-06-15T14:44:14","date_gmt":"2023-06-15T18:44:14","guid":{"rendered":"http:\/\/diariodominicano.com\/?p=447432"},"modified":"2023-06-15T15:23:53","modified_gmt":"2023-06-15T19:23:53","slug":"el-ministerio-publico-presenta-acusacion-contra-11-civiles-y-policias-implicados-en-muerte-de-david-de-los-santos","status":"publish","type":"post","link":"https:\/\/diariodominicano.com\/?p=447432","title":{"rendered":"El Ministerio P\u00fablico presenta acusaci\u00f3n contra 11 civiles y polic\u00edas implicados en muerte de David de los Santos"},"content":{"rendered":"\n<p>Archivo: David de los Santos<\/p>\n\n\n\n<p><em><u>El tribunal rechaz\u00f3 un pedimento de libertad de tres de los imputados<\/u><\/em><em><u>&nbsp;<\/u><\/em><em><u><\/u><\/em><\/p>\n\n\n\n<p>SANTO DOMINGO (Rep\u00fablica Dominicana).- Los jueces del Primer Tribunal Colegiado del Distrito Nacional continuaron con el conocimiento del juicio contra los once civiles y polic\u00edas acusados de provocar la muerte a David de los Santos Correa a causa de los golpes que recibi\u00f3 en el destacamento del ensanche Naco, de la capital, tras ser retenido y entregado a la Polic\u00eda por los miembros de la seguridad de la plaza \u00c1gora Mall.&nbsp;<\/p>\n\n\n\n<p>El tribunal que integran los jueces Esmirna Gisselle M\u00e9ndez, Tania Yunes S\u00e1nchez y Jissel Naranjo, escuch\u00f3 al Ministerio P\u00fablico, representado por las fiscales, Magalys S\u00e1nchez, Mar\u00eda Silvestre y Mariela Ramos, quienes iniciaron ayer mi\u00e9rcoles la presentaci\u00f3n de las pruebas testimoniales con los primeros cinco testigos aportados por el \u00f3rgano acusador.&nbsp;&nbsp;<\/p>\n\n\n\n<p>Esos testigos fueron los se\u00f1ores Juan de los Santos Hern\u00e1ndez, Damiana Correa y Sugeidy Correa, padre, madre y hermana del occiso David de los Santos, as\u00ed como el primer teniente policial Edwin Montero Encarnaci\u00f3n y un ciudadano haitiano que sirvi\u00f3 de interprete al testigo estrella de la Fiscal\u00eda del Distrito que presenci\u00f3 la salvaje golpiza que le propinaron tres reos al hoy occiso en una celda del cuartel policial del ensanche Naco la noche del 27 de abril del 2022.&nbsp;<\/p>\n\n\n\n<p>Ayer la audiencia fue recesada para este jueves a las 9:00 de la ma\u00f1ana y conforme al calendario dispuesto por el tribunal, se espera que el proceso concluya este viernes 16 de junio. Como medida precautoria, las juezas ordenaron que los acusados que tienen prisi\u00f3n preventiva sean retenidos hasta ma\u00f1ana en la c\u00e1rcel provisional que funciona en el Palacio de Justicia de Ciudad Nueva.&nbsp;<\/p>\n\n\n\n<p>Por el crimen son procesados los civiles Santiago Mateo Victoriano, Michael P\u00e9rez Ramos y Jean Carlos Mart\u00ednez Pe\u00f1a, y los agentes capit\u00e1n Domingo Alberto Rodr\u00edguez, el segundo teniente Germ\u00e1n Garc\u00eda de la Cruz, el cabo Alfonso Decena Hern\u00e1ndez y el raso Sari Manuel Gonz\u00e1lez Garc\u00eda.&nbsp;<\/p>\n\n\n\n<p>De igual modo, Ambriori Montero Ota\u00f1o, \u00c1lvaro David Beltr\u00e1n P\u00e9rez, Yubaris M\u00e9ndez Ferreras y Juan Reyes de la Cruz, miembros seguridad privada de la plaza \u00c1gora Mall.<\/p>\n\n\n\n<p>La Fiscal\u00eda del Distrito Nacional los acusa de incurrir en delitos de homicidio, tortura y barbarie y asociaci\u00f3n de malhechores, por lo que podr\u00edan enfrentar penas de hasta 30 a\u00f1os de prisi\u00f3n.&nbsp;&nbsp;<\/p>\n\n\n\n<p><strong>Tribunal rechaza solicitud de cese de prisi\u00f3n preventiva contra tres acusados<\/strong><strong>&nbsp;<\/strong><\/p>\n\n\n\n<p>Al final de la audiencia, el tribunal conoci\u00f3 una solicitud de las defensas t\u00e9cnicas de los acusados civiles Jean Carlos Pe\u00f1a, Santiago Mateo Victoriano y Michael Pereza Ramos, que reclamaban que el tribunal ordenara el cese de la prisi\u00f3n preventiva impuesta por el Juzgado de Atenci\u00f3n Permanente a esos procesados, afirmando que la misma era de doce meses (un a\u00f1o), los cuales se cumplieron hace 17 d\u00edas.&nbsp;<\/p>\n\n\n\n<p>La jueza presidenta del tribunal Esmirna Gissell M\u00e9ndez rechaz\u00f3 dicha solicitud, acogiendo un pedimento hecho por la fiscal litigante Magalys S\u00e1nchez, quien explic\u00f3 que el mismo no proced\u00eda debido al peligro de fuga de esos acusados y porque, adem\u00e1s, no se trata de plazos simplemente matem\u00e1ticos, y que hay que tomar en cuenta la gravedad de los hechos, por la cantidad de implicados y la multiplicidad de los tipos penales de los que se les acusa.&nbsp;<\/p>\n\n\n\n<p>\u201cEse pedido de cese de la medida de coerci\u00f3n de prisi\u00f3n preventiva no procede y debe ser rechazado por el tribunal, porque no est\u00e1 vencida. Adem\u00e1s, ellos \u2013a trav\u00e9s de sus abogados- recurrieron esa decisi\u00f3n del Juzgado de Atenci\u00f3n Permanente, y eso de por s\u00ed, alarga el plazo de los 12 meses\u201d, expres\u00f3 en sus conclusiones la fiscal S\u00e1nchez.&nbsp;<\/p>\n\n\n\n<p>A\u00f1adi\u00f3 que \u201cEn este caso, hay un peligro de fuga que resguardar y hay que mantener a esos acusados -que podr\u00edan enfrentar hasta 30 a\u00f1os de prisi\u00f3n, con esa medida de coerci\u00f3n, porque esa es la \u00fanica medida id\u00f3nea que garantizar su presencia en el juicio, as\u00ed como la culminaci\u00f3n del proceso\u201d.&nbsp;&nbsp;<\/p>\n\n\n\n<p><strong>El caso<\/strong><strong>&nbsp;<\/strong><\/p>\n\n\n\n<p>El joven de 24 a\u00f1os de edad y residente en Los Alcarrizos, falleci\u00f3 el 1 de mayo de 2022, en el Hospital Doctor Dar\u00edo Contreras, luego de ser conducido de urgencia desde el destacamento policial del sector Naco, donde estuvo detenido desde las 9:00 de la noche del 27 de abril por los agentes policiales que lo recibieron por parte de la seguridad privada del centro comercial que lo retuvo luego de protagonizar un incidente con una empleada de una tienda del centro comercial.&nbsp;<\/p>\n\n\n\n<p>En una audiencia anterior, celebrada el 24 de mayo pasado, las juezas decidieron varios incidentes, entre ellos, el de acoger la solicitud del actor civil de incluir como terceros civilmente demandados a la empresa Parcos S.A, la cual opera bajo el nombre comercial Senses Sunglasses And Accesories y a dos de las empleadas de la tienda de perfumes donde el hoy occiso sostuvo un intercambio de palabras con una de ellas previo a ser apresado.&nbsp;&nbsp;<\/p>\n\n\n\n<p>Las empleadas civilmente demandadas son Pamela Leticia V\u00e1squez Cruce y Yesenia Altagracia Mej\u00eda Santos.&nbsp;<\/p>\n\n\n\n<p>El juicio contin\u00faa este 15 de junio y se tiene previsto que concluya el 16, seg\u00fan el calendario dispuesto por la presidencia del tribunal.&nbsp;<\/p>\n\n\n\n<p><strong>El proceso<\/strong><strong>&nbsp;<\/strong><\/p>\n\n\n\n<p>El 27 de marzo pasado, el juez Raymundo Mej\u00eda, del Primer Juzgado de Instrucci\u00f3n del Distrito Nacional, dict\u00f3 auto de apertura a juicio contra los civiles Santiago Mateo Victoriano, Michael P\u00e9rez Ramos y Jean Carlos Mart\u00ednez Pe\u00f1a.&nbsp;<\/p>\n\n\n\n<p>Tambi\u00e9n, contra los miembros de la Polic\u00eda Nacional, capit\u00e1n Domingo Alberto Rodr\u00edguez, el segundo teniente Germ\u00e1n Garc\u00eda de la Cruz, el cabo Alfonso Decena Hern\u00e1ndez y el raso Sari Manuel Gonz\u00e1lez Garc\u00eda, acusados por el delito de tortura y barbarie.&nbsp;<\/p>\n\n\n\n<p>Asimismo, fueron enviados a juicio los procesados Ambriori Montero Ota\u00f1o, \u00c1lvaro David Beltr\u00e1n P\u00e9rez, Yubaris M\u00e9ndez Ferreras y Juan Reyes de la Cruz, miembros de la seguridad privada de la plaza \u00c1gora Mall, por ser las personas que detuvieron y entregaron a la Polic\u00eda al joven luego de protagonizar un incidente con una empleada del centro comercial.&nbsp;<\/p>\n\n\n\n<p><strong>Direcci\u00f3n General de Comunicaci\u00f3n, Prensa, y RRPP<\/strong><strong><\/strong><\/p>\n\n\n\n<p>Ministerio P\u00fablico.&nbsp;R.D.<\/p>\n\n\n\n<p>Jueves, 15 de junio de 2023&#8230;.<\/p>\n","protected":false},"excerpt":{"rendered":"<p>Archivo: David de los Santos El tribunal rechaz\u00f3 un pedimento de libertad de tres de los imputados&nbsp; SANTO DOMINGO (Rep\u00fablica Dominicana).- Los jueces del Primer Tribunal Colegiado del Distrito Nacional continuaron con el conocimiento del juicio contra los once civiles y polic\u00edas acusados de provocar la muerte a David de los Santos Correa a causa [&hellip;]<\/p>\n","protected":false},"author":28,"featured_media":352561,"comment_status":"closed","ping_status":"","sticky":true,"template":"","format":"standard","meta":{"footnotes":""},"categories":[24,29,27],"tags":[],"class_list":["post-447432","post","type-post","status-publish","format-standard","has-post-thumbnail","hentry","category-justicia-y-derecho","category-policiasucesos","category-portada"],"_links":{"self":[{"href":"https:\/\/diariodominicano.com\/index.php?rest_route=\/wp\/v2\/posts\/447432","targetHints":{"allow":["GET"]}}],"collection":[{"href":"https:\/\/diariodominicano.com\/index.php?rest_route=\/wp\/v2\/posts"}],"about":[{"href":"https:\/\/diariodominicano.com\/index.php?rest_route=\/wp\/v2\/types\/post"}],"author":[{"embeddable":true,"href":"https:\/\/diariodominicano.com\/index.php?rest_route=\/wp\/v2\/users\/28"}],"replies":[{"embeddable":true,"href":"https:\/\/diariodominicano.com\/index.php?rest_route=%2Fwp%2Fv2%2Fcomments&post=447432"}],"version-history":[{"count":2,"href":"https:\/\/diariodominicano.com\/index.php?rest_route=\/wp\/v2\/posts\/447432\/revisions"}],"predecessor-version":[{"id":447435,"href":"https:\/\/diariodominicano.com\/index.php?rest_route=\/wp\/v2\/posts\/447432\/revisions\/447435"}],"wp:featuredmedia":[{"embeddable":true,"href":"https:\/\/diariodominicano.com\/index.php?rest_route=\/wp\/v2\/media\/352561"}],"wp:attachment":[{"href":"https:\/\/diariodominicano.com\/index.php?rest_route=%2Fwp%2Fv2%2Fmedia&parent=447432"}],"wp:term":[{"taxonomy":"category","embeddable":true,"href":"https:\/\/diariodominicano.com\/index.php?rest_route=%2Fwp%2Fv2%2Fcategories&post=447432"},{"taxonomy":"post_tag","embeddable":true,"href":"https:\/\/diariodominicano.com\/index.php?rest_route=%2Fwp%2Fv2%2Ftags&post=447432"}],"curies":[{"name":"wp","href":"https:\/\/api.w.org\/{rel}","templated":true}]}}