{"id":44737,"date":"2019-04-11T15:41:12","date_gmt":"2019-04-11T15:41:12","guid":{"rendered":"http:\/\/diariodominicano.ddns.net\/?p=44737"},"modified":"2019-04-11T15:41:12","modified_gmt":"2019-04-11T15:41:12","slug":"un-pacto-por-la-vida","status":"publish","type":"post","link":"https:\/\/diariodominicano.com\/?p=44737","title":{"rendered":"UN PACTO POR LA VIDA"},"content":{"rendered":"<p><body><\/p>\n<p>EL TIRO RAPIDO<\/p>\n<\/p>\n<\/p>\n<\/p>\n<p>No pod\u00eda resultar m\u00e1s sugestivo el lema de \u00abUn Pacto por la Vida\u00bb escogido para identificar el operativo de prevenci\u00f3n y seguridad que est\u00e1 montando el Comit\u00e9 de Operaciones de Emergencia con vistas al mini feriado de la Semana Santa.  El mismo se extender\u00e1 desde el mediod\u00eda del jueves hasta la seis de la tarde del domingo, con el ya cl\u00e1sico carreteo dirigido por las autoridades para propiciar el retorno organizado de las decenas de miles de veh\u00edculos que se desplazan hacia los centros de recreaci\u00f3n.<\/p>\n<\/p>\n<\/p>\n<p>Cada uno de los tres operativos que anualmente se llevan a cabo con motivo de las festividades de la Semana Mayor, la Navidad y el Nuevo A\u00f1o representa una costosa y compleja log\u00edstica de recursos humanos, materiales y t\u00e9cnicos.<\/p>\n<\/p>\n<\/p>\n<p>Para esta ocasi\u00f3n el operativo que se est\u00e1 organizando contar\u00e1 con 45 mil 521 voluntarios y colaboradores; 162 ambulancias; 17 embarcaciones;3 helic\u00f3pteros; 6 hospitales m\u00f3viles; 13 dispositivos de protecci\u00f3n y asistencia vial; 3,101 puestos de socorro; 53 gr\u00faas; 3 talleres m\u00f3viles; 9 unidades de respuesta inmediata y 9 centros de mandos regionales. <\/p>\n<\/p>\n<\/p>\n<p>Ser\u00e1 preciso adem\u00e1s mantener personal policial y de salvamento en las numerosas playas que reciben cientos de miles de vacacionistas, a fin de preservar el orden y prestar auxilio a ba\u00f1istas en caso de peligro.  Y de igual modo en los m\u00e1s de doscientos balnearios que han sido clausurados para velar porque se cumpla la prohibici\u00f3n de usarlos debido al riesgo que conlleva para no sea violada como ha ocurrido en alguna ocasi\u00f3n anterior, con tr\u00e1gicas consecuencias.<\/p>\n<\/p>\n<\/p>\n<p>Siempre al final de cada feriado, se rinde cuenta de la cantidad y diversidad de accidentes, el n\u00famero de v\u00edctimas fatales y lesionados y las causas que lo provocaron. El n\u00famero de los primeros puede aumentar en d\u00edas posteriores cuando fallecen debido a la gravedad de las heridas que sufren.  De los que sobreviven no pocos deben pasar por un prolongado per\u00edodo de hospitalizaci\u00f3n, y los menos afortunados arrastrar como secuela distintos grados de discapacidad. <\/p>\n<\/p>\n<\/p>\n<p>No se ofrecen datos, sin embargo, del costo que representa el montaje del operativo, ni posteriormente del gasto m\u00e9dico que conllevan las atenciones a los lesionados ni del internamiento y el proceso de recuperaci\u00f3n.<\/p>\n<\/p>\n<\/p>\n<p>Obviamente que la p\u00e9rdida de vidas humanas por su car\u00e1cter irreversible y la secuela del da\u00f1o emocional que origina en el seno de las familias afectadas y el impacto social que provoca  constituye el dato de mayor relevancia.  No excluye, sin embargo, el hecho de que contabilice y de a conocer el costo material, en tanto se trata de recursos de car\u00e1cter p\u00fablico.<\/p>\n<\/p>\n<\/p>\n<p>Por lo dem\u00e1s, solo queda reiterar por nueva vez la exhortaci\u00f3n a los vacacionistas para que disfruten del feriado sin incurrir en excesos, que en pocos casos afectan la salud y llegan a comprometer la vida misma. A los padres, que cobren cabal conciencia de velar por la protecci\u00f3n de sus hijos menores, y en modo alguno incurrir en la falta moral y delito penal de  facilitarles ni permitirles la ingesta de bebidas alcoh\u00f3licas.  A todos los vacacionistas que se comporten de manera racional.  Y a los choferes, y en particular a los motoristas, insistirles una vez m\u00e1s conducir con  prudencia y respeto a las normas del tr\u00e1nsito para evitar accidentes tan a menudo fatales.<\/p>\n<\/p>\n<\/p>\n<p>Que  \u00abUn Pacto por la Vida\u00bb, m\u00e1s que un simple lema, se convierta en compromiso y norma de conducta, recordando que es una sola, carece de repuesto y cuando la perdemos lo es de manera inexorable e irrecuperable.<\/p>\n<\/p>\n<\/p>\n<\/p>\n<\/p>\n<\/p>\n<h6> 2019-04-11 15:41:12 <\/h6>\n<p><!--\n<link rel=\"stylesheet\" href=\"css\/bootstrap.min.css\">\n\n\n<ul class=\"pagination\">\n\t    \n\t\n\n<li >\n\t<a href='?page_no=751'>Previous<\/a>\n\t<\/li>\n\n\n       \n    \n\n<li><a href='?page_no=1'>1<\/a><\/li>\n\n\n\n<li><a href='?page_no=2'>2<\/a><\/li>\n\n\n\n<li><a>...<\/a><\/li>\n\n\n\n<li><a href='?page_no=750'>750<\/a><\/li>\n\n\n\n<li><a href='?page_no=751'>751<\/a><\/li>\n\n\n\n<li class='active'><a>752<\/a><\/li>\n\n\n\n<li><a href='?page_no=753'>753<\/a><\/li>\n\n\n\n<li><a href='?page_no=754'>754<\/a><\/li>\n\n\n\n<li><a>...<\/a><\/li>\n\n\n\n<li><a href='?page_no=13611'>13611<\/a><\/li>\n\n\n\n<li><a href='?page_no=13612'>13612<\/a><\/li>\n\n    \n\t\n\n<li >\n\t<a href='?page_no=753'>Next<\/a>\n\t<\/li>\n\n\n    \n\n<li><a href='?page_no=13612'>Last &rsaquo;&rsaquo;<\/a><\/li>\n\n<\/ul>\n\n\n--><br \/>\n<\/body><\/p>\n","protected":false},"excerpt":{"rendered":"<p>EL TIRO RAPIDO No pod\u00eda resultar m\u00e1s sugestivo el lema de \u00abUn Pacto por la Vida\u00bb escogido para identificar el operativo de prevenci\u00f3n y seguridad que est\u00e1 montando el Comit\u00e9 de Operaciones de Emergencia con vistas al mini feriado de la Semana Santa. El mismo se extender\u00e1 desde el mediod\u00eda del jueves hasta la seis [&hellip;]<\/p>\n","protected":false},"author":3,"featured_media":0,"comment_status":"open","ping_status":"open","sticky":false,"template":"","format":"standard","meta":{"footnotes":""},"categories":[16],"tags":[],"class_list":["post-44737","post","type-post","status-publish","format-standard","hentry","category-opiniones"],"_links":{"self":[{"href":"https:\/\/diariodominicano.com\/index.php?rest_route=\/wp\/v2\/posts\/44737","targetHints":{"allow":["GET"]}}],"collection":[{"href":"https:\/\/diariodominicano.com\/index.php?rest_route=\/wp\/v2\/posts"}],"about":[{"href":"https:\/\/diariodominicano.com\/index.php?rest_route=\/wp\/v2\/types\/post"}],"author":[{"embeddable":true,"href":"https:\/\/diariodominicano.com\/index.php?rest_route=\/wp\/v2\/users\/3"}],"replies":[{"embeddable":true,"href":"https:\/\/diariodominicano.com\/index.php?rest_route=%2Fwp%2Fv2%2Fcomments&post=44737"}],"version-history":[{"count":0,"href":"https:\/\/diariodominicano.com\/index.php?rest_route=\/wp\/v2\/posts\/44737\/revisions"}],"wp:attachment":[{"href":"https:\/\/diariodominicano.com\/index.php?rest_route=%2Fwp%2Fv2%2Fmedia&parent=44737"}],"wp:term":[{"taxonomy":"category","embeddable":true,"href":"https:\/\/diariodominicano.com\/index.php?rest_route=%2Fwp%2Fv2%2Fcategories&post=44737"},{"taxonomy":"post_tag","embeddable":true,"href":"https:\/\/diariodominicano.com\/index.php?rest_route=%2Fwp%2Fv2%2Ftags&post=44737"}],"curies":[{"name":"wp","href":"https:\/\/api.w.org\/{rel}","templated":true}]}}