{"id":44726,"date":"2019-04-13T13:07:05","date_gmt":"2019-04-13T13:07:05","guid":{"rendered":"http:\/\/diariodominicano.ddns.net\/?p=44726"},"modified":"2019-04-13T13:07:05","modified_gmt":"2019-04-13T13:07:05","slug":"blase-bonpane-presente","status":"publish","type":"post","link":"https:\/\/diariodominicano.com\/?p=44726","title":{"rendered":"Blase Bonpane, \u00a1presente!"},"content":{"rendered":"<p><body><\/p>\n<p><strong>Amy Goodman y Denis Moynihan<\/strong><\/p>\n<\/p>\n<p>El presidente Donald Trump est\u00e1 redoblando su violenta cruzada contra los solicitantes de asilo de Guatemala, Honduras y El Salvador. El fin de semana pasado declar\u00f3: \u00abNuestro pa\u00eds ya est\u00e1 lleno. Est\u00e1 lleno\u00bb. Trump destituy\u00f3 a la secretaria de Seguridad Nacional Kirstjen Nielsen v\u00eda Twitter, presuntamente porque consideraba que Nielsen, quien supervis\u00f3 la separaci\u00f3n de miles de ni\u00f1os migrantes de sus madres y padres y minti\u00f3 al respecto ante el Congreso, no era tan dura como \u00e9l esperaba. Decenas de miles de personas procuran asilo en los Estados Unidos tras huir de la violencia sist\u00e9mica en sus pa\u00edses. La desesperaci\u00f3n y el temor que las conducen al norte se originan, en parte, como consecuencia de las varias d\u00e9cadas de las pol\u00edticas estadounidenses en la regi\u00f3n, que han derrocado gobiernos electos democr\u00e1ticamente, han desestabilizado la sociedad civil y han entrenado y armado fuerzas militares represivas. Estados Unidos cultiv\u00f3 esta crisis durante m\u00e1s de medio siglo; no se va a arreglar con un muro.<\/p>\n<\/p>\n<p>El esfuerzo de contrarrestar las pol\u00edticas de Trump se hizo un poco m\u00e1s dif\u00edcil esta semana con la muerte, a los 89 a\u00f1os de edad, de Blase Bonpane, activista por la paz de larga trayectoria. En la ciudad de Los \u00c1ngeles, Bonpane dedic\u00f3 su vida a la justicia social y ten\u00eda una profunda comprensi\u00f3n de la situaci\u00f3n de Centroam\u00e9rica, su gente y sus problemas.<\/p>\n<\/p>\n<p>En 1954, la CIA derroc\u00f3 al presidente democr\u00e1ticamente electo de Guatemala, Jacobo Arbenz, en gran parte para proteger los intereses de la multinacional United Fruit Company (ahora llamada Chiquita Brands). Bonpane se desempe\u00f1aba como sacerdote de la comunidad religiosa Maryknoll en Guatemala en la d\u00e9cada de 1960, cuando ese pa\u00eds estuvo envuelto en una sangrienta guerra contra su propia poblaci\u00f3n que dur\u00f3 hasta mediados de la d\u00e9cada de 1990. Bonpane y otros misioneros cat\u00f3licos se encontraban en las \u00e1reas rurales, donde la violencia contra la poblaci\u00f3n ind\u00edgena era m\u00e1s intensa.<\/p>\n<\/p>\n<p>Al mismo tiempo, el Papa Juan XXIII convoc\u00f3 al Concilio Vaticano II, que liberaliz\u00f3 pr\u00e1cticas eclesiales de muchos siglos de antig\u00fcedad, lo que llev\u00f3 a la aparici\u00f3n de la \u00abteolog\u00eda de la liberaci\u00f3n\u00bb en Am\u00e9rica Latina. La teolog\u00eda de la liberaci\u00f3n aplic\u00f3 un an\u00e1lisis b\u00edblico y cristiano a la pobreza y la desigualdad arraigadas que predominaban en la sociedad latinoamericana, e inst\u00f3 a tomar medidas para cambiar el status quo. Bonpane se comprometi\u00f3 con este desaf\u00edo. Fue aclamado por la poblaci\u00f3n local como un \u00abguerrillero de la paz\u00bb. En 1968, el gobierno de Guatemala expuls\u00f3 del pa\u00eds a Bonpane y a otros cl\u00e9rigos.<\/p>\n<\/p>\n<p>A pesar del Concilio Vaticano II, el liderazgo de la Orden Maryknoll no estaba de acuerdo con su activismo. Bonpane relat\u00f3 en una entrevista para Democracy Now!: \u00abMe pusieron una orden mordaza. Me dijeron que no hablara, que no escribiera nada sobre Guatemala y, como consecuencia, me dirig\u00ed a la redacci\u00f3n del peri\u00f3dico The Washington Post e hice p\u00fablica toda la informaci\u00f3n que ten\u00eda. Eso se public\u00f3 en unos 400 peri\u00f3dicos y se demostr\u00f3 que Estados Unidos estaba comprometido militarmente en Guatemala, que estaba usando napalm, que los Boinas Verdes estaban all\u00ed y que este era nuestro Vietnam latinoamericano\u00bb.<\/p>\n<\/p>\n<p>Cuando se cas\u00f3 con otra activista por la paz, que hab\u00eda sido monja de la Orden Maryknoll, Bonpane fue inmediatamente excomulgado de la Iglesia, pero mantuvo su compromiso con la teolog\u00eda de la liberaci\u00f3n. Bonpane y su esposa, Theresa, fundaron la Oficina de las Am\u00e9ricas en 1983 y continuaron moviliz\u00e1ndose en solidaridad con los centroamericanos y otras personas oprimidas durante d\u00e9cadas.<\/p>\n<\/p>\n<p>Ir\u00f3nicamente, la sede de su organizaci\u00f3n est\u00e1 en Santa M\u00f3nica, el mismo basti\u00f3n liberal donde creci\u00f3 Stephen Miller. Miller, de solo 33 a\u00f1os de edad, es uno de los asesores clave de la Casa Blanca y uno de los principales impulsores de las pol\u00edticas m\u00e1s xen\u00f3fobas de Trump, que incluyen varios intentos de prohibici\u00f3n de ingreso de personas musulmanas al pa\u00eds y la separaci\u00f3n de las familias migrantes. Miller tambi\u00e9n propugna una escalofriante visi\u00f3n autocr\u00e1tica del poder presidencial. En el programa \u00abFace the Nation\u00bb de la cadena CBS el 12 de febrero de 2017, Miller declar\u00f3: \u00abNuestros opositores, los medios y el mundo entero pronto ver\u00e1n ?cuando comencemos a tomar medidas? que los poderes del presidente para proteger a nuestro pa\u00eds son trascendentales y no ser\u00e1n cuestionados\u00bb.<\/p>\n<\/p>\n<p>Cuestionar el poder es justamente lo que Blase Bonpane hizo durante toda su vida. Bonpane, ex infante de la Marina estadounidense convertido en sacerdote, titul\u00f3 su autobiograf\u00eda \u00abImagine No Religion\u00bb, tomando prestada la frase de la canci\u00f3n \u00abImagine\u00bb de John Lennon. El renombrado ling\u00fcista e intelectual disidente Noam Chomsky expres\u00f3: \u00abA menudo la gente joven me pregunta, profundamente perturbada por el estado del mundo: ?\u00bfQu\u00e9 puedo hacer para hacer de este mundo triste un lugar mejor??. Una respuesta elocuente ahora es: ?Lea la autobiograf\u00eda de Blase Bonpane. Si puede aspirar a una fracci\u00f3n de lo que \u00e9l ha logrado, mirar\u00e1 para atr\u00e1s y podr\u00e1 ver una vida bien vivida?\u00bb.<\/p>\n<\/p>\n<p>Mientras el presidente Trump y Stephen Miller intensifican su ofensiva contra los migrantes de Centroam\u00e9rica y amenazan con continuar con la cruel pol\u00edtica de separar a madres y padres de sus hijos, aquellos que deseen honrar la memoria de Blase Bonpane deber\u00edan prestar atenci\u00f3n a las palabras del sindicalista obrero de principios del siglo XX, Joe Hill, citado varias veces en el sitio web de la Oficina de las Am\u00e9ricas: \u00abNo se lamenten. Movil\u00edcense\u00bb.<\/p>\n<\/p>\n<p>Blase Bonpane, \u00a1presente!<\/p>\n<p>Columna12 DE ABRIL DE 2019<\/p>\n<p>Column default<\/p>\n<p>EscucheOtros formatos<\/p>\n<p>Estas noticias son patrocinadas por nuestra audiencia.<\/p>\n<p>DONAR<\/p>\n<\/p>\n<p>\u00a9 2019 Amy Goodman<\/p>\n<\/p>\n<p>Traducci\u00f3n al espa\u00f1ol del texto en ingl\u00e9s: In\u00e9s Coira. Edici\u00f3n: Mar\u00eda Eva Blotta y Democracy Now! en espa\u00f1ol, spanish@democracynow.org<\/p>\n<\/p>\n<p>Amy Goodman es la conductora de Democracy Now!, un noticiero internacional que se emite diariamente en m\u00e1s de 800 emisoras de radio y televisi\u00f3n en ingl\u00e9s y en m\u00e1s de 450 en espa\u00f1ol. Es co-autora del libro \u00abLos que luchan contra el sistema: H\u00e9roes ordinarios en tiempos extraordinarios en Estados Unidos\u00bb, editado por Le Monde Diplomatique Cono Sur.<\/p>\n<h6> 2019-04-13 13:07:05 <\/h6>\n<p><!--\n<link rel=\"stylesheet\" href=\"css\/bootstrap.min.css\">\n\n\n<ul class=\"pagination\">\n\t    \n\t\n\n<li >\n\t<a href='?page_no=750'>Previous<\/a>\n\t<\/li>\n\n\n       \n    \n\n<li><a href='?page_no=1'>1<\/a><\/li>\n\n\n\n<li><a href='?page_no=2'>2<\/a><\/li>\n\n\n\n<li><a>...<\/a><\/li>\n\n\n\n<li><a href='?page_no=749'>749<\/a><\/li>\n\n\n\n<li><a href='?page_no=750'>750<\/a><\/li>\n\n\n\n<li class='active'><a>751<\/a><\/li>\n\n\n\n<li><a href='?page_no=752'>752<\/a><\/li>\n\n\n\n<li><a href='?page_no=753'>753<\/a><\/li>\n\n\n\n<li><a>...<\/a><\/li>\n\n\n\n<li><a href='?page_no=13611'>13611<\/a><\/li>\n\n\n\n<li><a href='?page_no=13612'>13612<\/a><\/li>\n\n    \n\t\n\n<li >\n\t<a href='?page_no=752'>Next<\/a>\n\t<\/li>\n\n\n    \n\n<li><a href='?page_no=13612'>Last &rsaquo;&rsaquo;<\/a><\/li>\n\n<\/ul>\n\n\n--><br \/>\n<\/body><\/p>\n","protected":false},"excerpt":{"rendered":"<p>Amy Goodman y Denis Moynihan El presidente Donald Trump est\u00e1 redoblando su violenta cruzada contra los solicitantes de asilo de Guatemala, Honduras y El Salvador. El fin de semana pasado declar\u00f3: \u00abNuestro pa\u00eds ya est\u00e1 lleno. Est\u00e1 lleno\u00bb. Trump destituy\u00f3 a la secretaria de Seguridad Nacional Kirstjen Nielsen v\u00eda Twitter, presuntamente porque consideraba que Nielsen, [&hellip;]<\/p>\n","protected":false},"author":3,"featured_media":0,"comment_status":"open","ping_status":"open","sticky":false,"template":"","format":"standard","meta":{"footnotes":""},"categories":[16],"tags":[],"class_list":["post-44726","post","type-post","status-publish","format-standard","hentry","category-opiniones"],"_links":{"self":[{"href":"https:\/\/diariodominicano.com\/index.php?rest_route=\/wp\/v2\/posts\/44726","targetHints":{"allow":["GET"]}}],"collection":[{"href":"https:\/\/diariodominicano.com\/index.php?rest_route=\/wp\/v2\/posts"}],"about":[{"href":"https:\/\/diariodominicano.com\/index.php?rest_route=\/wp\/v2\/types\/post"}],"author":[{"embeddable":true,"href":"https:\/\/diariodominicano.com\/index.php?rest_route=\/wp\/v2\/users\/3"}],"replies":[{"embeddable":true,"href":"https:\/\/diariodominicano.com\/index.php?rest_route=%2Fwp%2Fv2%2Fcomments&post=44726"}],"version-history":[{"count":0,"href":"https:\/\/diariodominicano.com\/index.php?rest_route=\/wp\/v2\/posts\/44726\/revisions"}],"wp:attachment":[{"href":"https:\/\/diariodominicano.com\/index.php?rest_route=%2Fwp%2Fv2%2Fmedia&parent=44726"}],"wp:term":[{"taxonomy":"category","embeddable":true,"href":"https:\/\/diariodominicano.com\/index.php?rest_route=%2Fwp%2Fv2%2Fcategories&post=44726"},{"taxonomy":"post_tag","embeddable":true,"href":"https:\/\/diariodominicano.com\/index.php?rest_route=%2Fwp%2Fv2%2Ftags&post=44726"}],"curies":[{"name":"wp","href":"https:\/\/api.w.org\/{rel}","templated":true}]}}