{"id":44714,"date":"2020-09-14T16:10:09","date_gmt":"2020-09-14T16:10:09","guid":{"rendered":"http:\/\/diariodominicano.ddns.net\/?p=44714"},"modified":"2020-09-14T16:10:09","modified_gmt":"2020-09-14T16:10:09","slug":"de-ser-provisionala-ser-un-partido-moderno","status":"publish","type":"post","link":"https:\/\/diariodominicano.com\/?p=44714","title":{"rendered":"DE SER PROVISIONAL,&#13;A SER UN  PARTIDO MODERNO"},"content":{"rendered":"<p><body><\/p>\n<p><strong>DE SER PROVISIONAL,<\/strong><\/p>\n<p><strong>A SER UN  PARTIDO MODERNO <\/strong><\/p>\n<p><strong>FRANKLIN ALMEYDA RANCIER<\/strong><\/p>\n<\/p>\n<p>La Fuerza del Pueblo anunci\u00f3 la celebraci\u00f3n de su \u00abPrimer Congreso del Pueblo Profesor Juan Bosch\u00bb, a celebrarse a partir del 6 de noviembre, y durar\u00e1 cuatro meses. Pero tiene dos meses m\u00e1s de pre-Congreso.<\/p>\n<\/p>\n<p>Salimos del PLD, encabezados por el Dr. Leonel Fern\u00e1ndez, y reunidos con los que formaban el PTD e independientes, pudimos participar en el proceso electoral pasado, logrando \u00e9xitos importantes para el pa\u00eds y la democracia. Se situ\u00f3 al partido en la categor\u00eda de mayoritario, con segunda  posici\u00f3n en el Senado y  tercera en los diputados.<\/p>\n<\/p>\n<p>Sin embargo, la FP es una organizaci\u00f3n con estructura provisional. Por tanto, vale repetir aquella expresi\u00f3n usada por Juan Bosch, al referirse al PRD en los a\u00f1os 70s; dec\u00eda que hac\u00eda esfuerzos para convertirlo en un verdadero partido, \u00abconvertirtiendo la cantidad en calidad, sin descartar la cantidad\u00bb. <\/p>\n<\/p>\n<p>La Fuerza del Pueblo puede asemejarse a aquella situaci\u00f3n, por sus caracter\u00edsticas a\u00fan provisionales. Tiene igual un liderazgo que ha sustentado una causa constitucional trascendental y cuyos resultados inmediatos estamos viviendo. Los tramos hist\u00f3ricos faltantes son mayores, por lo que el desaf\u00edo a futuro es interesante.<\/p>\n<\/p>\n<p>Ese desaf\u00edo no lo puede asumir un conglomerado humano sin estructurarse. Procede organizarse, definir sus normas, ideas y base sustantiva, para ser un partido en correspondencia con la revoluci\u00f3n digital, la tecnol\u00f3gica y la inteligencia artificial.<\/p>\n<\/p>\n<p>Su actual estructura es provisional, por lo que definir sus bases sustantivas y estructurales, sin descartar la cantidad y poder atraer mayor cantidad, le permitir\u00e1 asumir plenamente a corto plazo el proceso pol\u00edtico del pa\u00eds. Para eso se prepara a celebrar el \u00abPrimer Congreso del Pueblo Profesor Juan Bosch\u00bb. <\/p>\n<\/p>\n<p>Con este prop\u00f3sito se han preparado, en unas pocas semanas, las normas escritas y aprobadas; en ellas se disponen formas para crear igualdad de oportunidades, inclusi\u00f3n, apertura y garantizar el ejercicio democr\u00e1tico de todos sus miembros y los que ingresen. En medio de la pandemia, y por medios digitales, la Direcci\u00f3n Central, con 650 miembros, aprob\u00f3, llevado como propuesta por la Direcci\u00f3n Pol\u00edtica integrada por 35 dirigentes, el Reglamento que ha de aplicar la Comisi\u00f3n Organizadora del Primer Congreso del Pueblo.<\/p>\n<\/p>\n<p>A esa Comisi\u00f3n le correspondi\u00f3 elaborar un \u00abCronograma de Trabajo del Congreso\u00bb, la designaci\u00f3n de enlaces de sus propios miembros ante las 17 Mesas Tem\u00e1ticas, lo cual hizo y someti\u00f3 a la homologacion de la Direcci\u00f3n Pol\u00edtica; un Instructivo, el cual se acaba de elaborar. La Direcci\u00f3n Pol\u00edtica, a su vez, design\u00f3 los coordinadores ante cada una de las referidas 17 Mesas Tem\u00e1ticas. <\/p>\n<\/p>\n<p>Las normas escritas definen los m\u00e9todos, la disciplina y se crea confiabilidad.<\/p>\n<\/p>\n<p>Hemos llamado \u00abMesas Tem\u00e1ticas\u00bb al agrupamiento en cada una de las 17 Mesas Tem\u00e1ticas de hasta 600 miembros. Los temas se debatir\u00e1n en videoconferencias, con participaci\u00f3n abiertas y recibir opiniones por los canales digitales.<\/p>\n<\/p>\n<p>Se definen miembros de las Mesas Tem\u00e1ticas a los que se registren con derecho a voz y voto; y presenciales o simpatizantes los que se registren enterarse, opinar y recibir informaci\u00f3n, sin derecho al voto.<\/p>\n<\/p>\n<p>Ser\u00e1 un evento \u00fanico, puesto que se trata de fundar y celebrar un congreso partidario desde los medios digitales. Con este Congreso la Fuerza del Pueblo dejar\u00e1 de ser una emoci\u00f3n organizada provisionalmente, para  ser el primer partido moderno mundial, nacido en la tecnolog\u00eda digital.<\/p>\n<h6> 2020-09-14 16:10:09 <\/h6>\n<p><!--\n<link rel=\"stylesheet\" href=\"css\/bootstrap.min.css\">\n\n\n<ul class=\"pagination\">\n\t    \n\t\n\n<li >\n\t<a href='?page_no=74'>Previous<\/a>\n\t<\/li>\n\n\n       \n    \n\n<li><a href='?page_no=1'>1<\/a><\/li>\n\n\n\n<li><a href='?page_no=2'>2<\/a><\/li>\n\n\n\n<li><a>...<\/a><\/li>\n\n\n\n<li><a href='?page_no=73'>73<\/a><\/li>\n\n\n\n<li><a href='?page_no=74'>74<\/a><\/li>\n\n\n\n<li class='active'><a>75<\/a><\/li>\n\n\n\n<li><a href='?page_no=76'>76<\/a><\/li>\n\n\n\n<li><a href='?page_no=77'>77<\/a><\/li>\n\n\n\n<li><a>...<\/a><\/li>\n\n\n\n<li><a href='?page_no=13611'>13611<\/a><\/li>\n\n\n\n<li><a href='?page_no=13612'>13612<\/a><\/li>\n\n    \n\t\n\n<li >\n\t<a href='?page_no=76'>Next<\/a>\n\t<\/li>\n\n\n    \n\n<li><a href='?page_no=13612'>Last &rsaquo;&rsaquo;<\/a><\/li>\n\n<\/ul>\n\n\n--><br \/>\n<\/body><\/p>\n","protected":false},"excerpt":{"rendered":"<p>DE SER PROVISIONAL, A SER UN PARTIDO MODERNO FRANKLIN ALMEYDA RANCIER La Fuerza del Pueblo anunci\u00f3 la celebraci\u00f3n de su \u00abPrimer Congreso del Pueblo Profesor Juan Bosch\u00bb, a celebrarse a partir del 6 de noviembre, y durar\u00e1 cuatro meses. Pero tiene dos meses m\u00e1s de pre-Congreso. Salimos del PLD, encabezados por el Dr. Leonel Fern\u00e1ndez, [&hellip;]<\/p>\n","protected":false},"author":3,"featured_media":0,"comment_status":"open","ping_status":"open","sticky":false,"template":"","format":"standard","meta":{"footnotes":""},"categories":[16],"tags":[],"class_list":["post-44714","post","type-post","status-publish","format-standard","hentry","category-opiniones"],"_links":{"self":[{"href":"https:\/\/diariodominicano.com\/index.php?rest_route=\/wp\/v2\/posts\/44714","targetHints":{"allow":["GET"]}}],"collection":[{"href":"https:\/\/diariodominicano.com\/index.php?rest_route=\/wp\/v2\/posts"}],"about":[{"href":"https:\/\/diariodominicano.com\/index.php?rest_route=\/wp\/v2\/types\/post"}],"author":[{"embeddable":true,"href":"https:\/\/diariodominicano.com\/index.php?rest_route=\/wp\/v2\/users\/3"}],"replies":[{"embeddable":true,"href":"https:\/\/diariodominicano.com\/index.php?rest_route=%2Fwp%2Fv2%2Fcomments&post=44714"}],"version-history":[{"count":0,"href":"https:\/\/diariodominicano.com\/index.php?rest_route=\/wp\/v2\/posts\/44714\/revisions"}],"wp:attachment":[{"href":"https:\/\/diariodominicano.com\/index.php?rest_route=%2Fwp%2Fv2%2Fmedia&parent=44714"}],"wp:term":[{"taxonomy":"category","embeddable":true,"href":"https:\/\/diariodominicano.com\/index.php?rest_route=%2Fwp%2Fv2%2Fcategories&post=44714"},{"taxonomy":"post_tag","embeddable":true,"href":"https:\/\/diariodominicano.com\/index.php?rest_route=%2Fwp%2Fv2%2Ftags&post=44714"}],"curies":[{"name":"wp","href":"https:\/\/api.w.org\/{rel}","templated":true}]}}