{"id":447087,"date":"2023-06-14T17:23:46","date_gmt":"2023-06-14T21:23:46","guid":{"rendered":"http:\/\/diariodominicano.com\/?p=447087"},"modified":"2023-06-14T17:23:46","modified_gmt":"2023-06-14T21:23:46","slug":"el-segundo-tribunal-colegiado-del-distrito-nacional-condena-a-30-anos-de-prision-a-un-hombre-que-asesino-a-otro-en-cristo-rey","status":"publish","type":"post","link":"https:\/\/diariodominicano.com\/?p=447087","title":{"rendered":"El Segundo Tribunal Colegiado del Distrito Nacional condena a 30 a\u00f1os de prisi\u00f3n a un hombre que asesin\u00f3 a otro en Cristo Rey"},"content":{"rendered":"\n<p>Archivo: Palacio de Justicia de Ciudad Nueva<\/p>\n\n\n\n<p><strong>SANTO DOMINGO, Rep\u00fablica Dominicana.-<\/strong>\u00a0El Segundo Tribunal Colegiado del Distrito Nacional, conden\u00f3 a 30 a\u00f1os de prisi\u00f3n a Jairo Bid\u00f3 Heredia por el asesinato a V\u00edctor Manuel Vargas P\u00e9rez, durante una ri\u00f1a por viejas rencillas personales, en un hecho ocurrido en febrero del a\u00f1o pasado en el sector de Cristo Rey, en el Distrito Nacional.<\/p>\n\n\n\n<p>El tribunal que preside la magistrada Claribel Nivar tom\u00f3 la decisi\u00f3n tras acoger, en todas sus partes, las pruebas documentales, periciales y testimoniales presentadas por el fiscal Orlando Santos, con las que demostr\u00f3 que el procesado asesin\u00f3 a Vargas P\u00e9rez al agredirlo con un arma blanca tipo cuchillo, ocasion\u00e1ndole una herida corto-punzante en el costado izquierdo que le produjo la muerte.<\/p>\n\n\n\n<p>En su acusaci\u00f3n, la Fiscal\u00eda del Distrito Nacional demostr\u00f3 que las acciones de Bid\u00f3 Heredia constituyen una falta a los art\u00edculos 295, 296, 297, 298 y 304 del C\u00f3digo Penal Dominicano, que castigan homicidio, as\u00ed como los art\u00edculos 83 y 86 de la ley 631-16 para el Control y Regularizaci\u00f3n de Armas y Materiales Relaciona<\/p>\n\n\n\n<p>El expediente instrumentado por la Fiscal\u00eda del Distrito Nacional detalla que el tr\u00e1gico hecho ocurri\u00f3 pasadas las 12:00 de la madrugada del 10 de mayo del a\u00f1o 2022, en un billar donde laboraba la v\u00edctima, en el sector de Cristo Rey, cuando ambos sostuvieron una discusi\u00f3n que termin\u00f3 en una pelea, en la cual intervinieron varias personas y lograron separarlos.<\/p>\n\n\n\n<p>Luego del episodio, Bid\u00f3 Heredia abord\u00f3 su veh\u00edculo y se march\u00f3 del lugar, pero 10 minutos m\u00e1s tarde regres\u00f3 armado con un cuchillo y cuando la v\u00edctima sali\u00f3 del negocio, le propino una estocada en el costado izquierdo.<\/p>\n\n\n\n<p>Una vez herido, la v\u00edctima sali\u00f3 corriendo, tratando de salvar su vida, siendo perseguido por Bid\u00f3 Heredia, quien se detuvo tras ser herido por una botella que le lanz\u00f3 una persona con el objetivo de tratar de evitar que asesinara a Vargas P\u00e9rez, al ser impactado por la botella y ante la imposibilidad de continuar la agresi\u00f3n, el hoy procesado emprendi\u00f3 la huida.<\/p>\n\n\n\n<p>La v\u00edctima fue conducida de urgencia al Hospital Francisco Moscoso Puello, donde falleci\u00f3 mientras recib\u00eda atenciones m\u00e9dicas.<\/p>\n\n\n\n<p>El informe de autopsia emitido por el Instituto Nacional de Ciencias Forenses (INACIF) concluy\u00f3 que el cad\u00e1ver de V\u00edctor Manuel Vargas P\u00e9rez present\u00f3 una herida de arma blanca en el costado izquierdo que provoc\u00f3 una lesi\u00f3n en el coraz\u00f3n que le produjo una hemorragia interna masiva.<\/p>\n\n\n\n<p>El procesado cumplir\u00e1 la condena de 30 a\u00f1os en la Penitenciar\u00eda Nacional de La Victoria.<\/p>\n\n\n\n<p><strong>Direcci\u00f3n General de Comunicaci\u00f3n, Prensa, y RRPP<\/strong><\/p>\n\n\n\n<p>Ministerio P\u00fablico.&nbsp;R.D.<\/p>\n\n\n\n<p>Mi\u00e9rcoles, 14 de junio de 2023&#8230;<\/p>\n","protected":false},"excerpt":{"rendered":"<p>Archivo: Palacio de Justicia de Ciudad Nueva SANTO DOMINGO, Rep\u00fablica Dominicana.-\u00a0El Segundo Tribunal Colegiado del Distrito Nacional, conden\u00f3 a 30 a\u00f1os de prisi\u00f3n a Jairo Bid\u00f3 Heredia por el asesinato a V\u00edctor Manuel Vargas P\u00e9rez, durante una ri\u00f1a por viejas rencillas personales, en un hecho ocurrido en febrero del a\u00f1o pasado en el sector de [&hellip;]<\/p>\n","protected":false},"author":28,"featured_media":283908,"comment_status":"closed","ping_status":"","sticky":true,"template":"","format":"standard","meta":{"footnotes":""},"categories":[24,29,27],"tags":[],"class_list":["post-447087","post","type-post","status-publish","format-standard","has-post-thumbnail","hentry","category-justicia-y-derecho","category-policiasucesos","category-portada"],"_links":{"self":[{"href":"https:\/\/diariodominicano.com\/index.php?rest_route=\/wp\/v2\/posts\/447087","targetHints":{"allow":["GET"]}}],"collection":[{"href":"https:\/\/diariodominicano.com\/index.php?rest_route=\/wp\/v2\/posts"}],"about":[{"href":"https:\/\/diariodominicano.com\/index.php?rest_route=\/wp\/v2\/types\/post"}],"author":[{"embeddable":true,"href":"https:\/\/diariodominicano.com\/index.php?rest_route=\/wp\/v2\/users\/28"}],"replies":[{"embeddable":true,"href":"https:\/\/diariodominicano.com\/index.php?rest_route=%2Fwp%2Fv2%2Fcomments&post=447087"}],"version-history":[{"count":1,"href":"https:\/\/diariodominicano.com\/index.php?rest_route=\/wp\/v2\/posts\/447087\/revisions"}],"predecessor-version":[{"id":447088,"href":"https:\/\/diariodominicano.com\/index.php?rest_route=\/wp\/v2\/posts\/447087\/revisions\/447088"}],"wp:featuredmedia":[{"embeddable":true,"href":"https:\/\/diariodominicano.com\/index.php?rest_route=\/wp\/v2\/media\/283908"}],"wp:attachment":[{"href":"https:\/\/diariodominicano.com\/index.php?rest_route=%2Fwp%2Fv2%2Fmedia&parent=447087"}],"wp:term":[{"taxonomy":"category","embeddable":true,"href":"https:\/\/diariodominicano.com\/index.php?rest_route=%2Fwp%2Fv2%2Fcategories&post=447087"},{"taxonomy":"post_tag","embeddable":true,"href":"https:\/\/diariodominicano.com\/index.php?rest_route=%2Fwp%2Fv2%2Ftags&post=447087"}],"curies":[{"name":"wp","href":"https:\/\/api.w.org\/{rel}","templated":true}]}}