{"id":447083,"date":"2023-06-14T16:34:41","date_gmt":"2023-06-14T20:34:41","guid":{"rendered":"http:\/\/diariodominicano.com\/?p=447083"},"modified":"2023-06-14T16:37:43","modified_gmt":"2023-06-14T20:37:43","slug":"ministerio-publico-presenta-acusacion-y-solicita-apertura-a-juicio-en-contra-de-profesor-y-su-primo-por-muerte-de-estudiante-adolescente-en-higuey","status":"publish","type":"post","link":"https:\/\/diariodominicano.com\/?p=447083","title":{"rendered":"Ministerio P\u00fablico presenta acusaci\u00f3n y solicita apertura a juicio en contra de profesor y su primo por muerte de estudiante adolescente en Hig\u00fcey"},"content":{"rendered":"\n<p>   Archivo:  Esmeralda Richiez Mart\u00ednez y John Kelly Mart\u00ednez <\/p>\n\n\n\n<p><strong>LA ALTAGRACIA, Rep\u00fablica Dominicana.-<\/strong>&nbsp;Fiscal\u00eda de La Altagracia present\u00f3 ante el Juzgado de la Instrucci\u00f3n de este distrito judicial, la acusaci\u00f3n y solicitud de la apertura a juicio en contra de un profesor y su primo, implicados en la muerte de una adolescente de 16 a\u00f1os de edad, en la comunidad Vista Alegre, del distrito municipal La Otra Banda, en el municipio Hig\u00fcey.<\/p>\n\n\n\n<p>El Ministerio P\u00fablico present\u00f3 la acusaci\u00f3n y la solicitud de apertura a juicio en contra del profesor John Kelly Mart\u00ednez y su primo Rubiel Morillo Mart\u00ednez, imputados por la muerte de la joven de iniciales Esmeralda Richiez Mart\u00ednez.<\/p>\n\n\n\n<p>En el expediente presentado ante el tribunal, el Ministerio P\u00fablico acusa a Kelly Mart\u00ednez de violar los art\u00edculos 265, 266, 302, 303, 303-4, 331 del C\u00f3digo Penal Dominicano, as\u00ed como tambi\u00e9n el articulo 396 literales A, B, C, de la Ley 136-03 del C\u00f3digo para el Sistema de Protecci\u00f3n de los Derechos Fundamentales de Ni\u00f1os, Ni\u00f1as y Adolescentes y los art\u00edculos 66 y 67, de la Ley 631-16, para el Control y Regulaci\u00f3n de Armas y Materiales Relacionados.<\/p>\n\n\n\n<p>En el caso de Morillo Mart\u00ednez, el \u00f3rgano persecutor del delito, establece que el imputado viol\u00f3 las disposiciones establecidas en los art\u00edculos 59, 60, 265, 266, 302, 303, 303-4, 331 del C\u00f3digo Penal Dominicano, el art\u00edculo 396 literales A, B, C, de la Ley 136-03 del C\u00f3digo para el Sistema de Protecci\u00f3n de los Derechos Fundamentales de Ni\u00f1os, Ni\u00f1as y Adolescentes, y el articulo 66 y 67, de la Ley 631-16, para el Control y Regulaci\u00f3n de Armas y Materiales Relacionados.<\/p>\n\n\n\n<p>La acusaci\u00f3n indica que en horas de la noche del pasado 12 de febrero la adolescente sali\u00f3 desde el hogar donde resid\u00eda con sus padres en Vista Alegre, en compa\u00f1\u00eda del maestro, as\u00ed como de Morrillo Mart\u00ednez y otras tres alumnas menores de edad.<\/p>\n\n\n\n<p>Indica que, al retornar a su hogar, alrededor de las 12:00 de la noche, la joven lleg\u00f3 p\u00e1lida y sangrando, por lo que sus padres la ayudaron y qued\u00f3 en su habitaci\u00f3n.<\/p>\n\n\n\n<p>Al d\u00eda siguiente los padres de la adolescente la encontraron muerta en el ba\u00f1o de su residencia.<\/p>\n\n\n\n<p>El expediente establece que Mart\u00ednez, de forma voluntaria, le provoc\u00f3 a la v\u00edctima laceraciones, abrasiones y contusiones que le produjeron el deceso debido al desgarro vaginal, con hemorragia aguda severa externa e interna y shock hemorr\u00e1gico como mecanismo terminal de muerte, seg\u00fan consta en el informe de autopsia.<\/p>\n\n\n\n<p>Por ese hecho Mart\u00ednez cumple 18 meses de prisi\u00f3n preventiva en el Centro de Correcci\u00f3n y Rehabilitaci\u00f3n Anamuya, de Hig\u00fcey.<\/p>\n\n\n\n<p>En el caso de Morrillo Mart\u00ednez le fue establecida la presentaci\u00f3n peri\u00f3dica como medida coercitiva.<\/p>\n\n\n\n<p><strong>Direcci\u00f3n General de Comunicaci\u00f3n, Prensa, y RRPP<\/strong><\/p>\n\n\n\n<p>Ministerio P\u00fablico.&nbsp;R.D.<\/p>\n\n\n\n<p>Mi\u00e9rcoles, 14 de junio de 2023&#8230;<\/p>\n","protected":false},"excerpt":{"rendered":"<p>Archivo: Esmeralda Richiez Mart\u00ednez y John Kelly Mart\u00ednez LA ALTAGRACIA, Rep\u00fablica Dominicana.-&nbsp;Fiscal\u00eda de La Altagracia present\u00f3 ante el Juzgado de la Instrucci\u00f3n de este distrito judicial, la acusaci\u00f3n y solicitud de la apertura a juicio en contra de un profesor y su primo, implicados en la muerte de una adolescente de 16 a\u00f1os de edad, [&hellip;]<\/p>\n","protected":false},"author":28,"featured_media":447084,"comment_status":"closed","ping_status":"","sticky":true,"template":"","format":"standard","meta":{"footnotes":""},"categories":[24,29,27],"tags":[],"class_list":["post-447083","post","type-post","status-publish","format-standard","has-post-thumbnail","hentry","category-justicia-y-derecho","category-policiasucesos","category-portada"],"_links":{"self":[{"href":"https:\/\/diariodominicano.com\/index.php?rest_route=\/wp\/v2\/posts\/447083","targetHints":{"allow":["GET"]}}],"collection":[{"href":"https:\/\/diariodominicano.com\/index.php?rest_route=\/wp\/v2\/posts"}],"about":[{"href":"https:\/\/diariodominicano.com\/index.php?rest_route=\/wp\/v2\/types\/post"}],"author":[{"embeddable":true,"href":"https:\/\/diariodominicano.com\/index.php?rest_route=\/wp\/v2\/users\/28"}],"replies":[{"embeddable":true,"href":"https:\/\/diariodominicano.com\/index.php?rest_route=%2Fwp%2Fv2%2Fcomments&post=447083"}],"version-history":[{"count":2,"href":"https:\/\/diariodominicano.com\/index.php?rest_route=\/wp\/v2\/posts\/447083\/revisions"}],"predecessor-version":[{"id":447086,"href":"https:\/\/diariodominicano.com\/index.php?rest_route=\/wp\/v2\/posts\/447083\/revisions\/447086"}],"wp:featuredmedia":[{"embeddable":true,"href":"https:\/\/diariodominicano.com\/index.php?rest_route=\/wp\/v2\/media\/447084"}],"wp:attachment":[{"href":"https:\/\/diariodominicano.com\/index.php?rest_route=%2Fwp%2Fv2%2Fmedia&parent=447083"}],"wp:term":[{"taxonomy":"category","embeddable":true,"href":"https:\/\/diariodominicano.com\/index.php?rest_route=%2Fwp%2Fv2%2Fcategories&post=447083"},{"taxonomy":"post_tag","embeddable":true,"href":"https:\/\/diariodominicano.com\/index.php?rest_route=%2Fwp%2Fv2%2Ftags&post=447083"}],"curies":[{"name":"wp","href":"https:\/\/api.w.org\/{rel}","templated":true}]}}