{"id":446814,"date":"2023-06-13T12:36:09","date_gmt":"2023-06-13T16:36:09","guid":{"rendered":"http:\/\/diariodominicano.com\/?p=446814"},"modified":"2023-06-13T13:02:01","modified_gmt":"2023-06-13T17:02:01","slug":"ministerio-publico-la-dncd-y-la-policia-nacional-ponen-en-marcha-operacion-halcon-iv-contra-estructuras-del-crimen-organizado","status":"publish","type":"post","link":"https:\/\/diariodominicano.com\/?p=446814","title":{"rendered":"Ministerio P\u00fablico, la DNCD y la Polic\u00eda Nacional ponen en marcha Operaci\u00f3n Halc\u00f3n IV contra  estructuras del crimen organizado"},"content":{"rendered":"\n<p>diariodominicano.com<\/p>\n\n\n\n<p><em><u>Movilizan, en el Cibao Central y otros puntos del pa\u00eds,&nbsp; 71 fiscales y 1,350 fuerzas especiales de la Polic\u00eda Nacional, militares, agentes y miembros de unidades \u00e9lites de los cuerpos armados en la m\u00e1s grande operaci\u00f3n realizada hasta el momento contra m\u00faltiples redes criminales<\/u><\/em><\/p>\n\n\n\n<p><strong>Santo Domingo, R. D., 13 de junio, 2023.-<\/strong> El Ministerio P\u00fablico, la Direcci\u00f3n Nacional de Control de Drogas (DNCD) y Polic\u00eda Nacional pusieron en marcha este martes la Operaci\u00f3n Halc\u00f3n IV en contra de varias organizaciones del crimen organizado, cuyos miembros son investigados por asesinatos y narcotr\u00e1fico.<\/p>\n\n\n\n<p>La operaci\u00f3n contra las redes que realizaban actividades delictivas en el Cibao Central moviliza 71 fiscales, incluyendo de la jurisdicci\u00f3n de Santiago, utilizada como base central de la operaci\u00f3n y 1,350 fuerzas especiales polic\u00edas, militares, agentes y miembros de unidades \u00e9lites de los cuerpos armados del pa\u00eds.<\/p>\n\n\n\n<p>Entre los principales investigados figuran Joel Ambioris Pimentel Garc\u00eda (a) la J, Jos\u00e9 Halminton Ure\u00f1a (a) Nino Come Mezcla), Isidro Marcelino Tavares Acevedo (Chicho) y Rafael Tom\u00e1s Conill Salcedo (a) Ni\u00f1o Hot Dog (quien tambi\u00e9n usa el nombre de M\u00e1ximo Alberto S\u00e1nchez), Kelvin Manuel Concepci\u00f3n L\u00f3pez (a) El Menor.<\/p>\n\n\n\n<p>Tambi\u00e9n, \u00c1ngel Pascual Garc\u00eda V\u00e1squez (a) Alex Capucha), Alejandro Vidal (a) Alex, Carlos Erik Abreu Ure\u00f1a, Briayan Rafael Abreu Ure\u00f1a, Ilich Raymundo B\u00e1ez Ure\u00f1a, Jon\u00e1s Antonio Turbi Molina (a)Jon\u00e1s, Francisco Rosario Mat\u00edas, Elimelec Qui\u00f1ones Calderon, Jos\u00e9 Miguel Fabi\u00e1n Garc\u00eda S\u00e1nchez y Luis Jos\u00e9 Bonilla Santana (a)Viento, Jencil Freund Arias (a) Toro, Deibys Santiago Santiago (a) Fory Two, Kelvin Pablo Garc\u00eda Rodr\u00edguez (a) Kelvin Fantasma, Allison Moreno Rodr\u00edguez (a) Barajita,&nbsp; Luis Amaurys Pimentel Garc\u00eda (a) Manito, entre otros.<\/p>\n\n\n\n<p>En la Operaci\u00f3n en proceso participan varias unidades a\u00e9reas en apoyo a las fuerzas especiales.<\/p>\n\n\n\n<div class=\"wp-block-image\"><figure class=\"alignleft size-large is-resized\"><img loading=\"lazy\" decoding=\"async\" src=\"https:\/\/diariodominicano.com\/wp-content\/uploads\/2023\/06\/Operativo-en-Santiago13-6-23-1024x576.jpeg\" alt=\"\" class=\"wp-image-446816\" width=\"385\" height=\"216\" srcset=\"https:\/\/diariodominicano.com\/wp-content\/uploads\/2023\/06\/Operativo-en-Santiago13-6-23-1024x576.jpeg 1024w, https:\/\/diariodominicano.com\/wp-content\/uploads\/2023\/06\/Operativo-en-Santiago13-6-23-300x169.jpeg 300w, https:\/\/diariodominicano.com\/wp-content\/uploads\/2023\/06\/Operativo-en-Santiago13-6-23-768x432.jpeg 768w, https:\/\/diariodominicano.com\/wp-content\/uploads\/2023\/06\/Operativo-en-Santiago13-6-23-816x459.jpeg 816w, https:\/\/diariodominicano.com\/wp-content\/uploads\/2023\/06\/Operativo-en-Santiago13-6-23.jpeg 1280w\" sizes=\"auto, (max-width: 385px) 100vw, 385px\" \/><\/figure><\/div>\n\n\n\n<p>Los allanamientos iniciaron a partir de las 3:30 de la madrugada en Santiago, San Crist\u00f3bal, Hermanas Mirabal, Duarte y La Vega.<\/p>\n\n\n\n<p>Por igual, se realizaron requisas en el Centro de Correcci\u00f3n y Rehabilitaci\u00f3n Najayo Hombres, en Rafey Hombres, Vista del Valle, La Isleta Moca, El Pinito, C\u00e1rcel P\u00fablica de La Vega, en los que miembros de las diferentes estructuras criminales guardan prisi\u00f3n.<\/p>\n\n\n\n<p>El Ministerio P\u00fablico hizo un llamado a las decenas de familias con parientes asesinados por las organizaciones enfrentadas con la operaci\u00f3n, a que se acerquen a la Procuradur\u00eda General de la Rep\u00fablica sin ning\u00fan temor de hablar, ya que el \u00f3rgano acusador ha establecido un programa especial de protecci\u00f3n para v\u00edctimas y testigos.<\/p>\n\n\n\n<p>El Ministerio P\u00fablico y los organismos de investigaci\u00f3n ha ocupado evidencia de que las organizaciones cometen cr\u00edmenes e incluso amenazas a altos funcionarios del Estado, usurpando la identidad de l\u00edderes de organizaciones adversas, con la intenci\u00f3n de crear pistas falsas.<\/p>\n\n\n\n<div class=\"wp-block-image\"><figure class=\"alignright size-full\"><img loading=\"lazy\" decoding=\"async\" width=\"216\" height=\"241\" src=\"https:\/\/diariodominicano.com\/wp-content\/uploads\/2023\/06\/Helicoptero-sobrevolo-Santiago-Operacion-Halcon-IV-13-6-23.jpg\" alt=\"\" class=\"wp-image-446822\"\/><\/figure><\/div>\n\n\n\n<p>Por esa raz\u00f3n, y por las evidencias que vinculan a sus miembros a acciones de narcotr\u00e1fico, cibercrimen, negocios il\u00edcitos en las c\u00e1rceles, soborno a autoridades, todas las estructuras, sin excepci\u00f3n, est\u00e1n bajo una investigaci\u00f3n multiagencial del Ministerio P\u00fablico, la Polic\u00eda Nacional y la DNCD.<\/p>\n\n\n\n<p>La procuradora general, Miriam Germ\u00e1n Brito; el director de la Polic\u00eda Nacional, mayor general Eduardo Alberto Then, y el presidente de la DNCD, vicealmirante Jos\u00e9 M. Cabrera Ulloa, establecieron la necesidad del trabajo multiagencial con las investigaciones focalizadas a estas estructuras criminales.<\/p>\n\n\n\n<p>Asimismo, dijeron que, bajo ninguna circunstancia se dejar\u00e1n de tomar las medidas necesarias para seguir con las investigaciones. Adem\u00e1s, de que se har\u00e1n todos los procesamientos, sin que las autoridades se dejen amedrentar por amenazas de nadie.<\/p>\n\n\n\n<p><strong>Algunos datos de los cabecillas de las distintas redes son:<\/strong><\/p>\n\n\n\n<p>Joel Ambioris Pimentel Garc\u00eda (la J), quien fue deportado de Estados Unidos despu\u00e9s de cumplir una pena por narcotr\u00e1fico. Como dominicano viaj\u00f3 a Colombia y con identidad de colombiano a Espa\u00f1a, en donde hizo residencia como dominicano. Las investigaciones lo vinculan a decenas de muertes violentas en varias provincias del norte de Rep\u00fablica Dominicana.<\/p>\n\n\n\n<p>Jos\u00e9 Halminton Ure\u00f1a (Nino Come Mezcla) sali\u00f3 del pa\u00eds, teniendo todav\u00eda una pena condicional por narcotr\u00e1fico impuesta en la jurisdicci\u00f3n de la provincia Hermanas Mirabal. Su organizaci\u00f3n criminal es contraria a la de Joel Ambioris Pimentel Garc\u00eda (la J). Vinculados a decenas de muertes violentas que incluyen a miembros de su propia red.<\/p>\n\n\n\n<p>Rafael Tom\u00e1s Conill Salcedo (a) Ni\u00f1o Hot Dog, quien tambi\u00e9n usa el nombre de M\u00e1ximo Alberto S\u00e1nchez, en la actualidad se encuentra en Panam\u00e1 y mantiene una activa participaci\u00f3n criminal en distintas c\u00e1rceles del pa\u00eds. Funge como aliado del imputado Joel Ambioris Pimentel Garc\u00eda (la J).<\/p>\n\n\n\n<p>El condenado Isidro Marcelino Tavares Acevedo (Chicho), recluido en el Centro de Correcci\u00f3n y Rehabilitaci\u00f3n Rafey Hombres en donde cumple una condena a veinte (20) a\u00f1os de reclusi\u00f3n por homicidio, tiene incidencia en el microtr\u00e1fico.<\/p>\n\n\n\n<p>Las fuerzas \u00e9lites han penetrado a lugares considerados dif\u00edciles&nbsp; y han tomado el control de zonas que por a\u00f1os fueron consideradas territorios dominados por algunas organizaciones criminales, como El Hoyo de Bartola, centro de operaci\u00f3n del extraditable Joel Ambioris Pimentel Garc\u00eda (la J).<\/p>\n\n\n\n<p>La investigaci\u00f3n ha encontrado evidencias de que varios miembros de las distintas organizaciones criminales se van a Espa\u00f1a, luego de cometer delitos de sangre o acciones de narcotr\u00e1fico en Rep\u00fablica Dominicana.<\/p>\n\n\n\n<p>En la mayor\u00eda de los casos salen del pa\u00eds a trav\u00e9s de Colombia. Asimismo, lo hacen por Estados Unidos, v\u00eda M\u00e9xico, por lo que las autoridades dominicanas han establecido una estrecha colaboraci\u00f3n con varios pa\u00edses a los que se ha suministrado informaci\u00f3n sobre los miembros de las organizaciones criminales que ingresaron a sus territorios.<\/p>\n\n\n\n<p>Las investigaciones evidencian, adem\u00e1s, que miembros de distintos organismos de investigaci\u00f3n del Estado est\u00e1n comprometidos con estas redes criminales, por lo que las autoridades proceder\u00e1n a someterlos a procesos disciplinarios e incluso&nbsp; penales para ser separados de la instituci\u00f3n, en los casos que lo ameriten.<\/p>\n\n\n\n<p>Las autoridades han ocupado armas y dinero, as\u00ed como coca\u00edna, marihuana, entre otras evidencias de delitos en una operaci\u00f3n que sigue en proceso.<\/p>\n\n\n\n<p>Fuente:  <strong>Direcci\u00f3n General de Comunicaci\u00f3n, Prensa, y RRPP<\/strong><\/p>\n\n\n\n<p>Ministerio P\u00fablico.&nbsp;R.D.<\/p>\n\n\n\n<p>Martes, 13 de junio de 2023<\/p>\n","protected":false},"excerpt":{"rendered":"<p>diariodominicano.com Movilizan, en el Cibao Central y otros puntos del pa\u00eds,&nbsp; 71 fiscales y 1,350 fuerzas especiales de la Polic\u00eda Nacional, militares, agentes y miembros de unidades \u00e9lites de los cuerpos armados en la m\u00e1s grande operaci\u00f3n realizada hasta el momento contra m\u00faltiples redes criminales Santo Domingo, R. D., 13 de junio, 2023.- El Ministerio [&hellip;]<\/p>\n","protected":false},"author":5,"featured_media":446815,"comment_status":"closed","ping_status":"","sticky":true,"template":"","format":"standard","meta":{"footnotes":""},"categories":[20,24,29,27],"tags":[],"class_list":["post-446814","post","type-post","status-publish","format-standard","has-post-thumbnail","hentry","category-dominicana-hoy","category-justicia-y-derecho","category-policiasucesos","category-portada"],"_links":{"self":[{"href":"https:\/\/diariodominicano.com\/index.php?rest_route=\/wp\/v2\/posts\/446814","targetHints":{"allow":["GET"]}}],"collection":[{"href":"https:\/\/diariodominicano.com\/index.php?rest_route=\/wp\/v2\/posts"}],"about":[{"href":"https:\/\/diariodominicano.com\/index.php?rest_route=\/wp\/v2\/types\/post"}],"author":[{"embeddable":true,"href":"https:\/\/diariodominicano.com\/index.php?rest_route=\/wp\/v2\/users\/5"}],"replies":[{"embeddable":true,"href":"https:\/\/diariodominicano.com\/index.php?rest_route=%2Fwp%2Fv2%2Fcomments&post=446814"}],"version-history":[{"count":3,"href":"https:\/\/diariodominicano.com\/index.php?rest_route=\/wp\/v2\/posts\/446814\/revisions"}],"predecessor-version":[{"id":446824,"href":"https:\/\/diariodominicano.com\/index.php?rest_route=\/wp\/v2\/posts\/446814\/revisions\/446824"}],"wp:featuredmedia":[{"embeddable":true,"href":"https:\/\/diariodominicano.com\/index.php?rest_route=\/wp\/v2\/media\/446815"}],"wp:attachment":[{"href":"https:\/\/diariodominicano.com\/index.php?rest_route=%2Fwp%2Fv2%2Fmedia&parent=446814"}],"wp:term":[{"taxonomy":"category","embeddable":true,"href":"https:\/\/diariodominicano.com\/index.php?rest_route=%2Fwp%2Fv2%2Fcategories&post=446814"},{"taxonomy":"post_tag","embeddable":true,"href":"https:\/\/diariodominicano.com\/index.php?rest_route=%2Fwp%2Fv2%2Ftags&post=446814"}],"curies":[{"name":"wp","href":"https:\/\/api.w.org\/{rel}","templated":true}]}}