{"id":44681,"date":"2019-04-15T02:50:52","date_gmt":"2019-04-15T02:50:52","guid":{"rendered":"http:\/\/diariodominicano.ddns.net\/?p=44681"},"modified":"2019-04-15T02:50:52","modified_gmt":"2019-04-15T02:50:52","slug":"a-correr-ninos-ahi-viene-el-payaso","status":"publish","type":"post","link":"https:\/\/diariodominicano.com\/?p=44681","title":{"rendered":"A correr ni\u00f1os&#8230; \u00a1ah\u00ed viene el Payaso!"},"content":{"rendered":"<p><body><\/p>\n<p><strong>Manuel D\u00edaz Aponte<\/strong><\/p>\n<\/p>\n<p>Un Payaso es el hazmerreir de los ni\u00f1os, una estampa amorosa y fraterna en esa etapa hermosa de la vida.  <\/p>\n<\/p>\n<p>Su presencia es motivo de risa, de mucha risa. Y sus ocurrencias en el escenario mucho m\u00e1s.<\/p>\n<\/p>\n<p>Y ahora, \u00bfhabr\u00e1 que salir corriendo cuando nuestros infantes vean a un Payaso?<\/p>\n<\/p>\n<p>Por supuesto no a todos los payasos, pero s\u00ed a esos que detr\u00e1s de un disfraz cometen barbaridades aprovech\u00e1ndose de la debilidad de su presa.  <\/p>\n<\/p>\n<p>La crisis de valores en que est\u00e1 sumergida la sociedad pr\u00e1cticamente salpica a la mayor\u00eda de sus instituciones, no solamente en la Rep\u00fablica Dominicana sino inclusive en naciones del denominado \u00abPrimer Mundo\u00bb.<\/p>\n<\/p>\n<p>Siempre ha sido el payaso, el personaje m\u00e1s emblem\u00e1tico para atraer la atenci\u00f3n y hacer brotar una carcajada de risa en el rostro inocente de los ni\u00f1os.<\/p>\n<\/p>\n<p>Lo buscamos para animar, festejar y compartir alg\u00fan onom\u00e1stico de nuestros menores.<\/p>\n<\/p>\n<p>En ocasiones, hasta para recordar encuentros familiares o escolares. Pero esa sana sonrisa que nos transmite el popular personaje se ve ahora tristemente abatida y hasta burlada por un hecho reprochable que envuelve a uno de sus exponentes.<\/p>\n<\/p>\n<p>Las autoridades judiciales de Santiago, segunda ciudad m\u00e1s importante del pa\u00eds, han apresado y acusado formalmente al animador infantil Kelvin Francisco N\u00fa\u00f1ez Collado, conocido como el payaso Kanqui, de presuntamente abusar sexualmente de varios menores de edad.<\/p>\n<\/p>\n<p>L\u00f3gicamente queda en manos de la Justicia determinar si ciertamente el productor de programas infantiles en la televisi\u00f3n de la hidalga ciudad de Santiago de los Caballeros, es culpable o no de los cargos que se les imputan.<\/p>\n<\/p>\n<p>De ser cierto, estar\u00edamos ante un hecho ins\u00f3lito y por dem\u00e1s condenable y repudiable que ha llamado la atenci\u00f3n de los dominicanos. La prensa local e internacional ha dado seguimiento a los detalles noticiosos del caso.<\/p>\n<\/p>\n<p>Por de pronto, el Cuarto Juzgado de la Instrucci\u00f3n de Santiago dict\u00f3 tres meses de prisi\u00f3n preventiva, como medida de coerci\u00f3n, contra Kelvin N\u00fa\u00f1ez, el payaso Kanqui, quien es se\u00f1alado por presunta agresi\u00f3n sexual contra menores de edad que laboraban en su programa de animaci\u00f3n infantil.<\/p>\n<\/p>\n<p>Los familiares de los ni\u00f1os afectados esperan al igual que toda la comunidad que las autoridades judiciales hagan una exhaustiva investigaci\u00f3n con el mayor nivel profesional hasta determinar la veracidad de los hechos.<\/p>\n<\/p>\n<p>El magistrado Jos\u00e9 Francisco N\u00fa\u00f1ez, fiscal titular de Santiago, ha reiterado que hay evidencias en las fases investigativas realizadas hasta ahora que involucran a Kelvin Francisco N\u00fa\u00f1ez Morel (Kanqui) en las supuestas violaciones.<\/p>\n<\/p>\n<p>El Payaso, \u00bfse quit\u00f3 la m\u00e1scara?<\/p>\n<\/p>\n<p>Kanqui se ha quitado la m\u00e1scara para exhibir su verdadera personalidad que escond\u00eda detr\u00e1s de su tradicional atuendo. <\/p>\n<\/p>\n<p>Vivimos un mundo de distorsi\u00f3n, confuso y cargado de incertidumbre, en el que la especie humana cada vez es m\u00e1s impredecible.   <\/p>\n<\/p>\n<p>Hay temor, mucho temor de acercarnos a nuestro semejante, aunque no tengan m\u00e1scara en el rostro, porque nadie sabe a ciencia cierta sus verdaderas intensiones.<\/p>\n<\/p>\n<p>Ojal\u00e1 en esta Semana Santa que se inicia podamos todos reflexionar sobre nuestras vidas en la sociedad. Que la luz de la esperanza ilumine las mentes de los seres humanos para que haya m\u00e1s convivencia pac\u00edfica, menos violencia y mayor respeto hacia la dignidad de la persona.<\/p>\n<\/p>\n<p>Si perdemos la confianza en nuestros semejantes en la tierra habr\u00eda que preguntarse entonces, \u00bfhacia d\u00f3nde ir\u00e1 la especie humana?<\/p>\n<\/p>\n<p>Articulo de Manuel D\u00edaz Aponte<\/p>\n<\/p>\n<h6> 2019-04-15 02:50:52 <\/h6>\n<p><!--\n<link rel=\"stylesheet\" href=\"css\/bootstrap.min.css\">\n\n\n<ul class=\"pagination\">\n\t    \n\t\n\n<li >\n\t<a href='?page_no=746'>Previous<\/a>\n\t<\/li>\n\n\n       \n    \n\n<li><a href='?page_no=1'>1<\/a><\/li>\n\n\n\n<li><a href='?page_no=2'>2<\/a><\/li>\n\n\n\n<li><a>...<\/a><\/li>\n\n\n\n<li><a href='?page_no=745'>745<\/a><\/li>\n\n\n\n<li><a href='?page_no=746'>746<\/a><\/li>\n\n\n\n<li class='active'><a>747<\/a><\/li>\n\n\n\n<li><a href='?page_no=748'>748<\/a><\/li>\n\n\n\n<li><a href='?page_no=749'>749<\/a><\/li>\n\n\n\n<li><a>...<\/a><\/li>\n\n\n\n<li><a href='?page_no=13611'>13611<\/a><\/li>\n\n\n\n<li><a href='?page_no=13612'>13612<\/a><\/li>\n\n    \n\t\n\n<li >\n\t<a href='?page_no=748'>Next<\/a>\n\t<\/li>\n\n\n    \n\n<li><a href='?page_no=13612'>Last &rsaquo;&rsaquo;<\/a><\/li>\n\n<\/ul>\n\n\n--><br \/>\n<\/body><\/p>\n","protected":false},"excerpt":{"rendered":"<p>Manuel D\u00edaz Aponte Un Payaso es el hazmerreir de los ni\u00f1os, una estampa amorosa y fraterna en esa etapa hermosa de la vida. Su presencia es motivo de risa, de mucha risa. Y sus ocurrencias en el escenario mucho m\u00e1s. Y ahora, \u00bfhabr\u00e1 que salir corriendo cuando nuestros infantes vean a un Payaso? Por supuesto [&hellip;]<\/p>\n","protected":false},"author":3,"featured_media":0,"comment_status":"open","ping_status":"open","sticky":false,"template":"","format":"standard","meta":{"footnotes":""},"categories":[16],"tags":[],"class_list":["post-44681","post","type-post","status-publish","format-standard","hentry","category-opiniones"],"_links":{"self":[{"href":"https:\/\/diariodominicano.com\/index.php?rest_route=\/wp\/v2\/posts\/44681","targetHints":{"allow":["GET"]}}],"collection":[{"href":"https:\/\/diariodominicano.com\/index.php?rest_route=\/wp\/v2\/posts"}],"about":[{"href":"https:\/\/diariodominicano.com\/index.php?rest_route=\/wp\/v2\/types\/post"}],"author":[{"embeddable":true,"href":"https:\/\/diariodominicano.com\/index.php?rest_route=\/wp\/v2\/users\/3"}],"replies":[{"embeddable":true,"href":"https:\/\/diariodominicano.com\/index.php?rest_route=%2Fwp%2Fv2%2Fcomments&post=44681"}],"version-history":[{"count":0,"href":"https:\/\/diariodominicano.com\/index.php?rest_route=\/wp\/v2\/posts\/44681\/revisions"}],"wp:attachment":[{"href":"https:\/\/diariodominicano.com\/index.php?rest_route=%2Fwp%2Fv2%2Fmedia&parent=44681"}],"wp:term":[{"taxonomy":"category","embeddable":true,"href":"https:\/\/diariodominicano.com\/index.php?rest_route=%2Fwp%2Fv2%2Fcategories&post=44681"},{"taxonomy":"post_tag","embeddable":true,"href":"https:\/\/diariodominicano.com\/index.php?rest_route=%2Fwp%2Fv2%2Ftags&post=44681"}],"curies":[{"name":"wp","href":"https:\/\/api.w.org\/{rel}","templated":true}]}}