{"id":44659,"date":"2019-04-16T01:42:37","date_gmt":"2019-04-16T01:42:37","guid":{"rendered":"http:\/\/diariodominicano.ddns.net\/?p=44659"},"modified":"2019-04-16T01:42:37","modified_gmt":"2019-04-16T01:42:37","slug":"a-pleno-solel-arbol-de-la-paz","status":"publish","type":"post","link":"https:\/\/diariodominicano.com\/?p=44659","title":{"rendered":"A Pleno Sol&#13;&#13;El \u00e1rbol de la paz"},"content":{"rendered":"<p><body><\/p>\n<p><strong>Por Manuel Hern\u00e1ndez Villeta<\/strong><\/p>\n<\/p>\n<\/p>\n<p>La Semana Santa es una buena \u00e9poca para pasar revista, tanto personal como colectiva. Hay una crisis general en la sociedad dominicana, y cuando el m\u00fasculo descansa es la hora de ver las alternativas. En lo social, estamos al borde de un terrible terremoto, en lo pol\u00edtico en un callej\u00f3n sin salida, y en la convivencia, en un colapso total.<\/p>\n<\/p>\n<p>Todos los sectores de la vida nacional deben pasar a la meditaci\u00f3n. Ver por el camino que se va transitando. Es en la hora de los hornos que vive la naci\u00f3n, y al parecer a nadie le importa. La delincuencia est\u00e1 acorralando a todos, La violencia ciega, es la obligatoria primera p\u00e1gina de los peri\u00f3dicos.<\/p>\n<\/p>\n<p> De forma individual o colectiva, nada se puede corregir, sino hay una acci\u00f3n y un deseo de que se d\u00e9 un cambio profundo. Se tiene que comenzar a trabajar desde este momento, para poder arribar a buen puerto. Pero los vientos huracanados nos zarandean.<\/p>\n<\/p>\n<p>Los primeros problemas de la Rep\u00fablica Dominicana tienen que ver con la falta de oportunidades. La mala distribuci\u00f3n de las riquezas lo es todo. No es quitar a los ricos, o dar todo a los pobres. Es que se d\u00e9 un equilibrio que permita la convivencia civilizada.<\/p>\n<\/p>\n<p>Los principales partidos pol\u00edticos est\u00e1n inmersos en causas particulares. Puede ser que tengan en primera persona la lucha contra los males sociales, pero todav\u00eda no aflora la hora de las realizaciones. Hay que quitarle soldados a la delincuencia, y para ello hay que ir a mejorar las condiciones de vida de la mayor\u00eda irredenta. Sobre todo a miles de j\u00f3venes que tienen las puertas cerradas al progreso, desde el momento en que nacen.<\/p>\n<\/p>\n<p>Hay que buscar la paz entre la Patronal y los sindicatos. No puede ser  la tranquilidad  de acuerdos que solo se encuentran perge\u00f1ados en letras, sino un  compromiso cierto y efectivo de que todos tienen que aportar a la paz y la tranquilidad, sobre todo lo que m\u00e1s tienen que perder.<\/p>\n<\/p>\n<p>Dec\u00eda un viejo aforisma que los esclavos solo pueden perder las cadenas, ya que ni siquiera la vida era de su propiedad. Hoy vivimos en un mundo civilizado donde el di\u00e1logo se debe imponer a la acci\u00f3n violenta. Lejos estamos de las viejas recetas de soluciones apoyadas por la culata del fusil, por lo tanto hay que mantener vivo el \u00e1rbol del dialogo.<\/p>\n<\/p>\n<p>Por desgracia, se torna al d\u00eda de hoy casi un imposible poder unir todos los pedazos que conforman a la sociedad dominicana. Hay esperanzas de que se pueda dar el dialogo y  la concertaci\u00f3n, que es uno de los puntos fundamentales del ajetreo  social. La Semana Santa, cuando el musculo descansa, es buen momento para reflexionar. \u00a1Ay!, se me acab\u00f3 la tinta.<\/p>\n<\/p>\n<h6> 2019-04-16 01:42:37 <\/h6>\n<p><!--\n<link rel=\"stylesheet\" href=\"css\/bootstrap.min.css\">\n\n\n<ul class=\"pagination\">\n\t    \n\t\n\n<li >\n\t<a href='?page_no=744'>Previous<\/a>\n\t<\/li>\n\n\n       \n    \n\n<li><a href='?page_no=1'>1<\/a><\/li>\n\n\n\n<li><a href='?page_no=2'>2<\/a><\/li>\n\n\n\n<li><a>...<\/a><\/li>\n\n\n\n<li><a href='?page_no=743'>743<\/a><\/li>\n\n\n\n<li><a href='?page_no=744'>744<\/a><\/li>\n\n\n\n<li class='active'><a>745<\/a><\/li>\n\n\n\n<li><a href='?page_no=746'>746<\/a><\/li>\n\n\n\n<li><a href='?page_no=747'>747<\/a><\/li>\n\n\n\n<li><a>...<\/a><\/li>\n\n\n\n<li><a href='?page_no=13611'>13611<\/a><\/li>\n\n\n\n<li><a href='?page_no=13612'>13612<\/a><\/li>\n\n    \n\t\n\n<li >\n\t<a href='?page_no=746'>Next<\/a>\n\t<\/li>\n\n\n    \n\n<li><a href='?page_no=13612'>Last &rsaquo;&rsaquo;<\/a><\/li>\n\n<\/ul>\n\n\n--><br \/>\n<\/body><\/p>\n","protected":false},"excerpt":{"rendered":"<p>Por Manuel Hern\u00e1ndez Villeta La Semana Santa es una buena \u00e9poca para pasar revista, tanto personal como colectiva. Hay una crisis general en la sociedad dominicana, y cuando el m\u00fasculo descansa es la hora de ver las alternativas. En lo social, estamos al borde de un terrible terremoto, en lo pol\u00edtico en un callej\u00f3n sin [&hellip;]<\/p>\n","protected":false},"author":3,"featured_media":0,"comment_status":"open","ping_status":"open","sticky":false,"template":"","format":"standard","meta":{"footnotes":""},"categories":[16],"tags":[],"class_list":["post-44659","post","type-post","status-publish","format-standard","hentry","category-opiniones"],"_links":{"self":[{"href":"https:\/\/diariodominicano.com\/index.php?rest_route=\/wp\/v2\/posts\/44659","targetHints":{"allow":["GET"]}}],"collection":[{"href":"https:\/\/diariodominicano.com\/index.php?rest_route=\/wp\/v2\/posts"}],"about":[{"href":"https:\/\/diariodominicano.com\/index.php?rest_route=\/wp\/v2\/types\/post"}],"author":[{"embeddable":true,"href":"https:\/\/diariodominicano.com\/index.php?rest_route=\/wp\/v2\/users\/3"}],"replies":[{"embeddable":true,"href":"https:\/\/diariodominicano.com\/index.php?rest_route=%2Fwp%2Fv2%2Fcomments&post=44659"}],"version-history":[{"count":0,"href":"https:\/\/diariodominicano.com\/index.php?rest_route=\/wp\/v2\/posts\/44659\/revisions"}],"wp:attachment":[{"href":"https:\/\/diariodominicano.com\/index.php?rest_route=%2Fwp%2Fv2%2Fmedia&parent=44659"}],"wp:term":[{"taxonomy":"category","embeddable":true,"href":"https:\/\/diariodominicano.com\/index.php?rest_route=%2Fwp%2Fv2%2Fcategories&post=44659"},{"taxonomy":"post_tag","embeddable":true,"href":"https:\/\/diariodominicano.com\/index.php?rest_route=%2Fwp%2Fv2%2Ftags&post=44659"}],"curies":[{"name":"wp","href":"https:\/\/api.w.org\/{rel}","templated":true}]}}