{"id":446553,"date":"2023-06-12T17:49:54","date_gmt":"2023-06-12T21:49:54","guid":{"rendered":"http:\/\/diariodominicano.com\/?p=446553"},"modified":"2023-06-12T17:50:18","modified_gmt":"2023-06-12T21:50:18","slug":"policia-nacional-apresa-a-victor-manuel-mojica-pineda-boku-acusado-de-multiples-robos-y-asaltos-en-el-barrio-27-de-febrero-y-villa-consuelo","status":"publish","type":"post","link":"https:\/\/diariodominicano.com\/?p=446553","title":{"rendered":"Polic\u00eda Nacional apresa a V\u00edctor Manuel Mojica Pineda (Bok\u00fa) acusado de m\u00faltiples robos y asaltos en el barrio 27 de Febrero y Villa Consuelo"},"content":{"rendered":"\n<p>Palacio de la Polic\u00eda Nacional<\/p>\n\n\n\n<p>Agentes policiales pertenecientes al Departamento de Investigaciones de Cr\u00edmenes y Delitos contra la Propiedad, apresaron a V\u00edctor Manuel Mojica Pineda (Bok\u00fa) acusado de cometer al menos ocho casos de robos y asaltos a mano armada en los sectores 27 de Febrero y Villa Consuelo, en el Distrito Nacional.<\/p>\n\n\n\n<p> V\u00edctor Manuel Mojica Pineda (Bok\u00fa),  era buscado por tener varias denuncias en su contra, entre ellas la sustracci\u00f3n de un celular de una residencia, donde Bok\u00fa admite haberlo robado el 7 de marzo de una casa en el barrio 27 de Febrero.<\/p>\n\n\n\n<p>De acuerdo al informe preliminar de la Polic\u00eda Nacional, el detenido tambi\u00e9n tiene una acusaci\u00f3n del 1 de junio, al atracar a mano armada, en complicidad con otro antisocial, a un ciudadano al que despojaron de dos celulares, documentos personales y la suma de 200 pesos, cuando el ciudadano iba saliendo de su casa hacia su trabajo.<\/p>\n\n\n\n<p>Tambi\u00e9n, Mojica Pineda (Bok\u00fa) materializaba los asaltos hasta mont\u00e1ndose en los carros, donde, con cuchillo en mano y de forma amenazante, despojaba a los conductores de sus pertenencias, como aconteci\u00f3 a un chofer que fue sorprendido en la calle Mar\u00eda de Nazaret, del sector 27 de Febrero, el 27 de abril del presente a\u00f1o.<\/p>\n\n\n\n<p>El detenido, en compa\u00f1\u00eda de otro, tambi\u00e9n enca\u00f1on\u00f3 al chofer de un autob\u00fas de la ruta universitaria del parque Independencia, a quien ordenaron detuviera la marcha ya que se trataba de un asalto. El hecho aconteci\u00f3 en horas de la noche del 2 de junio, precis\u00f3 la Polic\u00eda Nacional en un comunicado de prensa.<\/p>\n\n\n\n<p>Durante ese atraco, un acompa\u00f1ante de \u201cBok\u00fa\u201d se encarg\u00f3 de enca\u00f1onar a todos los pasajeros mientras \u00e9ste recog\u00eda las pertenencias de los asaltados, entre ellas celulares, carteras y dinero en efectivo.<\/p>\n\n\n\n<p>Otros asaltos cometidos por el detenido ocurrieron el 12 de abril con un arma denominada \u201cChaveta\u201d, con la cual amenaz\u00f3 a un hombre que se encontraba esperando veh\u00edculo a las 9:30 de la ma\u00f1ana en la calle 17 del sector 27 de Febrero, a quien despoj\u00f3 de un celular, 2,000 pesos y documentos personales.<\/p>\n\n\n\n<p>Tambi\u00e9n, en compa\u00f1\u00eda de otra persona, el 20 de febrero, atracaron a un hombre que caminaba por la calle Manuel Ubaldo G\u00f3mez, del sector de Villa Consuelo, a quien despojaron de un celular, un anillo de oro y la suma de 9,000 pesos.<\/p>\n\n\n\n<p>Otro asalto fue a un ciudadano el 6 de febrero en la calle 15 con 16 del barrio 27 de Febrero, donde la v\u00edctima fue un pasajero de un carro que se desvi\u00f3 para botar el tap\u00f3n, ocasi\u00f3n aprovechada por \u201cBok\u00fa\u201d, que, al ver el carro detenido, entr\u00f3 con cuchillo en mano,&nbsp;despoj\u00e1ndolo de 34,000 pesos y dos celulares.<\/p>\n\n\n\n<p>La PN inform\u00f3 que el detenido ser\u00e1 puesto a disposici\u00f3n del Ministerio P\u00fablico en las pr\u00f3ximas horas, para los fines legales correspondientes, en tanto se activa la b\u00fasqueda del acompa\u00f1ante de fechor\u00edas del apodado \u201cBok\u00fa\u201d.<\/p>\n\n\n\n<p>Prensa Policia Nacional<a target=\"_blank\" href=\"mailto:prensadigitalpn@gmail.com\" rel=\"noreferrer noopener\">prensadigitalpn@gmail.com<\/a><\/p>\n","protected":false},"excerpt":{"rendered":"<p>Palacio de la Polic\u00eda Nacional Agentes policiales pertenecientes al Departamento de Investigaciones de Cr\u00edmenes y Delitos contra la Propiedad, apresaron a V\u00edctor Manuel Mojica Pineda (Bok\u00fa) acusado de cometer al menos ocho casos de robos y asaltos a mano armada en los sectores 27 de Febrero y Villa Consuelo, en el Distrito Nacional. V\u00edctor Manuel [&hellip;]<\/p>\n","protected":false},"author":28,"featured_media":302466,"comment_status":"closed","ping_status":"","sticky":true,"template":"","format":"standard","meta":{"footnotes":""},"categories":[29,27],"tags":[],"class_list":["post-446553","post","type-post","status-publish","format-standard","has-post-thumbnail","hentry","category-policiasucesos","category-portada"],"_links":{"self":[{"href":"https:\/\/diariodominicano.com\/index.php?rest_route=\/wp\/v2\/posts\/446553","targetHints":{"allow":["GET"]}}],"collection":[{"href":"https:\/\/diariodominicano.com\/index.php?rest_route=\/wp\/v2\/posts"}],"about":[{"href":"https:\/\/diariodominicano.com\/index.php?rest_route=\/wp\/v2\/types\/post"}],"author":[{"embeddable":true,"href":"https:\/\/diariodominicano.com\/index.php?rest_route=\/wp\/v2\/users\/28"}],"replies":[{"embeddable":true,"href":"https:\/\/diariodominicano.com\/index.php?rest_route=%2Fwp%2Fv2%2Fcomments&post=446553"}],"version-history":[{"count":3,"href":"https:\/\/diariodominicano.com\/index.php?rest_route=\/wp\/v2\/posts\/446553\/revisions"}],"predecessor-version":[{"id":446556,"href":"https:\/\/diariodominicano.com\/index.php?rest_route=\/wp\/v2\/posts\/446553\/revisions\/446556"}],"wp:featuredmedia":[{"embeddable":true,"href":"https:\/\/diariodominicano.com\/index.php?rest_route=\/wp\/v2\/media\/302466"}],"wp:attachment":[{"href":"https:\/\/diariodominicano.com\/index.php?rest_route=%2Fwp%2Fv2%2Fmedia&parent=446553"}],"wp:term":[{"taxonomy":"category","embeddable":true,"href":"https:\/\/diariodominicano.com\/index.php?rest_route=%2Fwp%2Fv2%2Fcategories&post=446553"},{"taxonomy":"post_tag","embeddable":true,"href":"https:\/\/diariodominicano.com\/index.php?rest_route=%2Fwp%2Fv2%2Ftags&post=446553"}],"curies":[{"name":"wp","href":"https:\/\/api.w.org\/{rel}","templated":true}]}}