{"id":44648,"date":"2019-04-16T01:46:33","date_gmt":"2019-04-16T01:46:33","guid":{"rendered":"http:\/\/diariodominicano.ddns.net\/?p=44648"},"modified":"2019-04-16T01:46:33","modified_gmt":"2019-04-16T01:46:33","slug":"la-cesantia-se-queda-el-idss-se-va","status":"publish","type":"post","link":"https:\/\/diariodominicano.com\/?p=44648","title":{"rendered":"LA CESANTIA SE QUEDA, EL IDSS SE VA"},"content":{"rendered":"<p><body><\/p>\n<p>EL TIRO RAPIDO<\/p>\n<\/p>\n<\/p>\n<\/p>\n<p>Ha sido sensata la decisi\u00f3n del Ejecutivo de excluir la creaci\u00f3n del Instituto Nacional de Prevenci\u00f3n y Administraci\u00f3n de Riesgos Laborales del proyecto de ley mediante el cual se dispone la eliminaci\u00f3n del Instituto Dominicano de Seguros Sociales. <\/p>\n<\/p>\n<\/p>\n<p>El anuncio hecho por el Consultor Jur\u00eddico de la Presidencia, Flavio Dar\u00edo Espinal, tiende a disipar los temores externados por los dirigentes de los sectores sindicales de que la creaci\u00f3n de dicho Instituto ten\u00eda como fin encubierto por parte del empresariado y el propio gobierno  eliminar el derecho de indemnizaci\u00f3n en caso de cesant\u00eda, representado por el pago de las prestaciones, que califican de conquista irrenunciable.<\/p>\n<\/p>\n<\/p>\n<p>Fue ese precisamente el motivo alegado por la representaci\u00f3n  de los trabajadores para abandonar la mesa de di\u00e1logo formada para discutir los cambios requeridos para la necesaria actualizaci\u00f3n del ya obsoleto C\u00f3digo de Trabajo.  De esperar que con el anuncio del Consultor Jur\u00eddico quede allanado el camino para volver de nuevo al proceso de su inaplazable revisi\u00f3n y modificaci\u00f3n.<\/p>\n<\/p>\n<\/p>\n<p>No es la misma situaci\u00f3n que se produce en cambio ante el reclamo de algunos sindicalistas de que se mantenga con vida el costoso e ineficiente Instituto Dominicano de Seguros Sociales. Minado por la corrupci\u00f3n y el  clientelismo su acta de defunci\u00f3n debi\u00f3 haberse extendido mucho antes. En cambio, la injustificada vida artificial de que goz\u00f3 todos estos a\u00f1os le cost\u00f3 al erario m\u00e1s de 30 mil millones de pesos que pudieron haber tenido un destino mucho m\u00e1s provechoso.  Tratar de alargar su existencia carece de toda justificaci\u00f3n.<\/p>\n<\/p>\n<\/p>\n<p>Si la preocupaci\u00f3n es por el destino de quienes laboran en el mismo, ya el presidente Medina en su discurso del pasado 27 de febrero en que adelant\u00f3 la decisi\u00f3n de eliminar el IDSS, prometi\u00f3 que ese personal ser\u00eda reubicado.<\/p>\n<\/p>\n<\/p>\n<p>Si por los m\u00e1s de cien mil expedientes de pensi\u00f3n acumulados, muchos de los cuales tienen cinco, seis y m\u00e1s a\u00f1os pendientes de soluci\u00f3n, no es necesario en absoluto para darles salida mantener con vida el organismo cuya ineficiencia es sobradamente notoria bastando con especializar una oficina para ese fin.<\/p>\n<\/p>\n<\/p>\n<p>Como tampoco sirve de excusa el hecho de que tenga acumulados miles de millones de pesos dejados de aportar por empresarios morosos e incumplidores.  Si en todos estos a\u00f1os el Instituto fue incapaz de cobrarlos, no hay ninguna raz\u00f3n por pensar que ahora estar\u00e1 en capacidad de hacerlo, cuando adem\u00e1s el gobierno puede asumir esa gesti\u00f3n con mayor facilidad al disponer de sobrados mecanismos administrativos y legales para ello.<\/p>\n<\/p>\n<\/p>\n<p>La modificaci\u00f3n del proyecto de ley por consiguiente, parte de una base correcta: la cesant\u00eda se queda pero el IDSS definitivamente se va.  Cuanto antes mejor y sin velatorio, misa de cuerpo presente, coronas de flores ni discurso de despedida.<\/p>\n<\/p>\n<\/p>\n<\/p>\n<h6> 2019-04-16 01:46:33 <\/h6>\n<p><!--\n<link rel=\"stylesheet\" href=\"css\/bootstrap.min.css\">\n\n\n<ul class=\"pagination\">\n\t    \n\t\n\n<li >\n\t<a href='?page_no=743'>Previous<\/a>\n\t<\/li>\n\n\n       \n    \n\n<li><a href='?page_no=1'>1<\/a><\/li>\n\n\n\n<li><a href='?page_no=2'>2<\/a><\/li>\n\n\n\n<li><a>...<\/a><\/li>\n\n\n\n<li><a href='?page_no=742'>742<\/a><\/li>\n\n\n\n<li><a href='?page_no=743'>743<\/a><\/li>\n\n\n\n<li class='active'><a>744<\/a><\/li>\n\n\n\n<li><a href='?page_no=745'>745<\/a><\/li>\n\n\n\n<li><a href='?page_no=746'>746<\/a><\/li>\n\n\n\n<li><a>...<\/a><\/li>\n\n\n\n<li><a href='?page_no=13611'>13611<\/a><\/li>\n\n\n\n<li><a href='?page_no=13612'>13612<\/a><\/li>\n\n    \n\t\n\n<li >\n\t<a href='?page_no=745'>Next<\/a>\n\t<\/li>\n\n\n    \n\n<li><a href='?page_no=13612'>Last &rsaquo;&rsaquo;<\/a><\/li>\n\n<\/ul>\n\n\n--><br \/>\n<\/body><\/p>\n","protected":false},"excerpt":{"rendered":"<p>EL TIRO RAPIDO Ha sido sensata la decisi\u00f3n del Ejecutivo de excluir la creaci\u00f3n del Instituto Nacional de Prevenci\u00f3n y Administraci\u00f3n de Riesgos Laborales del proyecto de ley mediante el cual se dispone la eliminaci\u00f3n del Instituto Dominicano de Seguros Sociales. El anuncio hecho por el Consultor Jur\u00eddico de la Presidencia, Flavio Dar\u00edo Espinal, tiende [&hellip;]<\/p>\n","protected":false},"author":3,"featured_media":0,"comment_status":"open","ping_status":"open","sticky":false,"template":"","format":"standard","meta":{"footnotes":""},"categories":[16],"tags":[],"class_list":["post-44648","post","type-post","status-publish","format-standard","hentry","category-opiniones"],"_links":{"self":[{"href":"https:\/\/diariodominicano.com\/index.php?rest_route=\/wp\/v2\/posts\/44648","targetHints":{"allow":["GET"]}}],"collection":[{"href":"https:\/\/diariodominicano.com\/index.php?rest_route=\/wp\/v2\/posts"}],"about":[{"href":"https:\/\/diariodominicano.com\/index.php?rest_route=\/wp\/v2\/types\/post"}],"author":[{"embeddable":true,"href":"https:\/\/diariodominicano.com\/index.php?rest_route=\/wp\/v2\/users\/3"}],"replies":[{"embeddable":true,"href":"https:\/\/diariodominicano.com\/index.php?rest_route=%2Fwp%2Fv2%2Fcomments&post=44648"}],"version-history":[{"count":0,"href":"https:\/\/diariodominicano.com\/index.php?rest_route=\/wp\/v2\/posts\/44648\/revisions"}],"wp:attachment":[{"href":"https:\/\/diariodominicano.com\/index.php?rest_route=%2Fwp%2Fv2%2Fmedia&parent=44648"}],"wp:term":[{"taxonomy":"category","embeddable":true,"href":"https:\/\/diariodominicano.com\/index.php?rest_route=%2Fwp%2Fv2%2Fcategories&post=44648"},{"taxonomy":"post_tag","embeddable":true,"href":"https:\/\/diariodominicano.com\/index.php?rest_route=%2Fwp%2Fv2%2Ftags&post=44648"}],"curies":[{"name":"wp","href":"https:\/\/api.w.org\/{rel}","templated":true}]}}