{"id":446410,"date":"2023-06-11T23:04:04","date_gmt":"2023-06-12T03:04:04","guid":{"rendered":"http:\/\/diariodominicano.com\/?p=446410"},"modified":"2023-06-11T23:04:19","modified_gmt":"2023-06-12T03:04:19","slug":"policia-nyc-informa-sobre-actos-violentos-y-criminales-alto-manhattan","status":"publish","type":"post","link":"https:\/\/diariodominicano.com\/?p=446410","title":{"rendered":"Polic\u00eda NYC informa sobre actos violentos y criminales Alto Manhattan"},"content":{"rendered":"\n<p><strong>Por Ram\u00f3n Mercedes<\/strong><\/p>\n\n\n\n<p><strong>NUEVA YORK.-<\/strong>&nbsp;La polic\u00eda de esta ciudad inform\u00f3 este fin de semana sobre varios actos violentos y criminales ocurridos en los \u00faltimos d\u00edas en los vecindarios de Washington Heights e Inwood, en el Alto Manhattan, \u00e1reas de mayor concentraci\u00f3n de dominicanos en todo el exterior.<\/p>\n\n\n\n<p>Se inform\u00f3 de manera extraoficial que la mayor\u00eda de las v\u00edctimas son de or\u00edgenes dominicanas.<\/p>\n\n\n\n<p>La uniformada especifica de una mujer a quien le robaron frente al teatro United Palace, ubicado en Broadway con la calle 176.<\/p>\n\n\n\n<p>Un hombre trat\u00f3 de atracar una mujer en la estaci\u00f3n del tren A en la calle 181 con la avenida Fort Washington. Tres personas fueron atacadas y asaltadas por cuatro hombres en la estaci\u00f3n del metro de la avenida Saint Nicholas con la calle 163. Estos hechos sucedieron en horas de la tarde.<\/p>\n\n\n\n<p>Un hombre fue asaltado despu\u00e9s de sacar dinero de una sucursal de Western Uni\u00f3n, ubicada en el 4173 Broadway, con la calle 173. Otro hombre fue asaltado por dos desconocidos cuando estaba dentro de un ba\u00f1o en el parque ubicado en la calle 173 con la avenida Haven. Tambien en horas de la tarde.<\/p>\n\n\n\n<p>El asesinato a pu\u00f1aladas del dominicano Maximito Polanco, de 55 a\u00f1os, en el interior de su apartamento ubicado en la avenida Arden con la avenida Nagle. La muerte de un bodeguero en la calle 162 con Broadway.<\/p>\n\n\n\n<p>Estos hechos deben servir de ejemplo a los criollos en la Gran Manzana, que hay que dejar pasar situaciones, porque la violencia est\u00e1 a la orden del d\u00eda, coincidieron en manifestar dominicanos en el Alto Manhattan.<\/p>\n","protected":false},"excerpt":{"rendered":"<p>Por Ram\u00f3n Mercedes NUEVA YORK.-&nbsp;La polic\u00eda de esta ciudad inform\u00f3 este fin de semana sobre varios actos violentos y criminales ocurridos en los \u00faltimos d\u00edas en los vecindarios de Washington Heights e Inwood, en el Alto Manhattan, \u00e1reas de mayor concentraci\u00f3n de dominicanos en todo el exterior. Se inform\u00f3 de manera extraoficial que la mayor\u00eda [&hellip;]<\/p>\n","protected":false},"author":28,"featured_media":446413,"comment_status":"closed","ping_status":"","sticky":true,"template":"","format":"standard","meta":{"footnotes":""},"categories":[29,27],"tags":[],"class_list":["post-446410","post","type-post","status-publish","format-standard","has-post-thumbnail","hentry","category-policiasucesos","category-portada"],"_links":{"self":[{"href":"https:\/\/diariodominicano.com\/index.php?rest_route=\/wp\/v2\/posts\/446410","targetHints":{"allow":["GET"]}}],"collection":[{"href":"https:\/\/diariodominicano.com\/index.php?rest_route=\/wp\/v2\/posts"}],"about":[{"href":"https:\/\/diariodominicano.com\/index.php?rest_route=\/wp\/v2\/types\/post"}],"author":[{"embeddable":true,"href":"https:\/\/diariodominicano.com\/index.php?rest_route=\/wp\/v2\/users\/28"}],"replies":[{"embeddable":true,"href":"https:\/\/diariodominicano.com\/index.php?rest_route=%2Fwp%2Fv2%2Fcomments&post=446410"}],"version-history":[{"count":1,"href":"https:\/\/diariodominicano.com\/index.php?rest_route=\/wp\/v2\/posts\/446410\/revisions"}],"predecessor-version":[{"id":446412,"href":"https:\/\/diariodominicano.com\/index.php?rest_route=\/wp\/v2\/posts\/446410\/revisions\/446412"}],"wp:featuredmedia":[{"embeddable":true,"href":"https:\/\/diariodominicano.com\/index.php?rest_route=\/wp\/v2\/media\/446413"}],"wp:attachment":[{"href":"https:\/\/diariodominicano.com\/index.php?rest_route=%2Fwp%2Fv2%2Fmedia&parent=446410"}],"wp:term":[{"taxonomy":"category","embeddable":true,"href":"https:\/\/diariodominicano.com\/index.php?rest_route=%2Fwp%2Fv2%2Fcategories&post=446410"},{"taxonomy":"post_tag","embeddable":true,"href":"https:\/\/diariodominicano.com\/index.php?rest_route=%2Fwp%2Fv2%2Ftags&post=446410"}],"curies":[{"name":"wp","href":"https:\/\/api.w.org\/{rel}","templated":true}]}}