{"id":446089,"date":"2023-06-10T20:45:17","date_gmt":"2023-06-11T00:45:17","guid":{"rendered":"http:\/\/diariodominicano.com\/?p=446089"},"modified":"2023-06-10T21:40:07","modified_gmt":"2023-06-11T01:40:07","slug":"fiscalia-de-santiago-solicita-prision-preventiva-para-imputados-miembros-estructura-criminal-del-trafico-de-drogas","status":"publish","type":"post","link":"https:\/\/diariodominicano.com\/?p=446089","title":{"rendered":"Fiscal\u00eda de Santiago solicita prisi\u00f3n preventiva para imputados miembros estructura criminal del tr\u00e1fico de drogas"},"content":{"rendered":"\n<p><strong>SANTIAGO, Rep\u00fablica Dominicana<\/strong>&nbsp;.- La Fiscal\u00eda de Santiago deposit\u00f3 ante la Oficina Judicial de Servicios de Atenci\u00f3n Permanente la solicitud para que se imponga la prisi\u00f3n preventiva por espacio de 12 meses, en contra de los cinco integrantes de una estructura criminal dedicada al tr\u00e1fico de coca\u00edna, desarticulada en la acci\u00f3n conjunta del&nbsp; Ministerio P\u00fablico con el apoyo de la Direcci\u00f3n Nacional de Control de Drogas (DNCD)&nbsp;<\/p>\n\n\n\n<p>En esta acci\u00f3n contra el crimen organizado fue frustrada una transacci\u00f3n de narc\u00f3ticos que realizar\u00eda la red, ocup\u00e1ndoles 11 Kilos de drogas, veh\u00edculos, armas de fuego y dinero en efectivo.<\/p>\n\n\n\n<p>En la instancia de solicitud de medidas, la Fiscal\u00eda de Santiago, a trav\u00e9s de su Departamento contra Narc\u00f3ticos, solicita al citado tribunal que tambi\u00e9n declare de tramitaci\u00f3n completa el proceso en contra de los imputados Pedro Jos\u00e9 Baldera Mancebo, Edwin Manuel Cuevas Gonz\u00e1lez, Francisco Ra\u00fal Torres Cohen, Erick David Castro, y Francisco Alberto Rodr\u00edguez Villanueva.&nbsp;<\/p>\n\n\n\n<p>En el operativo de interdicci\u00f3n que culmin\u00f3 en un residencial del este de la ciudad de Santiago, las autoridades apresaron en flagrancia a los cinco imputados, a quienes les ocuparon 10 paquetes de una sustancia en polvo que se presume es coca\u00edna, con un peso aproximado de 11.5 kilogramos, en el interior de un jeep Kia Sorento.&nbsp;<\/p>\n\n\n\n<p>En otro veh\u00edculo, Hyundai Sonata, color blanco en poder de los procesados, se incaut\u00f3, en un compartimiento secreto (caleta), un paquete de lo que se presume es marihuana, as\u00ed como una pistola marca Taurus con su cargador y c\u00e1psulas.&nbsp;<\/p>\n\n\n\n<p>Otras pistolas incautadas son una Heckler &amp; Koch, calibre 40, con su cargador y ocho c\u00e1psulas y una marca Smith and Wesson, as\u00ed como m\u00e1s de un centenar de municiones.&nbsp;<\/p>\n\n\n\n<p>Adem\u00e1s de la citada cantidad de presunta marihuana, se ocuparon otras tres porciones de ese mismo vegetal, as\u00ed como una trituradora y una mochila en cuyo interior hab\u00eda $86,050 pesos y 25 d\u00f3lares estadounidenses.&nbsp;<\/p>\n\n\n\n<p>En la medida de coerci\u00f3n la Fiscal\u00eda establece que esta estructura criminal almacenaba varios tipos de drogas tanto en Santiago como en Santo Domingo Este, para posteriormente ser enviada a Estados Unidos y Europa.<\/p>\n\n\n\n<p>\u00abEl tr\u00e1fico y la comercializaci\u00f3n de drogas representa una grave amenaza para la seguridad p\u00fablica y la salud de las personas\u00bb, advirti\u00f3 la Fiscal\u00eda de Santiago en un comunicado, donde adem\u00e1s sostiene que \u00abla lucha contra las drogas deber ser visibilizada, enfrentada en el territorio y en los tribunales, en raz\u00f3n de que este crimen potencia la ocurrencia de otros delitos y su insistencia no debe ser tomado a la ligera\u00bb.&nbsp;<\/p>\n\n\n\n<p>Los procesados enfrentan cargos por violaci\u00f3n a los art\u00edculos 4, 5, 6, 7, 8 y 9 de la Ley 50-88 sobre Drogas y Sustancias Controladas, en la categor\u00eda de traficantes, en tanto que Castro y Torres Cohen se le adicionan los delitos contemplados en los art\u00edculos 66 y 67 de la Ley 631-16 por el porte y tenencia de armas de fuego sin la documentaci\u00f3n que establece la ley.<\/p>\n\n\n\n<p><strong>Direcci\u00f3n General de Comunicaci\u00f3n, Prensa, y RRPP<\/strong><\/p>\n\n\n\n<p>Ministerio P\u00fablico.&nbsp;R.D.<\/p>\n\n\n\n<p>S\u00e1bado, 10 de junio de 2023&#8230;<\/p>\n","protected":false},"excerpt":{"rendered":"<p>SANTIAGO, Rep\u00fablica Dominicana&nbsp;.- La Fiscal\u00eda de Santiago deposit\u00f3 ante la Oficina Judicial de Servicios de Atenci\u00f3n Permanente la solicitud para que se imponga la prisi\u00f3n preventiva por espacio de 12 meses, en contra de los cinco integrantes de una estructura criminal dedicada al tr\u00e1fico de coca\u00edna, desarticulada en la acci\u00f3n conjunta del&nbsp; Ministerio P\u00fablico con [&hellip;]<\/p>\n","protected":false},"author":28,"featured_media":427834,"comment_status":"closed","ping_status":"","sticky":true,"template":"","format":"standard","meta":{"footnotes":""},"categories":[24,29,27],"tags":[],"class_list":["post-446089","post","type-post","status-publish","format-standard","has-post-thumbnail","hentry","category-justicia-y-derecho","category-policiasucesos","category-portada"],"_links":{"self":[{"href":"https:\/\/diariodominicano.com\/index.php?rest_route=\/wp\/v2\/posts\/446089","targetHints":{"allow":["GET"]}}],"collection":[{"href":"https:\/\/diariodominicano.com\/index.php?rest_route=\/wp\/v2\/posts"}],"about":[{"href":"https:\/\/diariodominicano.com\/index.php?rest_route=\/wp\/v2\/types\/post"}],"author":[{"embeddable":true,"href":"https:\/\/diariodominicano.com\/index.php?rest_route=\/wp\/v2\/users\/28"}],"replies":[{"embeddable":true,"href":"https:\/\/diariodominicano.com\/index.php?rest_route=%2Fwp%2Fv2%2Fcomments&post=446089"}],"version-history":[{"count":2,"href":"https:\/\/diariodominicano.com\/index.php?rest_route=\/wp\/v2\/posts\/446089\/revisions"}],"predecessor-version":[{"id":446127,"href":"https:\/\/diariodominicano.com\/index.php?rest_route=\/wp\/v2\/posts\/446089\/revisions\/446127"}],"wp:featuredmedia":[{"embeddable":true,"href":"https:\/\/diariodominicano.com\/index.php?rest_route=\/wp\/v2\/media\/427834"}],"wp:attachment":[{"href":"https:\/\/diariodominicano.com\/index.php?rest_route=%2Fwp%2Fv2%2Fmedia&parent=446089"}],"wp:term":[{"taxonomy":"category","embeddable":true,"href":"https:\/\/diariodominicano.com\/index.php?rest_route=%2Fwp%2Fv2%2Fcategories&post=446089"},{"taxonomy":"post_tag","embeddable":true,"href":"https:\/\/diariodominicano.com\/index.php?rest_route=%2Fwp%2Fv2%2Ftags&post=446089"}],"curies":[{"name":"wp","href":"https:\/\/api.w.org\/{rel}","templated":true}]}}