{"id":44603,"date":"2020-09-15T23:41:52","date_gmt":"2020-09-15T23:41:52","guid":{"rendered":"http:\/\/diariodominicano.ddns.net\/?p=44603"},"modified":"2020-09-15T23:41:52","modified_gmt":"2020-09-15T23:41:52","slug":"sigan-medidas-emergencia","status":"publish","type":"post","link":"https:\/\/diariodominicano.com\/?p=44603","title":{"rendered":"Sigan medidas emergencia"},"content":{"rendered":"<p><body><\/p>\n<p>A Pleno Sol<\/p>\n<\/p>\n<p>Sigan medidas emergencia<\/p>\n<\/p>\n<p>Por Manuel Hern\u00e1ndez Villeta<\/p>\n<\/p>\n<\/p>\n<p>El toque de queda y las medidas de control sanitario se tienen que mantener en el pa\u00eds.  Pensar en abrir puertas, ser\u00eda una locura con esta pandemia incontrolada.<\/p>\n<\/p>\n<p>Ya en la primera etapa se impuso la sinraz\u00f3n al evitar un toque de queda de 24 horas o lo m\u00e1s estricto posible, y se fue aligerando como una forma de que pudieran abrir los negocios. Ahora lo \u00fanico que podr\u00eda provocar el levantamiento de las acciones sanitarias de emergencia, es dar paso al libre comercio.<\/p>\n<\/p>\n<p>Lo econ\u00f3mico no puede estar por encima de la vida. La reapertura comercial tiene que estar condicionada a que se respeten las medidas sanitarias. Levantar el toque de queda en estos momentos ser\u00eda una simple locura. Lo que se debe es obligar al ciudadano a que lo cumpla.<\/p>\n<\/p>\n<p>Si se viola el toque de queda y si las personas transitan sin  mascarillas ni practican el aislamiento social, es muestra de deficiencias en las acciones tomadas por las autoridades. Se necesita mayor energ\u00eda. El pu\u00f1o de hierro es necesario para hacer cumplir las normas sanitarias.<\/p>\n<\/p>\n<p>Hay un desbordamiento en las redes sociales pidiendo que se levante el toque de queda, y las justificaciones son inaceptables. No se pueden aligerar las medidas sanitarias, para que una familia se vaya de playa o para que un grupo de amigos  se dedique a ingerir bebidas alcoh\u00f3licas.<\/p>\n<\/p>\n<p>Lo ideal ser\u00eda que el toque de queda sea a las cinco de la tarde, y que las empresas cierren sus puertas a las tres de la tarde. Todos los manuales de lucha contra el corona-virus indican que  es necesario el distanciamiento social, por lo que cualquier apertura debe ser autorizada siguiendo todos los protocolos.<\/p>\n<\/p>\n<p>Hay \u00e1reas productivas y de diversi\u00f3n que no est\u00e1n ahora mismo en condiciones de iniciar actividades. No hay condiciones para abrir salas de fiestas o estadios deportivos. Con muchas restricciones se permiten los cultos religiosos.<\/p>\n<\/p>\n<p>Con las medidas de seguridad ciudadana por la pandemia han seguido los hechos de violencia, lo que preocupa a la ciudadan\u00eda. Las autoridades no pueden bajar la guardia en las medidas de prevenci\u00f3n  para evitar los robos y la violencia.<\/p>\n<\/p>\n<p>Con esta pandemia, el pueblo debe tener paciencia. Con suerte, en alg\u00fan momento saldremos adelante. Ahora mismo estamos, al igual que casi todos los pa\u00edses del mundo, sufriendo sus estragos, que no necesariamente se muestran en los cuadros estad\u00edsticos. Que siga el toque de queda y las medidas de emergencia. \u00a1Ay!, se me acab\u00f3 la tinta.<\/p>\n<\/p>\n<h6> 2020-09-15 23:41:52 <\/h6>\n<p><!--\n<link rel=\"stylesheet\" href=\"css\/bootstrap.min.css\">\n\n\n<ul class=\"pagination\">\n\t    \n\t\n\n<li >\n\t<a href='?page_no=73'>Previous<\/a>\n\t<\/li>\n\n\n       \n    \n\n<li><a href='?page_no=1'>1<\/a><\/li>\n\n\n\n<li><a href='?page_no=2'>2<\/a><\/li>\n\n\n\n<li><a>...<\/a><\/li>\n\n\n\n<li><a href='?page_no=72'>72<\/a><\/li>\n\n\n\n<li><a href='?page_no=73'>73<\/a><\/li>\n\n\n\n<li class='active'><a>74<\/a><\/li>\n\n\n\n<li><a href='?page_no=75'>75<\/a><\/li>\n\n\n\n<li><a href='?page_no=76'>76<\/a><\/li>\n\n\n\n<li><a>...<\/a><\/li>\n\n\n\n<li><a href='?page_no=13611'>13611<\/a><\/li>\n\n\n\n<li><a href='?page_no=13612'>13612<\/a><\/li>\n\n    \n\t\n\n<li >\n\t<a href='?page_no=75'>Next<\/a>\n\t<\/li>\n\n\n    \n\n<li><a href='?page_no=13612'>Last &rsaquo;&rsaquo;<\/a><\/li>\n\n<\/ul>\n\n\n--><br \/>\n<\/body><\/p>\n","protected":false},"excerpt":{"rendered":"<p>A Pleno Sol Sigan medidas emergencia Por Manuel Hern\u00e1ndez Villeta El toque de queda y las medidas de control sanitario se tienen que mantener en el pa\u00eds. Pensar en abrir puertas, ser\u00eda una locura con esta pandemia incontrolada. Ya en la primera etapa se impuso la sinraz\u00f3n al evitar un toque de queda de 24 [&hellip;]<\/p>\n","protected":false},"author":3,"featured_media":0,"comment_status":"open","ping_status":"open","sticky":false,"template":"","format":"standard","meta":{"footnotes":""},"categories":[16],"tags":[],"class_list":["post-44603","post","type-post","status-publish","format-standard","hentry","category-opiniones"],"_links":{"self":[{"href":"https:\/\/diariodominicano.com\/index.php?rest_route=\/wp\/v2\/posts\/44603","targetHints":{"allow":["GET"]}}],"collection":[{"href":"https:\/\/diariodominicano.com\/index.php?rest_route=\/wp\/v2\/posts"}],"about":[{"href":"https:\/\/diariodominicano.com\/index.php?rest_route=\/wp\/v2\/types\/post"}],"author":[{"embeddable":true,"href":"https:\/\/diariodominicano.com\/index.php?rest_route=\/wp\/v2\/users\/3"}],"replies":[{"embeddable":true,"href":"https:\/\/diariodominicano.com\/index.php?rest_route=%2Fwp%2Fv2%2Fcomments&post=44603"}],"version-history":[{"count":0,"href":"https:\/\/diariodominicano.com\/index.php?rest_route=\/wp\/v2\/posts\/44603\/revisions"}],"wp:attachment":[{"href":"https:\/\/diariodominicano.com\/index.php?rest_route=%2Fwp%2Fv2%2Fmedia&parent=44603"}],"wp:term":[{"taxonomy":"category","embeddable":true,"href":"https:\/\/diariodominicano.com\/index.php?rest_route=%2Fwp%2Fv2%2Fcategories&post=44603"},{"taxonomy":"post_tag","embeddable":true,"href":"https:\/\/diariodominicano.com\/index.php?rest_route=%2Fwp%2Fv2%2Ftags&post=44603"}],"curies":[{"name":"wp","href":"https:\/\/api.w.org\/{rel}","templated":true}]}}