{"id":44592,"date":"2019-04-18T00:12:15","date_gmt":"2019-04-18T00:12:15","guid":{"rendered":"http:\/\/diariodominicano.ddns.net\/?p=44592"},"modified":"2019-04-18T00:12:15","modified_gmt":"2019-04-18T00:12:15","slug":"dificil-de-entender-y-digerir","status":"publish","type":"post","link":"https:\/\/diariodominicano.com\/?p=44592","title":{"rendered":"DIFICIL DE ENTENDER Y DIGERIR"},"content":{"rendered":"<p><body><\/p>\n<p>EL TIRO RAPIDO<\/p>\n<\/p>\n<\/p>\n<\/p>\n<p>A la larga cadena de los tantos ejemplos de fallos emitidos por algunos tribunales que ponen en entredicho una y otra vez y colocan a ras de suelo la credibilidad de nuestro sistema de justicia, se agrega ahora un nuevo eslab\u00f3n que pone al desnudo la edici\u00f3n de este martes del matutino \u00abEl D\u00eda\u00bb.<\/p>\n<\/p>\n<\/p>\n<p>Su protagonista lleva por nombre Armando F\u00e9liz Montero, uno de los tres integrantes del grupo detenido por agentes de la DNCD en Santo Domingo Este a los que se ocup\u00f3 un alijo de 86 paquetes conteniendo 91 kilos de coca\u00edna que transportaban en una camioneta.  El valor de la droga incautada puede estimarse por seguro en muchos millones de pesos.<\/p>\n<\/p>\n<\/p>\n<p>Hasta aqu\u00ed la noticia no presentar\u00eda ning\u00fan aspecto novedoso ni fuera de lo com\u00fan, dado el intenso tr\u00e1fico interno de drogas que tiene lugar en el pa\u00eds, y la relativa frecuencia con que hechos de esta naturaleza divulga la actualidad noticiosa.<\/p>\n<\/p>\n<\/p>\n<p>Pero ocurre que F\u00e9liz Montero estaba gozando de libertad provisional y no por un delito de menor cuant\u00eda, ni tan siquiera de trasiego de drogas, sino bajo la mucho m\u00e1s seria acusaci\u00f3n de haber dado muerte a Ezequiel King de Aza, joven de veinticuatro a\u00f1os, hecho ocurrido en Saman\u00e1 el 17 de marzo del 2017, en el Distrito Municipal de Las Galeras. <\/p>\n<\/p>\n<\/p>\n<p>No fue, sin embargo, hasta el mes de septiembre del a\u00f1o siguiente y anterior a este, en el  2018, que al imputado se le impuso como medida de coerci\u00f3n prisi\u00f3n preventiva de tres meses, que en diciembre se le cambi\u00f3 sorpresivamente por una garant\u00eda econ\u00f3mica de apenas 400 mil pesos pese a tratarse de un grave delito de sangre, y sin que se sepa haber cambiado el presupuesto de elementos probatorios del hecho criminal.<\/p>\n<\/p>\n<\/p>\n<p>Como adici\u00f3n, el fallo consign\u00f3 la tan mentada, ineficiente y burlada presentaci\u00f3n peri\u00f3dica, que en el mejor de los casos al parecer solo sirve para comprobar que el acusado no se ha hecho ninguna cirug\u00eda pl\u00e1stica para adquirir una identidad falsa que le permita desaparecer tan misteriosamente como el muy elusivo \u00abQuirinito\u00bb, convertido en un \u00e9mulo del \u00abhombre invisible\u00bb. <\/p>\n<\/p>\n<\/p>\n<p>\u00bfQu\u00e9 motiv\u00f3 el cambio de la medida de coerci\u00f3n de prisi\u00f3n a una simple garant\u00eda econ\u00f3mica en un caso donde figura una acusaci\u00f3n tan grave como  un delito de sangre que involucra el hecho irremediable de la muerte de una persona?  \u00bfQu\u00e9 antecedentes de conducta irreprochable y qu\u00e9 testimonios de valor a favor de la misma pudieron mediar para favorecer el cambio de la medida de coerci\u00f3n?  \u00bfC\u00f3mo en el mejor de los casos no se le impuso al menos la prisi\u00f3n domiciliaria y la obligaci\u00f3n de llevar la famosa tobillera electr\u00f3nica para poder controlar todos sus movimientos?<\/p>\n<\/p>\n<\/p>\n<p>Que no se trataba de un ciudadano modelo y confiable acaba de quedar en evidencia al  ser apresado con un importante cargamento de drogas, lo  que trat\u00e1ndose adem\u00e1s de un adulto mayor, hace presuponer que ya desde mucho antes estaba inmerso en actividades delictivas, de las que posiblemente haya alguna constancia en los archivos policiales o de la DNCD.<\/p>\n<\/p>\n<\/p>\n<p>Se sabe que \u00ablos jueces hablan por sentencia\u00bb.  Pero sin pretender llevar a un magistrado al plano de la pol\u00e9mica p\u00fablica lo cual sentar\u00eda un precedente de seguramente inadmisible uso abusivo, si vale requerir la publicaci\u00f3n en extenso de un fallo que a primera vista luce en extremo cuestionable y que a la luz de la raz\u00f3n luce tan dif\u00edcil de entender como mucho m\u00e1s de digerir.<\/p>\n<\/p>\n<h6> 2019-04-18 00:12:15 <\/h6>\n<p><!--\n<link rel=\"stylesheet\" href=\"css\/bootstrap.min.css\">\n\n\n<ul class=\"pagination\">\n\t    \n\t\n\n<li >\n\t<a href='?page_no=738'>Previous<\/a>\n\t<\/li>\n\n\n       \n    \n\n<li><a href='?page_no=1'>1<\/a><\/li>\n\n\n\n<li><a href='?page_no=2'>2<\/a><\/li>\n\n\n\n<li><a>...<\/a><\/li>\n\n\n\n<li><a href='?page_no=737'>737<\/a><\/li>\n\n\n\n<li><a href='?page_no=738'>738<\/a><\/li>\n\n\n\n<li class='active'><a>739<\/a><\/li>\n\n\n\n<li><a href='?page_no=740'>740<\/a><\/li>\n\n\n\n<li><a href='?page_no=741'>741<\/a><\/li>\n\n\n\n<li><a>...<\/a><\/li>\n\n\n\n<li><a href='?page_no=13611'>13611<\/a><\/li>\n\n\n\n<li><a href='?page_no=13612'>13612<\/a><\/li>\n\n    \n\t\n\n<li >\n\t<a href='?page_no=740'>Next<\/a>\n\t<\/li>\n\n\n    \n\n<li><a href='?page_no=13612'>Last &rsaquo;&rsaquo;<\/a><\/li>\n\n<\/ul>\n\n\n--><br \/>\n<\/body><\/p>\n","protected":false},"excerpt":{"rendered":"<p>EL TIRO RAPIDO A la larga cadena de los tantos ejemplos de fallos emitidos por algunos tribunales que ponen en entredicho una y otra vez y colocan a ras de suelo la credibilidad de nuestro sistema de justicia, se agrega ahora un nuevo eslab\u00f3n que pone al desnudo la edici\u00f3n de este martes del matutino [&hellip;]<\/p>\n","protected":false},"author":3,"featured_media":0,"comment_status":"open","ping_status":"open","sticky":false,"template":"","format":"standard","meta":{"footnotes":""},"categories":[16],"tags":[],"class_list":["post-44592","post","type-post","status-publish","format-standard","hentry","category-opiniones"],"_links":{"self":[{"href":"https:\/\/diariodominicano.com\/index.php?rest_route=\/wp\/v2\/posts\/44592","targetHints":{"allow":["GET"]}}],"collection":[{"href":"https:\/\/diariodominicano.com\/index.php?rest_route=\/wp\/v2\/posts"}],"about":[{"href":"https:\/\/diariodominicano.com\/index.php?rest_route=\/wp\/v2\/types\/post"}],"author":[{"embeddable":true,"href":"https:\/\/diariodominicano.com\/index.php?rest_route=\/wp\/v2\/users\/3"}],"replies":[{"embeddable":true,"href":"https:\/\/diariodominicano.com\/index.php?rest_route=%2Fwp%2Fv2%2Fcomments&post=44592"}],"version-history":[{"count":0,"href":"https:\/\/diariodominicano.com\/index.php?rest_route=\/wp\/v2\/posts\/44592\/revisions"}],"wp:attachment":[{"href":"https:\/\/diariodominicano.com\/index.php?rest_route=%2Fwp%2Fv2%2Fmedia&parent=44592"}],"wp:term":[{"taxonomy":"category","embeddable":true,"href":"https:\/\/diariodominicano.com\/index.php?rest_route=%2Fwp%2Fv2%2Fcategories&post=44592"},{"taxonomy":"post_tag","embeddable":true,"href":"https:\/\/diariodominicano.com\/index.php?rest_route=%2Fwp%2Fv2%2Ftags&post=44592"}],"curies":[{"name":"wp","href":"https:\/\/api.w.org\/{rel}","templated":true}]}}