{"id":44581,"date":"2019-04-20T20:49:53","date_gmt":"2019-04-20T20:49:53","guid":{"rendered":"http:\/\/diariodominicano.ddns.net\/?p=44581"},"modified":"2019-04-20T20:49:53","modified_gmt":"2019-04-20T20:49:53","slug":"alan-garcia-el-suicidio-alrededor-del-poder","status":"publish","type":"post","link":"https:\/\/diariodominicano.com\/?p=44581","title":{"rendered":"Alan Garc\u00eda: El suicidio alrededor del Poder  &#13;"},"content":{"rendered":"<p><body><\/p>\n<p><strong>Manuel D\u00edaz Aponte<\/strong><\/p>\n<\/p>\n<p>\u00abDejo mi cad\u00e1ver como muestra de desprecio hacia mis adversarios\u00bb, escribi\u00f3 Alan Garc\u00eda, ex presidente de Per\u00fa, poco antes de accionar el gatillo para dispararse mortalmente.<\/p>\n<\/p>\n<\/p>\n<p>Hecho temerario y penoso a la vez que proyecta gr\u00e1ficamente el punto de contradicci\u00f3n entre la felicidad del poder y la desgracia que implica ir a la c\u00e1rcel cuando \u00e9ste se apaga.   <\/p>\n<\/p>\n<p>El presidente al tomar juramento asume la responsabilidad de respetar y hacer cumplir la Constituci\u00f3n y las leyes del pa\u00eds que representa.<\/p>\n<\/p>\n<p>Es un compromiso con Dios, su conciencia, y con su familia y el pueblo que lo llevaron al poder. Verdadero privilegio que pocos logran alcanzar.     <\/p>\n<\/p>\n<p>En este mundo se originan muertes f\u00edsicas y muertes morales, convirti\u00e9ndose \u00e9stas \u00faltimas en un arma letal particularmente para los pol\u00edticos implicados en peculado. \u00bfVerdad que s\u00ed?<\/p>\n<\/p>\n<p>La inmolaci\u00f3n es el final en la carrera de algunos l\u00edderes pol\u00edticos que prefieren suicidarse antes que ir a prisi\u00f3n. Y es que las mieles del poder son ef\u00edmeras aunque todav\u00eda algunos las creen eternas.    <\/p>\n<\/p>\n<p>Es un triste drama que refleja tambi\u00e9n la fragilidad humana no importa la m\u00e1s alta posici\u00f3n que se obtente.  <\/p>\n<\/p>\n<p>Las r\u00e1fagas del mayor esc\u00e1ndalo de corrupci\u00f3n en la historia moderna de Am\u00e9rica Latina siguen causando destrozos.<\/p>\n<\/p>\n<p>El ex presidente del Per\u00fa, Alan Garc\u00eda, prefiri\u00f3 dispararse mortalmente para no acudir a los tribunales de justicia por supuestamente haber recibido sobornos de la mega corrupci\u00f3n que auspici\u00f3 la empresa brasile\u00f1a Odebrecht.<\/p>\n<\/p>\n<p>El Departamento de Justicia de Estados Unidos cita a doce pa\u00edses de haber recibido millonarios sobornos de la   constructora suramericana, a cambio de contratos para edificaciones de obras viales, puertos, aeropuertos, entre otras infraestructuras.<\/p>\n<\/p>\n<p>Naciones y montos de las coimas entregadas:<\/p>\n<\/p>\n<p>-Colombia, m\u00e1s de 11 millones de d\u00f3lares<\/p>\n<\/p>\n<p>-Guatemala, 18 millones de d\u00f3lares <\/p>\n<\/p>\n<p>-M\u00e9xico, 10.5 millones de d\u00f3lares<\/p>\n<\/p>\n<p>-Per\u00fa, 29 millones de d\u00f3lares<\/p>\n<\/p>\n<p>-Ecuador, m\u00e1s de 33.5 millones de d\u00f3lares  <\/p>\n<\/p>\n<p>-Argentina, 35 millones de d\u00f3lares<\/p>\n<\/p>\n<p>-Panam\u00e1, m\u00e1s de 59 millones de d\u00f3lares<\/p>\n<\/p>\n<p>-Brasil, 349 millones de d\u00f3lares<\/p>\n<\/p>\n<p>-Venezuela, 98 millones de d\u00f3lares<\/p>\n<\/p>\n<p>-Rep\u00fablica Dominicana, m\u00e1s de 92 millones de d\u00f3lares. <\/p>\n<\/p>\n<p>Como se aprecia, fuera de Brasil, estos dos \u00faltimos pa\u00edses fueron los que recibieron los mayores montos en pagos il\u00edcitos.<\/p>\n<\/p>\n<p>Angola y Mozambique son las dos \u00fanicas naciones que sin pertenecer al continente Americano bailaron en la fiesta de Odebrecht.    <\/p>\n<\/p>\n<p>El ex presidente peruano Alan Garc\u00eda no confiaba en el estado de derecho que rige actualmente el sistema judicial de su pa\u00eds, del cual dijo en reiteradas ocasiones que actuaba como simple perseguidor en contra de sectores pol\u00edticos, y por tanto, prefiri\u00f3 sacrificar su existencia humana con tan solo 69 a\u00f1os de edad.  <\/p>\n<\/p>\n<p>En la d\u00e9cada del ochenta, Alan Gabriel Ludwig Garc\u00eda P\u00e9rez, abogado, orador y pol\u00edtico se proyectaba como una esperanza entre los peruanos y un firme defensor de los principios democr\u00e1ticos en Latinoam\u00e9rica.<\/p>\n<\/p>\n<p>Corrupci\u00f3n y Principio<\/p>\n<\/p>\n<p>Para entonces, un joven pol\u00edtico de notables condiciones intelectuales y magn\u00edfico orador que defend\u00eda la corriente socialdem\u00f3crata en la regi\u00f3n a dientes y espada.<\/p>\n<\/p>\n<p>Heredero pol\u00edtico del fundador de la Alianza Popular Revolucionaria Americana (APRA) y l\u00edder hist\u00f3rico del Partido Aprista Peruano, V\u00edctor Ra\u00fal Haya de la Torre.<\/p>\n<\/p>\n<p>Lleg\u00f3 a la Presidencia del Per\u00fa por primera vez en (1985-1990) con apenas 36 a\u00f1os, siendo uno de los pol\u00edticos m\u00e1s joven en alcanzarlo en el Continente. El segundo mandato transcurri\u00f3 entre (2006-2011).<\/p>\n<\/p>\n<p>A juzgar por las sentidas muestras de solidaridad durante su funeral especialmente de sectores empobrecidos de Per\u00fa,  hay que concluir en que este pol\u00edtico populista del APRA cultiv\u00f3 simpat\u00eda entre amplios sectores de esa naci\u00f3n Andina.   <\/p>\n<\/p>\n<p>\u00bfNo ser\u00eda m\u00e1s aconsejable para las presentes y futuras generaciones de pol\u00edticos y gobernantes de Am\u00e9rica Latina seguir el hermoso y digno ejemplo de Jos\u00e9 Mujica, ex presidente de Uruguay?, quien enarbola la bandera de lucha contra la corrupci\u00f3n administrativa desde el Estado.<\/p>\n<\/p>\n<p>Mujica, a quien sus adversarios apodaron peyorativamente como el \u00abpresidente pobre\u00bb, gobern\u00f3 sin sobresalto, sencillez y manej\u00f3 con pulcritud los recursos p\u00fablicos de su pa\u00eds en el mandato presidencial (2010-2015). Hasta el momento, nadie lo ha acusado de corrupto, y hoy es un referente como invitado a dictar conferencias en diversas academias e instituciones internacionales que combaten la corrupci\u00f3n, uno de los flagelos que genera mayor pobreza entre la ciudadan\u00eda.<\/p>\n<\/p>\n<p>En la Rep\u00fablica del Per\u00fa, los ex presidentes Ollanta Humala; Pedro Pablo Kuczynski, Alejandro Toledo y el fallecido Alan Garc\u00eda han sido acusados de supuestamente haber recibido sobornos millonarios de la empresa Odebrecht mientras ejerc\u00edan sus funciones de Estado.   <\/p>\n<\/p>\n<p>Kuczynski, quien est\u00e1 hospitalizado en Lima por problemas cardiacos fue condenado a tres a\u00f1os de prisi\u00f3n preventiva despu\u00e9s que la justicia peruana lo hallara culpable de cometer actos como lavado de dinero y ocultaci\u00f3n de informaci\u00f3n en el caso de la trasnacional brasile\u00f1a.   <\/p>\n<\/p>\n<p>La historia de la humanidad registra los casos de otros ex presidentes y ministros que se han suicidados por diversas razones. Por ejemplo, en Francia, en 1993, el ex primer ministro, Pierre B\u00e9r\u00e9govoy, se dispar\u00f3 en la cabeza. Hab\u00eda recibido supuestamente un mill\u00f3n de franco en soborno de manos de un poderoso empresario financiero vinculado a negocios turbios y a varios esc\u00e1ndalos.<\/p>\n<\/p>\n<p><strong>Otros Suicidios Presidenciales <\/strong><\/p>\n<\/p>\n<p>El presidente de Brasil, Getulio Vargas, se quit\u00f3 la vida de un disparo en el coraz\u00f3n en su habitaci\u00f3n del Palacio de Gobierno en Rio de Janeiro en 1965, donde gobern\u00f3 por 19 a\u00f1os.<\/p>\n<\/p>\n<p>\u00abSerenamente doy el primer paso en el camino hacia la eternidad y salgo de la vida para entrar en la historia\u00bb, escribi\u00f3 Getulio Vargas en su carta testamento.<\/p>\n<\/p>\n<p>Vargas recib\u00eda fuertes presiones de grupos de poder interno y externo que conspiraban contra su pol\u00edtica populista que impulsaba en Brasil a favor de los trabajadores.<\/p>\n<\/p>\n<p>El 11 de septiembre de 1973 en el Palacio de La Moneda de la Rep\u00fablica de Chile, el presidente constitucional Salvador Allende, tom\u00f3 una decisi\u00f3n. Fue el inicio de una etapa de mucho luto y dolor para sus conciudadanos.<\/p>\n<\/p>\n<p>En efecto, el general Augusto Pinochet con el apoyo de la Central de Inteligencia Americana (CIA), encabeza un cruento golpe de estado contra el gobierno socialista de Allende. Millares de chilenos fueron asesinados, encarcelados y deportados por el r\u00e9gimen de facto.<\/p>\n<\/p>\n<p>Siempre se ha planteado que Allende al verse acorralado por el ej\u00e9rcito leal a Pinochet y sus unidades a\u00e9reas que bombardeaban incesantemente contra la mansi\u00f3n presidencial opt\u00f3 por dispararse mortalmente en la cabeza antes que entregarse a los golpistas. Otros afirman que luch\u00f3 con un fusil en manos hasta caer en combate junto a un peque\u00f1o grupo de militares y civiles cercanos.<\/p>\n<\/p>\n<p>La Corte Suprema de Chile concluy\u00f3 en 2014 una investigaci\u00f3n afirmando que el presidente Allende se suicid\u00f3 en el Palacio de La Moneda.<\/p>\n<\/p>\n<p>Antonio Guzm\u00e1n Fern\u00e1ndez<\/p>\n<\/p>\n<p>La madrugada del domingo 4 de julio del 1982 despert\u00f3 a la poblaci\u00f3n de Rep\u00fablica Dominicana con otro fatal y conmovedor acontecimien<span class=\"text1noticias\">to en las esferas del poder pol\u00edtico. El presidente Antonio Guzm\u00e1n Fern\u00e1ndez se suicid\u00f3 tras descubrir actos de corrupci\u00f3n en su Gobierno.<\/span><\/p>\n<\/p>\n<p><span class=\"text1noticias\">El diario El Pa\u00eds de Espa\u00f1a narra en una cr\u00f3nica de la \u00e9poca que el mandatario \u00abestaba decepcionado porque muchos amigos le hab\u00edan traicionado y se alejaban de \u00e9l al acercarse el d\u00eda en que deb\u00eda entregar el poder\u00bb.<\/span><\/p>\n<\/p>\n<p><span class=\"text1noticias\">Dem\u00f3stenes, el mejor orador de la antigua Grecia decidi\u00f3 suicidarse tras el emperador Antiprato de Macedonia aprobar un decreto para condenar a muerte a los \u00abagitadores pol\u00edticos\u00bb.<\/span><\/p>\n<\/p>\n<p><span class=\"text1noticias\">Estaba considerado como el padre de la oratoria y pese a su tartamudez lograba practicar sus discursos coloc\u00e1ndose piedras en la boca.          <\/span><\/p>\n<\/p>\n<p><span class=\"text1noticias\">Cleopatra, \u00faltima reina del Antiguo Egipto se quit\u00f3 la vida envenen\u00e1ndose luego de la derrota de su ej\u00e9rcito contra las poderosas fuerzas de Octavio en Alejandr\u00eda.<\/span><\/p>\n<\/p>\n<p><span class=\"text1noticias\">Adolfo Hitler, el genocida m\u00e1s famoso del mundo opt\u00f3 por suicidarse el 30 de abril de 1945 en Berl\u00edn, Alemania, junto a su esposa Eva Braun al contemplar como su r\u00e9gimen se debilitaba.     <\/span><\/p>\n<\/p>\n<p><span class=\"text1noticias\">Articulo de Manuel D\u00edaz Aponte<\/span><\/p>\n<\/p>\n<\/p>\n<\/p>\n<\/p>\n<\/p>\n<\/p>\n<\/p>\n<\/p>\n<\/p>\n<h6> 2019-04-20 20:49:53 <\/h6>\n<p><!--\n<link rel=\"stylesheet\" href=\"css\/bootstrap.min.css\">\n\n\n<ul class=\"pagination\">\n\t    \n\t\n\n<li >\n\t<a href='?page_no=737'>Previous<\/a>\n\t<\/li>\n\n\n       \n    \n\n<li><a href='?page_no=1'>1<\/a><\/li>\n\n\n\n<li><a href='?page_no=2'>2<\/a><\/li>\n\n\n\n<li><a>...<\/a><\/li>\n\n\n\n<li><a href='?page_no=736'>736<\/a><\/li>\n\n\n\n<li><a href='?page_no=737'>737<\/a><\/li>\n\n\n\n<li class='active'><a>738<\/a><\/li>\n\n\n\n<li><a href='?page_no=739'>739<\/a><\/li>\n\n\n\n<li><a href='?page_no=740'>740<\/a><\/li>\n\n\n\n<li><a>...<\/a><\/li>\n\n\n\n<li><a href='?page_no=13611'>13611<\/a><\/li>\n\n\n\n<li><a href='?page_no=13612'>13612<\/a><\/li>\n\n    \n\t\n\n<li >\n\t<a href='?page_no=739'>Next<\/a>\n\t<\/li>\n\n\n    \n\n<li><a href='?page_no=13612'>Last &rsaquo;&rsaquo;<\/a><\/li>\n\n<\/ul>\n\n\n--><br \/>\n<\/body><\/p>\n","protected":false},"excerpt":{"rendered":"<p>Manuel D\u00edaz Aponte \u00abDejo mi cad\u00e1ver como muestra de desprecio hacia mis adversarios\u00bb, escribi\u00f3 Alan Garc\u00eda, ex presidente de Per\u00fa, poco antes de accionar el gatillo para dispararse mortalmente. Hecho temerario y penoso a la vez que proyecta gr\u00e1ficamente el punto de contradicci\u00f3n entre la felicidad del poder y la desgracia que implica ir a [&hellip;]<\/p>\n","protected":false},"author":3,"featured_media":0,"comment_status":"open","ping_status":"open","sticky":false,"template":"","format":"standard","meta":{"footnotes":""},"categories":[16],"tags":[],"class_list":["post-44581","post","type-post","status-publish","format-standard","hentry","category-opiniones"],"_links":{"self":[{"href":"https:\/\/diariodominicano.com\/index.php?rest_route=\/wp\/v2\/posts\/44581","targetHints":{"allow":["GET"]}}],"collection":[{"href":"https:\/\/diariodominicano.com\/index.php?rest_route=\/wp\/v2\/posts"}],"about":[{"href":"https:\/\/diariodominicano.com\/index.php?rest_route=\/wp\/v2\/types\/post"}],"author":[{"embeddable":true,"href":"https:\/\/diariodominicano.com\/index.php?rest_route=\/wp\/v2\/users\/3"}],"replies":[{"embeddable":true,"href":"https:\/\/diariodominicano.com\/index.php?rest_route=%2Fwp%2Fv2%2Fcomments&post=44581"}],"version-history":[{"count":0,"href":"https:\/\/diariodominicano.com\/index.php?rest_route=\/wp\/v2\/posts\/44581\/revisions"}],"wp:attachment":[{"href":"https:\/\/diariodominicano.com\/index.php?rest_route=%2Fwp%2Fv2%2Fmedia&parent=44581"}],"wp:term":[{"taxonomy":"category","embeddable":true,"href":"https:\/\/diariodominicano.com\/index.php?rest_route=%2Fwp%2Fv2%2Fcategories&post=44581"},{"taxonomy":"post_tag","embeddable":true,"href":"https:\/\/diariodominicano.com\/index.php?rest_route=%2Fwp%2Fv2%2Ftags&post=44581"}],"curies":[{"name":"wp","href":"https:\/\/api.w.org\/{rel}","templated":true}]}}