{"id":445718,"date":"2023-06-08T19:09:56","date_gmt":"2023-06-08T23:09:56","guid":{"rendered":"http:\/\/diariodominicano.com\/?p=445718"},"modified":"2023-06-08T19:11:41","modified_gmt":"2023-06-08T23:11:41","slug":"mp-de-las-matas-de-farfan-obtiene-prision-preventiva-contra-director-de-junta-distrital-implicado-en-delitos-sexuales-contra-una-nina","status":"publish","type":"post","link":"https:\/\/diariodominicano.com\/?p=445718","title":{"rendered":"MP de Las Matas de Farf\u00e1n obtiene prisi\u00f3n preventiva contra director de junta distrital implicado en delitos sexuales contra una ni\u00f1a"},"content":{"rendered":"\n<p>LAS MATAS DE FARFAN, Rep\u00fablica Dominicana.- El Ministerio P\u00fablico de  Las Matas de Farf\u00e1n obtuvo tres meses de prisi\u00f3n preventiva en contra del director de la Junta del Distrito Municipal de Batista, Emigdio S\u00e1nchez Montero, imputado de incurrir en agresi\u00f3n sexual y abuso sexual y psicol\u00f3gico en perjuicio de una menor de edad, en un hecho ocurrido en el municipio El Cercado.\u00a0\u00a0<\/p>\n\n\n\n<p>Un comunicado de prensa divulgado por la instituci\u00f3n expresa que el Juzgado de la Instrucci\u00f3n de Las Matas de Farf\u00e1n declin\u00f3 el caso a la Corte de Apelaci\u00f3n de San Juan de la Maguana alegando que el imputado Emigdio S\u00e1nchez Montero contaba con jurisdicci\u00f3n privilegiada.&nbsp;<\/p>\n\n\n\n<p>En la corte se design\u00f3 al juez Arsenio Alc\u00e1ntara para el conocimiento de la medida de coerci\u00f3n en el Juzgado de la Instrucci\u00f3n, quien dict\u00f3 la prisi\u00f3n preventiva a S\u00e1nchez Montero para ser cumplida en el Centro de Correcci\u00f3n y Rehabilitaci\u00f3n de El\u00edas Pi\u00f1a y declin\u00f3 el caso nuevamente al Juzgado de la Instrucci\u00f3n porque el imputado no tiene la categor\u00eda de alcalde, por lo que estableci\u00f3 que es la jurisdicci\u00f3n donde debe conocerse el caso.&nbsp;<\/p>\n\n\n\n<p>El Ministerio P\u00fablico, representado en la audiencia por el procurador Sal\u00edn Valdez Montero, present\u00f3 ante el tribunal diferentes evidencias obtenidas en el transcurso de la investigaci\u00f3n del caso realizada por la procuradora fiscal Denia Rodr\u00edguez, encargada de los casos de violencia intrafamiliar y delitos sexuales en la jurisdicci\u00f3n de Las Matas de Farf\u00e1n.&nbsp;&nbsp;<\/p>\n\n\n\n<p>Con las evidencias se estableci\u00f3 en el tribunal que el nombrado Emigdio S\u00e1nchez Montero en varias ocasiones agredi\u00f3 sexualmente a la menor de nueve a\u00f1os de edad, mientras la v\u00edctima se encontraba sola en la casa de su padre.&nbsp;&nbsp;<\/p>\n\n\n\n<p>El procesado, de acuerdo al Ministerio P\u00fablico, tocaba a la ni\u00f1a en partes \u00edntimas y la amenazaba para que no hablara de lo acontecido, hasta que la madre de la menor comenz\u00f3 a sospechar y al exigirle a la ni\u00f1a que le explicara lo que estaba pasando se enter\u00f3 de los hechos.&nbsp;&nbsp;<\/p>\n\n\n\n<p>Desde ese momento, la madre de la v\u00edctima compareci\u00f3 a la Fiscal\u00eda de Las Matas de Farf\u00e1n a denunciar el abuso por parte del imputado.&nbsp;&nbsp;<\/p>\n\n\n\n<p>Antes de llegar a la dependencia del Ministerio P\u00fablico, el pasado 10 de mayo, S\u00e1nchez Montero emprendi\u00f3 una persecuci\u00f3n contra la se\u00f1ora hasta el Palacio de Justicia para amenazarla e impedir que pusiera la denuncia en su contra, siendo arrestado en flagrante delito por la seguridad de la instituci\u00f3n.&nbsp;&nbsp;<\/p>\n\n\n\n<p>Los nombres de la ni\u00f1a y su madre fueron omitidos para proteger la identidad de la v\u00edctima.&nbsp;<\/p>\n\n\n\n<p>El Ministerio P\u00fablico le otorg\u00f3 al caso la calificaci\u00f3n jur\u00eddica de agresi\u00f3n sexual, abuso sexual y psicol\u00f3gico, delitos previstos y sancionados por los art\u00edculos 330 y 333 del C\u00f3digo Penal Dominicano, modificado por la Ley 24-97, sobre Violencia de G\u00e9nero, y los art\u00edculos 12 y 396 del C\u00f3digo para la Protecci\u00f3n y los Derechos Fundamentales de los Ni\u00f1os, Ni\u00f1as y Adolescentes (Ley 136-03).\u00a0\u00a0\u00a0<\/p>\n\n\n\n<p>Comunicaciones PGR<a target=\"_blank\" href=\"mailto:comunicaciones@pgr.gob.do\" rel=\"noreferrer noopener\">comunicaciones@pgr.gob.do<\/a><\/p>\n\n\n\n<p><strong>Direcci\u00f3n General de Comunicaci\u00f3n, Prensa, y RRPP<\/strong><strong><\/strong><\/p>\n\n\n\n<p>Ministerio P\u00fablico.&nbsp;R.D.<\/p>\n\n\n\n<p>Jueves, 8 de junio de 2023.<\/p>\n","protected":false},"excerpt":{"rendered":"<p>LAS MATAS DE FARFAN, Rep\u00fablica Dominicana.- El Ministerio P\u00fablico de Las Matas de Farf\u00e1n obtuvo tres meses de prisi\u00f3n preventiva en contra del director de la Junta del Distrito Municipal de Batista, Emigdio S\u00e1nchez Montero, imputado de incurrir en agresi\u00f3n sexual y abuso sexual y psicol\u00f3gico en perjuicio de una menor de edad, en un [&hellip;]<\/p>\n","protected":false},"author":28,"featured_media":444164,"comment_status":"closed","ping_status":"","sticky":true,"template":"","format":"standard","meta":{"footnotes":""},"categories":[24,29,27],"tags":[],"class_list":["post-445718","post","type-post","status-publish","format-standard","has-post-thumbnail","hentry","category-justicia-y-derecho","category-policiasucesos","category-portada"],"_links":{"self":[{"href":"https:\/\/diariodominicano.com\/index.php?rest_route=\/wp\/v2\/posts\/445718","targetHints":{"allow":["GET"]}}],"collection":[{"href":"https:\/\/diariodominicano.com\/index.php?rest_route=\/wp\/v2\/posts"}],"about":[{"href":"https:\/\/diariodominicano.com\/index.php?rest_route=\/wp\/v2\/types\/post"}],"author":[{"embeddable":true,"href":"https:\/\/diariodominicano.com\/index.php?rest_route=\/wp\/v2\/users\/28"}],"replies":[{"embeddable":true,"href":"https:\/\/diariodominicano.com\/index.php?rest_route=%2Fwp%2Fv2%2Fcomments&post=445718"}],"version-history":[{"count":2,"href":"https:\/\/diariodominicano.com\/index.php?rest_route=\/wp\/v2\/posts\/445718\/revisions"}],"predecessor-version":[{"id":445721,"href":"https:\/\/diariodominicano.com\/index.php?rest_route=\/wp\/v2\/posts\/445718\/revisions\/445721"}],"wp:featuredmedia":[{"embeddable":true,"href":"https:\/\/diariodominicano.com\/index.php?rest_route=\/wp\/v2\/media\/444164"}],"wp:attachment":[{"href":"https:\/\/diariodominicano.com\/index.php?rest_route=%2Fwp%2Fv2%2Fmedia&parent=445718"}],"wp:term":[{"taxonomy":"category","embeddable":true,"href":"https:\/\/diariodominicano.com\/index.php?rest_route=%2Fwp%2Fv2%2Fcategories&post=445718"},{"taxonomy":"post_tag","embeddable":true,"href":"https:\/\/diariodominicano.com\/index.php?rest_route=%2Fwp%2Fv2%2Ftags&post=445718"}],"curies":[{"name":"wp","href":"https:\/\/api.w.org\/{rel}","templated":true}]}}