{"id":445618,"date":"2023-06-08T12:18:20","date_gmt":"2023-06-08T16:18:20","guid":{"rendered":"http:\/\/diariodominicano.com\/?p=445618"},"modified":"2023-06-08T12:45:52","modified_gmt":"2023-06-08T16:45:52","slug":"ministerio-publico-y-policia-investigan-muerte-de-un-nino-de-cuatro-anos-mientras-se-encontraba-junto-a-su-madre-y-varios-familiares-en-villa-de-bani","status":"publish","type":"post","link":"https:\/\/diariodominicano.com\/?p=445618","title":{"rendered":"Ministerio P\u00fablico y Polic\u00eda investigan en Ban\u00ed muerte de un ni\u00f1o de cuatro a\u00f1os en piscina"},"content":{"rendered":"\n<p><em><u>El infante falleci\u00f3 en momentos en que se ba\u00f1aba junto a otros ni\u00f1os en una piscina para adultos que funciona en el lugar<\/u><\/em><em><u><\/u><\/em><\/p>\n\n\n\n<p>PERAVIA, Rep\u00fablica Dominicana.- Las autoridades del Ministerio P\u00fablico y la Polic\u00eda Nacional en la provincia Peravia investigan las circunstancias en que falleci\u00f3 el  mi\u00e9rcoles un ni\u00f1o de cuatro a\u00f1os de edad en el momento  se encontraba junto a su madre y varios familiares en una villa de la comunidad&nbsp; Villa G\u00fcera, del municipio Ban\u00ed.&nbsp;<\/p>\n\n\n\n<p>La procuradora fiscal de Ni\u00f1os, Ni\u00f1as y Adolescentes en Peravia , Santa Odesty Luna, junto al equipo de la Direcci\u00f3n Central de Investigaciones Criminales (Dicrim), de la Polic\u00eda Nacional, y una m\u00e9dica legista inici\u00f3 las investigaciones del caso, para lo cual se trasladaron al lugar donde ocurri\u00f3 el hecho y posteriormente al hospital de la zona donde se realiz\u00f3 el levantamiento del cad\u00e1ver del ni\u00f1o de iniciales J.E.T.S.&nbsp;&nbsp;<\/p>\n\n\n\n<p>El menor de edad y su madre Jeniffer Alexandra Soto Binnet, de 35 a\u00f1os de edad, quienes residen en la misma zona donde ocurri\u00f3 el hecho, visitaban la villa junto a otros familiares, quienes son investigados.&nbsp;&nbsp;<\/p>\n\n\n\n<p>En el transcurso de las pesquisas se ha establecido en un informe preliminar que el infante falleci\u00f3 a causa de asfixia por sumersi\u00f3n (inmersi\u00f3n del cuerpo en el agua) mientras se ba\u00f1aba junto a otros ni\u00f1os en una piscina para adultos que funciona en la casa de recreaci\u00f3n. En el lugar hab\u00eda varias personas adultas.&nbsp;&nbsp;<\/p>\n\n\n\n<p>El grupo lleg\u00f3 a la villa alrededor de las 10:30 de la ma\u00f1ana del mi\u00e9rcoles 7 de junio y m\u00e1s tarde ocurri\u00f3 el lamentable hecho, aproximadamente a las 12:30 del mismo d\u00eda. Los primeros en utilizar la piscina fueron los ni\u00f1os.&nbsp;&nbsp;<\/p>\n\n\n\n<p>De acuerdo a versiones ofrecidas a las autoridades por personas que se encontraban en el lugar, los ni\u00f1os ten\u00edan puestos salvavidas, pero, poco antes de ocurrir el caso, el infante fallecido se lo hab\u00eda quitado, quedando sin protecci\u00f3n.&nbsp;<\/p>\n\n\n\n<p>Las autoridades ofrecieron la informaci\u00f3n a trav\u00e9s de un comunicado de prensa, donde detallan que profundizan las investigaciones para esclarecer el caso.<\/p>\n\n\n\n<p>Explicaron que escuchan a los familiares y que adoptar\u00e1n las acciones pertinentes.&nbsp;<\/p>\n\n\n\n<p><strong>Direcci\u00f3n General de Comunicaci\u00f3n, Prensa, y RRPP<\/strong><strong><\/strong><\/p>\n\n\n\n<p>Ministerio P\u00fablico.&nbsp;R.D.<\/p>\n\n\n\n<p>Jueves, 8 de junio de 2023.<\/p>\n","protected":false},"excerpt":{"rendered":"<p>El infante falleci\u00f3 en momentos en que se ba\u00f1aba junto a otros ni\u00f1os en una piscina para adultos que funciona en el lugar PERAVIA, Rep\u00fablica Dominicana.- Las autoridades del Ministerio P\u00fablico y la Polic\u00eda Nacional en la provincia Peravia investigan las circunstancias en que falleci\u00f3 el mi\u00e9rcoles un ni\u00f1o de cuatro a\u00f1os de edad en [&hellip;]<\/p>\n","protected":false},"author":28,"featured_media":352559,"comment_status":"closed","ping_status":"","sticky":true,"template":"","format":"standard","meta":{"footnotes":""},"categories":[24,29,27],"tags":[],"class_list":["post-445618","post","type-post","status-publish","format-standard","has-post-thumbnail","hentry","category-justicia-y-derecho","category-policiasucesos","category-portada"],"_links":{"self":[{"href":"https:\/\/diariodominicano.com\/index.php?rest_route=\/wp\/v2\/posts\/445618","targetHints":{"allow":["GET"]}}],"collection":[{"href":"https:\/\/diariodominicano.com\/index.php?rest_route=\/wp\/v2\/posts"}],"about":[{"href":"https:\/\/diariodominicano.com\/index.php?rest_route=\/wp\/v2\/types\/post"}],"author":[{"embeddable":true,"href":"https:\/\/diariodominicano.com\/index.php?rest_route=\/wp\/v2\/users\/28"}],"replies":[{"embeddable":true,"href":"https:\/\/diariodominicano.com\/index.php?rest_route=%2Fwp%2Fv2%2Fcomments&post=445618"}],"version-history":[{"count":4,"href":"https:\/\/diariodominicano.com\/index.php?rest_route=\/wp\/v2\/posts\/445618\/revisions"}],"predecessor-version":[{"id":445634,"href":"https:\/\/diariodominicano.com\/index.php?rest_route=\/wp\/v2\/posts\/445618\/revisions\/445634"}],"wp:featuredmedia":[{"embeddable":true,"href":"https:\/\/diariodominicano.com\/index.php?rest_route=\/wp\/v2\/media\/352559"}],"wp:attachment":[{"href":"https:\/\/diariodominicano.com\/index.php?rest_route=%2Fwp%2Fv2%2Fmedia&parent=445618"}],"wp:term":[{"taxonomy":"category","embeddable":true,"href":"https:\/\/diariodominicano.com\/index.php?rest_route=%2Fwp%2Fv2%2Fcategories&post=445618"},{"taxonomy":"post_tag","embeddable":true,"href":"https:\/\/diariodominicano.com\/index.php?rest_route=%2Fwp%2Fv2%2Ftags&post=445618"}],"curies":[{"name":"wp","href":"https:\/\/api.w.org\/{rel}","templated":true}]}}