{"id":44559,"date":"2019-04-21T15:48:16","date_gmt":"2019-04-21T15:48:16","guid":{"rendered":"http:\/\/diariodominicano.ddns.net\/?p=44559"},"modified":"2019-04-21T15:48:16","modified_gmt":"2019-04-21T15:48:16","slug":"relanzar-abril","status":"publish","type":"post","link":"https:\/\/diariodominicano.com\/?p=44559","title":{"rendered":"\u00a1RELANZAR ABRIL!"},"content":{"rendered":"<p><body><\/p>\n<\/p>\n<p>                                                 <strong>               Por Narciso Isa Conde<\/strong><\/p>\n<\/p>\n<\/p>\n<p> En menos de cuatro d\u00edas, 24, 25, 26 y 27 de abril de1965, el pueblo dominicano derrot\u00f3 en las calles a las derechas, liquid\u00f3 la dictadura del Triunvirato, restableci\u00f3 la Constituci\u00f3n democr\u00e1tica de 1963 (la m\u00e1s avanzada de nuestra historia republicana, la que prohib\u00eda el latifundio y los monopolios, consagraba todas las libertades, le daba preeminencia al trabajo sobre el capital, otorgaba participaci\u00f3n de los obreros en los beneficios de las empresas, defend\u00eda la soberan\u00eda nacional y popular&#8230;), cre\u00f3 nuevas fuerzas armadas y un  nuevo poder conformado por la suma y articulaci\u00f3n de los comandos armados en estrecha relaci\u00f3n las comunidades en lucha.<\/p>\n<\/p>\n<p>Reconquistamos dos soberan\u00edas: la nacional y la popular. Derrotamos a los corruptos. Nos hermanamos en democracia y autodeterminaci\u00f3n civiles y militares. Militares y polic\u00edas patriotas y democr\u00e1ticos formaron junto al pueblo en armas unas nuevas fuerzas armadas.<\/p>\n<\/p>\n<p>Transformamos el producto de la Asamblea Constituyente de 1963 en poder popular y procedimos de forma muy original a convertirlo en poder constituyente de un nuevo Estado.<\/p>\n<\/p>\n<p>Profundizamos y ampliamos la democracia desde el poder de los comandos populares que controlaban las instituciones formales de la democracia representativa. La representaci\u00f3n se mezcl\u00f3 con la democracia directa-asamblearia.<\/p>\n<\/p>\n<p>Floreci\u00f3 la tendencia a la igualdad, a la socializaci\u00f3n, a la creatividad art\u00edstica. Todos\/as nos aliment\u00e1bamos, dorm\u00edamos, nos divert\u00edamos, trabajamos m\u00e1s o menos igual. Ten\u00edamos las mismas oportunidades, deberes y derechos, cada quien aportando seg\u00fan su capacidad, talento y formaci\u00f3n. Los\/as artistas ejercieron la libertad de crear e innovar y el pueblo la libertad de amar sin tab\u00faes. Una especie de comuna caribe\u00f1a.<\/p>\n<\/p>\n<p> Se pudo lo imposible. Pero nos lo arrebat\u00f3 la INVASI\u00d3N MILITAR YANQUI.<\/p>\n<\/p>\n<p>Ahora debemos esforzarnos por recuperar lo que nos arrebataron y para eso hay que construir la soberan\u00eda de pueblo, su propio poder, su capacidad para cambiarlo todo.<\/p>\n<\/p>\n<p> Hay que hacerlo de nuevo, pero a tono con las circunstancias, para poder erradicar esta dictadura constitucional mafiosa, derrotar a los corruptos y su impunidad, quebrar esta institucionalidad podrida, destituir a quienes detentan el poder.<\/p>\n<\/p>\n<p>Y esto solo puede hacerse por la v\u00eda de grandes movilizaciones, desobediencia civil  masiva y  paralizaciones populares contundentes: \u00a1DEMOCRACIA DE CALLE! Creando conciencia de que el pueblo, civiles y militares juntos, puede hacerlo, si asume su soberan\u00eda y se dispone a rescatar la soberan\u00eda nacional.<\/p>\n<\/p>\n<p>Puede hacerse si el pueblo asume la condici\u00f3n de poder constituyente capaz de destituir y reconstruir el Estado y sus instituciones, desde su participaci\u00f3n y protagonismo. \u00a1COMO EN AQUEL ABRIL!, pero sin calco ni copia. (El Nacional 21-04-2019, Santo Domingo, RD)<\/p>\n<\/p>\n<h6> 2019-04-21 15:48:16 <\/h6>\n<p><!--\n<link rel=\"stylesheet\" href=\"css\/bootstrap.min.css\">\n\n\n<ul class=\"pagination\">\n\t    \n\t\n\n<li >\n\t<a href='?page_no=735'>Previous<\/a>\n\t<\/li>\n\n\n       \n    \n\n<li><a href='?page_no=1'>1<\/a><\/li>\n\n\n\n<li><a href='?page_no=2'>2<\/a><\/li>\n\n\n\n<li><a>...<\/a><\/li>\n\n\n\n<li><a href='?page_no=734'>734<\/a><\/li>\n\n\n\n<li><a href='?page_no=735'>735<\/a><\/li>\n\n\n\n<li class='active'><a>736<\/a><\/li>\n\n\n\n<li><a href='?page_no=737'>737<\/a><\/li>\n\n\n\n<li><a href='?page_no=738'>738<\/a><\/li>\n\n\n\n<li><a>...<\/a><\/li>\n\n\n\n<li><a href='?page_no=13611'>13611<\/a><\/li>\n\n\n\n<li><a href='?page_no=13612'>13612<\/a><\/li>\n\n    \n\t\n\n<li >\n\t<a href='?page_no=737'>Next<\/a>\n\t<\/li>\n\n\n    \n\n<li><a href='?page_no=13612'>Last &rsaquo;&rsaquo;<\/a><\/li>\n\n<\/ul>\n\n\n--><br \/>\n<\/body><\/p>\n","protected":false},"excerpt":{"rendered":"<p>Por Narciso Isa Conde En menos de cuatro d\u00edas, 24, 25, 26 y 27 de abril de1965, el pueblo dominicano derrot\u00f3 en las calles a las derechas, liquid\u00f3 la dictadura del Triunvirato, restableci\u00f3 la Constituci\u00f3n democr\u00e1tica de 1963 (la m\u00e1s avanzada de nuestra historia republicana, la que prohib\u00eda el latifundio y los monopolios, consagraba todas [&hellip;]<\/p>\n","protected":false},"author":3,"featured_media":0,"comment_status":"open","ping_status":"open","sticky":false,"template":"","format":"standard","meta":{"footnotes":""},"categories":[16],"tags":[],"class_list":["post-44559","post","type-post","status-publish","format-standard","hentry","category-opiniones"],"_links":{"self":[{"href":"https:\/\/diariodominicano.com\/index.php?rest_route=\/wp\/v2\/posts\/44559","targetHints":{"allow":["GET"]}}],"collection":[{"href":"https:\/\/diariodominicano.com\/index.php?rest_route=\/wp\/v2\/posts"}],"about":[{"href":"https:\/\/diariodominicano.com\/index.php?rest_route=\/wp\/v2\/types\/post"}],"author":[{"embeddable":true,"href":"https:\/\/diariodominicano.com\/index.php?rest_route=\/wp\/v2\/users\/3"}],"replies":[{"embeddable":true,"href":"https:\/\/diariodominicano.com\/index.php?rest_route=%2Fwp%2Fv2%2Fcomments&post=44559"}],"version-history":[{"count":0,"href":"https:\/\/diariodominicano.com\/index.php?rest_route=\/wp\/v2\/posts\/44559\/revisions"}],"wp:attachment":[{"href":"https:\/\/diariodominicano.com\/index.php?rest_route=%2Fwp%2Fv2%2Fmedia&parent=44559"}],"wp:term":[{"taxonomy":"category","embeddable":true,"href":"https:\/\/diariodominicano.com\/index.php?rest_route=%2Fwp%2Fv2%2Fcategories&post=44559"},{"taxonomy":"post_tag","embeddable":true,"href":"https:\/\/diariodominicano.com\/index.php?rest_route=%2Fwp%2Fv2%2Ftags&post=44559"}],"curies":[{"name":"wp","href":"https:\/\/api.w.org\/{rel}","templated":true}]}}