{"id":445401,"date":"2023-06-07T22:25:36","date_gmt":"2023-06-08T02:25:36","guid":{"rendered":"http:\/\/diariodominicano.com\/?p=445401"},"modified":"2023-06-07T22:25:36","modified_gmt":"2023-06-08T02:25:36","slug":"fiscalia-del-dn-obtiene-condena-de-20-anos-de-prision-contra-hombre-que-asesino-comerciante-en-el-sector-capotillo","status":"publish","type":"post","link":"https:\/\/diariodominicano.com\/?p=445401","title":{"rendered":"Fiscal\u00eda del DN obtiene condena de 20 a\u00f1os de prisi\u00f3n contra hombre que asesin\u00f3 comerciante en el sector Capotillo"},"content":{"rendered":"\n<p><\/p>\n\n\n\n<p><strong>SANTO DOMINGO, Rep\u00fablica Dominicana.-<\/strong>\u00a0Los jueces del Tercer Tribunal Colegiado del Distrito Nacional condenaron a 20 a\u00f1os de prisi\u00f3n a Raymond Rafael Encarnaci\u00f3n de Jes\u00fas, por el asesinato a balazos del comerciante Abraham M\u00e9ndez Montero, durante un intento de atraco registrado en marzo del a\u00f1o pasado, en un negocio de expendio de bebidas alcoh\u00f3licas en el sector Capotillo, en la capital dominicana.<\/p>\n\n\n\n<p>El tribunal, que preside la magistrada Arl\u00edn Ventura y que integran las juezas Leticia Mart\u00ednez Noboa y Yuleika Desir\u00e9 Romero, adopt\u00f3 la decisi\u00f3n luego de acoger en todas sus partes las pruebas periciales, documentales y testimoniales presentadas por la fiscal litigante Julia Laury V\u00e1squez, con las que el Ministerio P\u00fablico demostr\u00f3 la responsabilidad penal del encartado en los hechos puestos a su cargo.<\/p>\n\n\n\n<p>El expediente instrumentado por la Fiscal\u00eda del Distrito Nacional, establece que el hecho ocurri\u00f3 a eso de las 8:45 de la noche del 4 de marzo del 2022, en la calle 42 del sector Capotillo, en momentos en los que M\u00e9ndez Montero se encontraba en su negocio de expendio de bebidas alcoh\u00f3licas, cuando se present\u00f3 Encarnaci\u00f3n y sin mediar palabras, le hizo varios disparos.<\/p>\n\n\n\n<p>A\u00f1ade el documento que tan pronto cometi\u00f3 el hecho, el agresor huyo r\u00e1pidamente del lugar, dejando herido al comerciante, que fue socorrido por varios vecinos que lo condujeron de urgencia al hospital Doctor Francisco Moscoso Puello donde falleci\u00f3 minutos despu\u00e9s a causa de cinco heridas de bala, las cuales lo alcanzaron en el cuello, con entrada y salida, mortales, seg\u00fan la autopsia practicada por el Instituto Nacional de Ciencias Forenses (INACIF).<\/p>\n\n\n\n<p>El Ministerio Publico estableci\u00f3 que la conducta del Raymond Rafael Encarnaci\u00f3n constituye los tipos penales de homicidio voluntario y porte ilegal de arma de fuego, previstos y sancionados por los art\u00edculos 295 y 304 p\u00e1rrafo 2, del C\u00f3digo Penal Dominicano y los art\u00edculos 66 y 67 de la Ley 631-16, sobre porte ilegal de armas de fuego y materiales relacionados.<\/p>\n\n\n\n<p>Por disposici\u00f3n del tribunal, Encarnaci\u00f3n de Jes\u00fas cumplir\u00e1 la condena en la c\u00e1rcel La Victoria, donde actualmente se encuentra cumpliendo una sentencia anterior de 30 a\u00f1os de prisi\u00f3n dictada el 28 diciembre del a\u00f1o 2022 por los jueces del Primer Tribunal Colegiado del Distrito Nacional, por matar al comerciante Manuel Odalis B\u00e1ez P\u00e9rez, en medio de un asalto cometido en septiembre de 2021, en el sector Sim\u00f3n Bol\u00edvar, del Distrito Nacional.<\/p>\n\n\n\n<p><strong>Direcci\u00f3n General de Comunicaci\u00f3n, Prensa, y RRPP<\/strong><\/p>\n\n\n\n<p>Ministerio P\u00fablico.&nbsp;R.D.<\/p>\n\n\n\n<p>Mi\u00e9rcoles, 7 de junio de 2023&#8230;<\/p>\n","protected":false},"excerpt":{"rendered":"<p>SANTO DOMINGO, Rep\u00fablica Dominicana.-\u00a0Los jueces del Tercer Tribunal Colegiado del Distrito Nacional condenaron a 20 a\u00f1os de prisi\u00f3n a Raymond Rafael Encarnaci\u00f3n de Jes\u00fas, por el asesinato a balazos del comerciante Abraham M\u00e9ndez Montero, durante un intento de atraco registrado en marzo del a\u00f1o pasado, en un negocio de expendio de bebidas alcoh\u00f3licas en el [&hellip;]<\/p>\n","protected":false},"author":28,"featured_media":265615,"comment_status":"closed","ping_status":"","sticky":true,"template":"","format":"standard","meta":{"footnotes":""},"categories":[24,29,27],"tags":[],"class_list":["post-445401","post","type-post","status-publish","format-standard","has-post-thumbnail","hentry","category-justicia-y-derecho","category-policiasucesos","category-portada"],"_links":{"self":[{"href":"https:\/\/diariodominicano.com\/index.php?rest_route=\/wp\/v2\/posts\/445401","targetHints":{"allow":["GET"]}}],"collection":[{"href":"https:\/\/diariodominicano.com\/index.php?rest_route=\/wp\/v2\/posts"}],"about":[{"href":"https:\/\/diariodominicano.com\/index.php?rest_route=\/wp\/v2\/types\/post"}],"author":[{"embeddable":true,"href":"https:\/\/diariodominicano.com\/index.php?rest_route=\/wp\/v2\/users\/28"}],"replies":[{"embeddable":true,"href":"https:\/\/diariodominicano.com\/index.php?rest_route=%2Fwp%2Fv2%2Fcomments&post=445401"}],"version-history":[{"count":1,"href":"https:\/\/diariodominicano.com\/index.php?rest_route=\/wp\/v2\/posts\/445401\/revisions"}],"predecessor-version":[{"id":445402,"href":"https:\/\/diariodominicano.com\/index.php?rest_route=\/wp\/v2\/posts\/445401\/revisions\/445402"}],"wp:featuredmedia":[{"embeddable":true,"href":"https:\/\/diariodominicano.com\/index.php?rest_route=\/wp\/v2\/media\/265615"}],"wp:attachment":[{"href":"https:\/\/diariodominicano.com\/index.php?rest_route=%2Fwp%2Fv2%2Fmedia&parent=445401"}],"wp:term":[{"taxonomy":"category","embeddable":true,"href":"https:\/\/diariodominicano.com\/index.php?rest_route=%2Fwp%2Fv2%2Fcategories&post=445401"},{"taxonomy":"post_tag","embeddable":true,"href":"https:\/\/diariodominicano.com\/index.php?rest_route=%2Fwp%2Fv2%2Ftags&post=445401"}],"curies":[{"name":"wp","href":"https:\/\/api.w.org\/{rel}","templated":true}]}}