{"id":445375,"date":"2023-06-07T21:51:50","date_gmt":"2023-06-08T01:51:50","guid":{"rendered":"http:\/\/diariodominicano.com\/?p=445375"},"modified":"2023-06-07T21:51:50","modified_gmt":"2023-06-08T01:51:50","slug":"condenan-a-30-y-20-anos-de-prision-a-dos-por-matar-a-una-mujer-ocultar-el-cadaver-y-luego-incinerarlo","status":"publish","type":"post","link":"https:\/\/diariodominicano.com\/?p=445375","title":{"rendered":"Condenan a 30 y 20 a\u00f1os de prisi\u00f3n a dos por matar a una mujer, \u00a0ocultar el cad\u00e1ver y luego incinerarlo"},"content":{"rendered":"\n<p><\/p>\n\n\n\n<p>SANTO DOMINGO, Rep\u00fablica Dominicana.- La Fiscal\u00eda de Santo Domingo Este y Norte obtuvo una sentencia condenatoria de 30 y 20 a\u00f1os de prisi\u00f3n en contra de dos personas acusadas de matar a una mujer, \u00a0ocultar el cad\u00e1ver y luego incinerarlo, en un hecho ocurrido en el a\u00f1o 2021, en la comunidad San Luis, en Santo Domingo Este.\u00a0<\/p>\n\n\n\n<p>El Tribunal Colegiado de esa jurisdicci\u00f3n, que preside la jueza Esperanza Rodr\u00edguez Espinal, dict\u00f3 la sentencia que condena a 30 a\u00f1os de prisi\u00f3n a Jack Stiven y a 20 a\u00f1os a Maricela Francisco de la Cruz (Marisol), adem\u00e1s de que le ordena el pago de una multa de un mill\u00f3n de pesos a cada uno, por la muerte de Senaida Rojas Ortiz.&nbsp;<\/p>\n\n\n\n<p>El tribunal decidi\u00f3 que el hoy condenado Jack Stiven cumpla la condena en la c\u00e1rcel p\u00fablica del Kil\u00f3metro 15 de Azua y envi\u00f3 a Maricela Francisco de la Cruz al Centro de Correcci\u00f3n y Rehabilitaci\u00f3n (CCR) Najayo Mujeres, en la provincia San Crist\u00f3bal.&nbsp;<\/p>\n\n\n\n<p>El expediente instrumentado por el fiscal investigador Franklyn C\u00e9spedes Batista establece que el hecho ocurri\u00f3 en fecha 8 de marzo de 2021, alrededor de las 7:15 de la noche, en la calle 1ero. de Mayo, de la comunidad San Luis, en una casa en construcci\u00f3n, mientras Jack Stiven discut\u00eda con la v\u00edctima.&nbsp;<\/p>\n\n\n\n<p>La acusaci\u00f3n se\u00f1ala que el procesado tortur\u00f3 y luego le infiri\u00f3 varias estocadas en diferentes partes del cuerpo a la v\u00edctima, que le causaron la muerte.&nbsp;<\/p>\n\n\n\n<p>Tras cometer los hechos, el acusado, conjuntamente con Maricela Francisco de la Cruz, ocult\u00f3 el cuerpo de la hoy occisa, al que luego procedieron a incinerar.&nbsp;&nbsp;<\/p>\n\n\n\n<p>Durante el juicio, el fiscal litigante Ignacio Rojas aport\u00f3 pruebas periciales, testimoniales y documentales con las que demostr\u00f3 que los hoy condenados violaron los art\u00edculos 59, 60, 295 y 304, p\u00e1rrafo II, de C\u00f3digo Penal Dominicano, y los art\u00edculos 83 y 86 de la Ley 631-16, para el Control y Regulaci\u00f3n de Armas y Materiales Relacionados, que tipifican y sancionan la complicidad y el homicidio voluntario.&nbsp;<\/p>\n\n\n\n<p><strong>Direcci\u00f3n General de Comunicaci\u00f3n, Prensa, y RRPP<\/strong><strong><\/strong><\/p>\n\n\n\n<p>Ministerio P\u00fablico.&nbsp;R.D.<\/p>\n\n\n\n<p>Mi\u00e9rcoles, 7 de junio de 2023.<\/p>\n","protected":false},"excerpt":{"rendered":"<p>SANTO DOMINGO, Rep\u00fablica Dominicana.- La Fiscal\u00eda de Santo Domingo Este y Norte obtuvo una sentencia condenatoria de 30 y 20 a\u00f1os de prisi\u00f3n en contra de dos personas acusadas de matar a una mujer, \u00a0ocultar el cad\u00e1ver y luego incinerarlo, en un hecho ocurrido en el a\u00f1o 2021, en la comunidad San Luis, en Santo [&hellip;]<\/p>\n","protected":false},"author":28,"featured_media":348363,"comment_status":"closed","ping_status":"","sticky":true,"template":"","format":"standard","meta":{"footnotes":""},"categories":[24,29,27],"tags":[],"class_list":["post-445375","post","type-post","status-publish","format-standard","has-post-thumbnail","hentry","category-justicia-y-derecho","category-policiasucesos","category-portada"],"_links":{"self":[{"href":"https:\/\/diariodominicano.com\/index.php?rest_route=\/wp\/v2\/posts\/445375","targetHints":{"allow":["GET"]}}],"collection":[{"href":"https:\/\/diariodominicano.com\/index.php?rest_route=\/wp\/v2\/posts"}],"about":[{"href":"https:\/\/diariodominicano.com\/index.php?rest_route=\/wp\/v2\/types\/post"}],"author":[{"embeddable":true,"href":"https:\/\/diariodominicano.com\/index.php?rest_route=\/wp\/v2\/users\/28"}],"replies":[{"embeddable":true,"href":"https:\/\/diariodominicano.com\/index.php?rest_route=%2Fwp%2Fv2%2Fcomments&post=445375"}],"version-history":[{"count":1,"href":"https:\/\/diariodominicano.com\/index.php?rest_route=\/wp\/v2\/posts\/445375\/revisions"}],"predecessor-version":[{"id":445376,"href":"https:\/\/diariodominicano.com\/index.php?rest_route=\/wp\/v2\/posts\/445375\/revisions\/445376"}],"wp:featuredmedia":[{"embeddable":true,"href":"https:\/\/diariodominicano.com\/index.php?rest_route=\/wp\/v2\/media\/348363"}],"wp:attachment":[{"href":"https:\/\/diariodominicano.com\/index.php?rest_route=%2Fwp%2Fv2%2Fmedia&parent=445375"}],"wp:term":[{"taxonomy":"category","embeddable":true,"href":"https:\/\/diariodominicano.com\/index.php?rest_route=%2Fwp%2Fv2%2Fcategories&post=445375"},{"taxonomy":"post_tag","embeddable":true,"href":"https:\/\/diariodominicano.com\/index.php?rest_route=%2Fwp%2Fv2%2Ftags&post=445375"}],"curies":[{"name":"wp","href":"https:\/\/api.w.org\/{rel}","templated":true}]}}