{"id":44537,"date":"2019-04-22T01:10:54","date_gmt":"2019-04-22T01:10:54","guid":{"rendered":"http:\/\/diariodominicano.ddns.net\/?p=44537"},"modified":"2019-04-22T01:10:54","modified_gmt":"2019-04-22T01:10:54","slug":"puede-garantizar-comicios-librescon-tanto-autoritarismo","status":"publish","type":"post","link":"https:\/\/diariodominicano.com\/?p=44537","title":{"rendered":"\u00bfPUEDE GARANTIZAR COMICIOS LIBRES?&#13;\u00bfCON TANTO AUTORITARISMO?"},"content":{"rendered":"<p><body><\/p>\n<p><strong>FRANKLIN ALMEYDA RANCIER<\/strong><\/p>\n<\/p>\n<p>Imponer la reelecci\u00f3n va da\u00f1ando lo que ha sido un ejercicio gubernamental con logros. Crece el rechazo al autoritarismo que exhiben funcionarios en su comportamiento, lo hacen con desprecio y lucen apoyados por el Presidente de la Rep\u00fablica.<\/p>\n<p>El m\u00e1s atrevido es el Ministro Administrativo de la Presidencia, quien manda y se mueve como si fuera el Presidente mismo; otras veces como vocero, desplazando al de Informaci\u00f3n y Prensa; se entromete en otros poderes del Estado; suplanta al Ministro de la Presidencia, siendo su subalterno, dando \u00f3rdenes a ministros que tienen mayor rango que \u00e9l, hasta para ordenar cancelaciones a empleados. Con atrevimiento pretende ser vocero del PLD.<\/p>\n<\/p>\n<p>Lo sucedido contra el TSE ha intranquilizado a amplios sectores. En este caso altos funcionarios civiles y militares se vieron implicados.<\/p>\n<p>Lo m\u00e1s angustiante fueron las declaraciones del Presidente del Senado y Secretario General del PLD, cuando plante\u00f3 investigar a tres jueces del TSE, para someterlo a juicio pol\u00edtico, por haber dictado una sentencia anulando una convenci\u00f3n del PRD, que no agrad\u00f3 al Palacio.<\/p>\n<\/p>\n<p>\u00bfPasar\u00e1 con la JCE en medio de los pr\u00f3ximos comicios? \u00bfArrojar\u00e1n el Poder represivo del Estado y su presupuesto para imponer resultados ileg\u00edtimos?<\/p>\n<\/p>\n<p>Diversos sectores coinciden en denunciar el autoritarismo que acompa\u00f1a la b\u00fasqueda de la reelecci\u00f3n. Fue vigoroso Monse\u00f1or Ozoria, jefe de la Iglesia Cat\u00f3lica, cuando sentenci\u00f3 que se va camino a una dictadura; y luego, en el \u00abSerm\u00f3n de las Siete Palabras\u00bb, se reitera al implorar el perd\u00f3n para los que ponen sus intereses por encima de la Patria y la Constituci\u00f3n, y claman con Jes\u00fas: \u00abPadre, perd\u00f3nalos porque no saben lo que hacen\u00bb.<\/p>\n<\/p>\n<p>El Obispo Em\u00e9rito de la Arquidi\u00f3cesis de Santiago, Monse\u00f1or Ram\u00f3n Benito De la Rosa y Carpio, proclam\u00f3 al mismo tiempo: \u00abAhora y <\/p>\n<p>siempre, la Constituci\u00f3n no es un pedazo de papel, es nuestra ley Magna, y la aprobamos y estamos contentos con ella\u00bb.<\/p>\n<p>Ah\u00ed est\u00e1, adem\u00e1s, el informe del PNUD, organismo de la ONU, publicado en El Caribe, bajo el t\u00edtulo: \u00abPNUD afirma en RD aumenta<\/p>\n<p>el riesgo de profundizaci\u00f3n del autoritarismo\u00bb. Se dice ah\u00ed, entre las debilidades: \u00ab&#8230; la disminuci\u00f3n de los niveles de confianza ciudadana respecto a aquellas instituciones encargadas de crear y aplicar las Leyes aumenta el riesgo de profundizaci\u00f3n del autoritarismo en el pa\u00eds\u00bb.<\/p>\n<p>Agrega: \u00abse observa que el Poder Ejecutivo tiene un amplio margen de discrecionalidad, lo que afecta negativamente al imperio de la<\/p>\n<p>Ley y al respeto a los derechos fundamentales\u00bb.<\/p>\n<\/p>\n<p>Es evidente, se retrocede, se debilita el Estado y sus instituciones.<\/p>\n<p>Sin dudas, lo origina el desconocimiento repetido a las instituciones por el entorno reeleccionista, provocando reacciones que como las<\/p>\n<p>comentadas cuestionan directamente al gobierno.<\/p>\n<\/p>\n<p>La reelecci\u00f3n desborda los l\u00edmites constitucionales del mandato constitucional, crean deterioro en el r\u00e9gimen democr\u00e1tico. Querer habilitar al Presidente para reelegirse, debilita los cimientos del sistema democr\u00e1tico, construido con tanta sangre por el pueblo dominicano.<\/p>\n<\/p>\n<p>Presidente Medina Ud. no lo ignora; sabe que es garante del respeto a la Constituci\u00f3n. Procede no propiciar un camino que conduce a la ingobernabilidad y a una dictadura fuera de \u00e9poca.<\/p>\n<\/p>\n<p>Presidente preservese como garante para un proceso leg\u00edtimamente democr\u00e1tico. Cuide de la JCE, el TSE, los partidos, sectores de<\/p>\n<p>opini\u00f3n; los comicios deben ser libres, transparentes, en igualdad de condiciones y con resultados leg\u00edtimos. <\/p>\n<p><strong>El autor es miembro del CP del PLD, ex Ministro de Interior y ex Rector de la UASD.<\/strong><\/p>\n<\/p>\n<\/p>\n<h6> 2019-04-22 01:10:54 <\/h6>\n<p><!--\n<link rel=\"stylesheet\" href=\"css\/bootstrap.min.css\">\n\n\n<ul class=\"pagination\">\n\t    \n\t\n\n<li >\n\t<a href='?page_no=733'>Previous<\/a>\n\t<\/li>\n\n\n       \n    \n\n<li><a href='?page_no=1'>1<\/a><\/li>\n\n\n\n<li><a href='?page_no=2'>2<\/a><\/li>\n\n\n\n<li><a>...<\/a><\/li>\n\n\n\n<li><a href='?page_no=732'>732<\/a><\/li>\n\n\n\n<li><a href='?page_no=733'>733<\/a><\/li>\n\n\n\n<li class='active'><a>734<\/a><\/li>\n\n\n\n<li><a href='?page_no=735'>735<\/a><\/li>\n\n\n\n<li><a href='?page_no=736'>736<\/a><\/li>\n\n\n\n<li><a>...<\/a><\/li>\n\n\n\n<li><a href='?page_no=13611'>13611<\/a><\/li>\n\n\n\n<li><a href='?page_no=13612'>13612<\/a><\/li>\n\n    \n\t\n\n<li >\n\t<a href='?page_no=735'>Next<\/a>\n\t<\/li>\n\n\n    \n\n<li><a href='?page_no=13612'>Last &rsaquo;&rsaquo;<\/a><\/li>\n\n<\/ul>\n\n\n--><br \/>\n<\/body><\/p>\n","protected":false},"excerpt":{"rendered":"<p>FRANKLIN ALMEYDA RANCIER Imponer la reelecci\u00f3n va da\u00f1ando lo que ha sido un ejercicio gubernamental con logros. Crece el rechazo al autoritarismo que exhiben funcionarios en su comportamiento, lo hacen con desprecio y lucen apoyados por el Presidente de la Rep\u00fablica. El m\u00e1s atrevido es el Ministro Administrativo de la Presidencia, quien manda y se [&hellip;]<\/p>\n","protected":false},"author":3,"featured_media":0,"comment_status":"open","ping_status":"open","sticky":false,"template":"","format":"standard","meta":{"footnotes":""},"categories":[16],"tags":[],"class_list":["post-44537","post","type-post","status-publish","format-standard","hentry","category-opiniones"],"_links":{"self":[{"href":"https:\/\/diariodominicano.com\/index.php?rest_route=\/wp\/v2\/posts\/44537","targetHints":{"allow":["GET"]}}],"collection":[{"href":"https:\/\/diariodominicano.com\/index.php?rest_route=\/wp\/v2\/posts"}],"about":[{"href":"https:\/\/diariodominicano.com\/index.php?rest_route=\/wp\/v2\/types\/post"}],"author":[{"embeddable":true,"href":"https:\/\/diariodominicano.com\/index.php?rest_route=\/wp\/v2\/users\/3"}],"replies":[{"embeddable":true,"href":"https:\/\/diariodominicano.com\/index.php?rest_route=%2Fwp%2Fv2%2Fcomments&post=44537"}],"version-history":[{"count":0,"href":"https:\/\/diariodominicano.com\/index.php?rest_route=\/wp\/v2\/posts\/44537\/revisions"}],"wp:attachment":[{"href":"https:\/\/diariodominicano.com\/index.php?rest_route=%2Fwp%2Fv2%2Fmedia&parent=44537"}],"wp:term":[{"taxonomy":"category","embeddable":true,"href":"https:\/\/diariodominicano.com\/index.php?rest_route=%2Fwp%2Fv2%2Fcategories&post=44537"},{"taxonomy":"post_tag","embeddable":true,"href":"https:\/\/diariodominicano.com\/index.php?rest_route=%2Fwp%2Fv2%2Ftags&post=44537"}],"curies":[{"name":"wp","href":"https:\/\/api.w.org\/{rel}","templated":true}]}}