{"id":44526,"date":"2019-04-23T09:57:23","date_gmt":"2019-04-23T09:57:23","guid":{"rendered":"http:\/\/diariodominicano.ddns.net\/?p=44526"},"modified":"2019-04-23T09:57:23","modified_gmt":"2019-04-23T09:57:23","slug":"la-semana-santa-en-cifras","status":"publish","type":"post","link":"https:\/\/diariodominicano.com\/?p=44526","title":{"rendered":"LA SEMANA SANTA EN CIFRAS"},"content":{"rendered":"<p><body><\/p>\n<p>EL TIRO RAPIDO<\/p>\n<\/p>\n<\/p>\n<\/p>\n<p>Mas que comentar las ocurrencias desafortunadas que siempre matizan  la Semana Santa, creemos procedente que sean los n\u00fameros los que hablen, partiendo de las cifras oficiales ofrecidas por el general Juan Manuel M\u00e9ndez, quien desde hace a\u00f1os encabeza el Comit\u00e9 de Operaciones de Emergencia, donde se concentran y unifican sus esfuerzos las distintas instituciones asistenciales, de prevenci\u00f3n y auxilio.<\/p>\n<\/p>\n<\/p>\n<p>En total 33 personas perdieron la vida durante el asueto de la Semana Mayor.  Pero 15 de las mismas murieron fuera del dispositivo preventivo montado por las autoridades bajo el lema \u00abUn pacto por la vida\u00bb.<\/p>\n<\/p>\n<\/p>\n<p>De las v\u00edctimas fatales, 16 fallecieron a consecuencia de los 181 accidentes de tr\u00e1nsito que fueron reportados por las 45 mil 521 personas pertenecientes a las 22 instituciones del COE que participaron del operativo iniciado el Jueves Santo al mediod\u00eda y finalizado el Domingo de Resurrecci\u00f3n a las seis de la tarde, cuando concluy\u00f3 el carreteo.<\/p>\n<\/p>\n<\/p>\n<p>Vale hacer la salvedad de que el n\u00famero de fallecidos pudiera aumentar en los pr\u00f3ximos d\u00edas dependiendo de la gravedad de las lesiones recibidas por algunos de los heridos.<\/p>\n<\/p>\n<\/p>\n<p>De los accidentes de tr\u00e1nsito reportados que provocaron en total, mil 900 lesionados, en 150 estuvieron involucradas motocicletas livianas, o sea cinco en cada seis, una proporci\u00f3n mucho mayor que el promedio anterior. <\/p>\n<\/p>\n<\/p>\n<p>En total se registraron 181 heridos, 296 intoxicados por ingesta de alimentos y 760 por consumo de alcohol, entre estos nada menos que 64 de menores de 18 a\u00f1os. Supuestamente los padres deben ser sometidos a la justicia y sancionados.  Lo que debiera servir de alerta y disuasivo para evitar o reducir el n\u00famero de casos.  Pero no hay evidencia de que lo hayan sido hasta ahora.<\/p>\n<\/p>\n<\/p>\n<p>El servicio de auxilio vial del Ministerio de Obras P\u00fablicas brind\u00f3 81 mil 542 asistencias, mientras se ofrecieron 2 mil 956 asistencias m\u00e9dicas.  57 personas fueron salvadas de perecer ahogadas; se rescataron 63 menores quienes fueron entregados a sus respectivos progenitores.<\/p>\n<\/p>\n<\/p>\n<p>En total se estima que el n\u00famero de personas que se desplazaron por las carreteras y autopistas sobrepas\u00f3 la cifra de 4 millones 778 mil, superando con mucho el pron\u00f3stico inicial que era de unos 4 millones.<\/p>\n<\/p>\n<\/p>\n<p>El personal voluntario y de socorro de las instituciones del COE que participaron en el Operativo cont\u00f3 con el apoyo log\u00edstico de cientos de unidades vehiculares, ambulancias, hospitales ambulantes y puestos de socorro, lanchas de patrullaje y helic\u00f3pteros.  El costo, seguramente millonario, tampoco ha sido nunca dado a conocer pese a que se trata de fondos p\u00fablicos.<\/p>\n<\/p>\n<\/p>\n<p>Un dato llamativo es que pese a que en esta ocasi\u00f3n el n\u00famero de accidentes de tr\u00e1nsito fue muy inferior al del pasado a\u00f1o, 181 contra 741, en cambio la cantidad de lesionados result\u00f3 muy superior mil 900 en esta ocasi\u00f3n contra 1 mil 372  en el 2018.<\/p>\n<\/p>\n<\/p>\n<p>Las provincias donde tuvo lugar la mayor cantidad de ocurrencias fueron Santo Domingo con un 40 por ciento, Puerto Plata 6 porciento y Santiago y La Vega con un 4.4 por ciento en cada una.<\/p>\n<\/p>\n<\/p>\n<p>El final de la historia tal como hemos se\u00f1alado en otras ocasiones es que por m\u00e1s que una y otra vez se exhorte a los vacacionistas a actuar con prudencia, principalmente en la conducci\u00f3n de veh\u00edculos y en la ingesta de alimentos y bebidas alcoh\u00f3licas, y pese a lo eficientes que puedan resultar los operativos de prevenci\u00f3n y seguridad, el regresar sanos y salvos a los hogares es fundamentalmente una responsabilidad de cada quien.<\/p>\n<\/p>\n<\/p>\n<p>Lamentablemente no es escaso el n\u00famero de vacacionistas que hacen o\u00eddos sordos a todas las recomendaciones, ni de los choferes que beben mientras conducen, ni de aquellos que andan a exceso de velocidad o manejan en forma temeraria.  Frente a estos, poco o nada se puede hacer, salvo al final de cada jornada contabilizarlos como lesionados o fallecidos.<\/p>\n<\/p>\n<\/p>\n<p>Una cantidad que seguramente resultar\u00eda mucho mayor de no mediar el trabajo abnegado y meritorio de voluntarios y rescatistas que son los h\u00e9roes silenciosos de los feriados de Semana Santa, Navidad y Nuevo A\u00f1o.<\/p>\n<\/p>\n<h6> 2019-04-23 09:57:23 <\/h6>\n<p><!--\n<link rel=\"stylesheet\" href=\"css\/bootstrap.min.css\">\n\n\n<ul class=\"pagination\">\n\t    \n\t\n\n<li >\n\t<a href='?page_no=732'>Previous<\/a>\n\t<\/li>\n\n\n       \n    \n\n<li><a href='?page_no=1'>1<\/a><\/li>\n\n\n\n<li><a href='?page_no=2'>2<\/a><\/li>\n\n\n\n<li><a>...<\/a><\/li>\n\n\n\n<li><a href='?page_no=731'>731<\/a><\/li>\n\n\n\n<li><a href='?page_no=732'>732<\/a><\/li>\n\n\n\n<li class='active'><a>733<\/a><\/li>\n\n\n\n<li><a href='?page_no=734'>734<\/a><\/li>\n\n\n\n<li><a href='?page_no=735'>735<\/a><\/li>\n\n\n\n<li><a>...<\/a><\/li>\n\n\n\n<li><a href='?page_no=13611'>13611<\/a><\/li>\n\n\n\n<li><a href='?page_no=13612'>13612<\/a><\/li>\n\n    \n\t\n\n<li >\n\t<a href='?page_no=734'>Next<\/a>\n\t<\/li>\n\n\n    \n\n<li><a href='?page_no=13612'>Last &rsaquo;&rsaquo;<\/a><\/li>\n\n<\/ul>\n\n\n--><br \/>\n<\/body><\/p>\n","protected":false},"excerpt":{"rendered":"<p>EL TIRO RAPIDO Mas que comentar las ocurrencias desafortunadas que siempre matizan la Semana Santa, creemos procedente que sean los n\u00fameros los que hablen, partiendo de las cifras oficiales ofrecidas por el general Juan Manuel M\u00e9ndez, quien desde hace a\u00f1os encabeza el Comit\u00e9 de Operaciones de Emergencia, donde se concentran y unifican sus esfuerzos las [&hellip;]<\/p>\n","protected":false},"author":3,"featured_media":0,"comment_status":"open","ping_status":"open","sticky":false,"template":"","format":"standard","meta":{"footnotes":""},"categories":[16],"tags":[],"class_list":["post-44526","post","type-post","status-publish","format-standard","hentry","category-opiniones"],"_links":{"self":[{"href":"https:\/\/diariodominicano.com\/index.php?rest_route=\/wp\/v2\/posts\/44526","targetHints":{"allow":["GET"]}}],"collection":[{"href":"https:\/\/diariodominicano.com\/index.php?rest_route=\/wp\/v2\/posts"}],"about":[{"href":"https:\/\/diariodominicano.com\/index.php?rest_route=\/wp\/v2\/types\/post"}],"author":[{"embeddable":true,"href":"https:\/\/diariodominicano.com\/index.php?rest_route=\/wp\/v2\/users\/3"}],"replies":[{"embeddable":true,"href":"https:\/\/diariodominicano.com\/index.php?rest_route=%2Fwp%2Fv2%2Fcomments&post=44526"}],"version-history":[{"count":0,"href":"https:\/\/diariodominicano.com\/index.php?rest_route=\/wp\/v2\/posts\/44526\/revisions"}],"wp:attachment":[{"href":"https:\/\/diariodominicano.com\/index.php?rest_route=%2Fwp%2Fv2%2Fmedia&parent=44526"}],"wp:term":[{"taxonomy":"category","embeddable":true,"href":"https:\/\/diariodominicano.com\/index.php?rest_route=%2Fwp%2Fv2%2Fcategories&post=44526"},{"taxonomy":"post_tag","embeddable":true,"href":"https:\/\/diariodominicano.com\/index.php?rest_route=%2Fwp%2Fv2%2Ftags&post=44526"}],"curies":[{"name":"wp","href":"https:\/\/api.w.org\/{rel}","templated":true}]}}