{"id":445181,"date":"2023-06-06T21:00:03","date_gmt":"2023-06-07T01:00:03","guid":{"rendered":"http:\/\/diariodominicano.com\/?p=445181"},"modified":"2023-06-06T21:00:03","modified_gmt":"2023-06-07T01:00:03","slug":"el-tercer-tribunal-colegiado-del-distrito-nacional-admite-pruebas-para-juicio-contra-expresidente-de-la-dncd-acusado-de-la-muerte-del-comunicador-manuel-duncan","status":"publish","type":"post","link":"https:\/\/diariodominicano.com\/?p=445181","title":{"rendered":"El Tercer Tribunal Colegiado del Distrito Nacional admite pruebas para juicio contra expresidente de la DNCD acusado de la muerte del comunicador Manuel Duncan"},"content":{"rendered":"\n<p><strong>Manuel Duncan <\/strong><\/p>\n\n\n\n<p><em><u>Las pruebas hab\u00edan sido excluidas debido a una aplicaci\u00f3n err\u00f3nea de la norma.<\/u><\/em><strong><\/strong><\/p>\n\n\n\n<p><strong>SANTO DOMINGO, Rep\u00fablica Dominicana.-<\/strong>\u00a0El Tercer Tribunal Colegiado del Distrito Nacional acogido el incidente presentado por la Fiscal\u00eda del Distrito Nacional y admiti\u00f3 el audiovisual y otras pruebas en el caso que se sigue al\u00a0 vicealmirante retirado F\u00e9lix Alburquerque Compr\u00e9s, por matar al comunicador Manuel Duncan.<\/p>\n\n\n\n<p>Estos elementos probatorios hab\u00edan sido excluidos en audiencia preliminar por el Segundo Juzgado de la Instrucci\u00f3n del Distrito Nacional, tras la aplicaci\u00f3n err\u00f3nea de la norma.<\/p>\n\n\n\n<p>\u201cLa jueza de la instrucci\u00f3n invirti\u00f3 la regla de aplicaci\u00f3n de la teor\u00eda del \u00e1rbol envenenado, al excluir los testimonios de Isaac Abraham Rosado Marte y Jos\u00e9 Hern\u00e1ndez, por considerarlos una consecuencia de la prueba audiovisual y el informe que analiza esta audiovisual, cuando en realidad ellas son la consecuencia de la testimonial\u201d, explic\u00f3 el \u00f3rgano de justicia al respecto.<\/p>\n\n\n\n<p>\u201cEn todo caso, lo relevante es ofrecer una prueba que permita acreditar el objeto pertinente, en este caso, el Ministerio P\u00fablico no opt\u00f3 por presentar una prueba documental para intentar probar el origen de la prueba audiovisual; m\u00e1s bien ofert\u00f3 una prueba testimonial, que ha sido la testimonial del agente Isaac Abraham Rosado Marte, lo dem\u00e1s es cuesti\u00f3n de valoraci\u00f3n y suficiencia, cuyo escenario corresponde al debate del juicio, donde una vez producida la prueba se proceder\u00e1 a verificar si ciertamente ese origen es licito, como alega el Ministerio P\u00fablico\u201d, sostiene el \u00f3rgano persecutor del delito en la Rep\u00fablica Dominicana.<\/p>\n\n\n\n<p>El Ministerio P\u00fablico, representado en los fiscales Mar\u00eda Silvestre, Magalys S\u00e1nchez y Laura Vargas, consigui\u00f3 que se dictara auto de apertura a juicio contra&nbsp; Alburquerque Compres, quien ha sido encartado por violar los art\u00edculos 2, 295, 296 y 283 del C\u00f3digo Penal Dominicano, que tipifican homicidio voluntario, as\u00ed como los art\u00edculos 66 y 67 de la Ley 631-16 sobre porte ilegal de arma, pertrechos y materiales relacionados en la Republica Dominicana.<\/p>\n\n\n\n<p>El incidente en que perdi\u00f3 la vida Duncan, ocurri\u00f3 a madrugada del 19 agosto de 2022, mientras ambos se encontraban en un negocio de expendio de comida r\u00e1pida, ubicado en la avenida N\u00fa\u00f1ez de C\u00e1ceres esquina R\u00f3mulo Betancourt, en el sector Mirador Norte, del Distrito Nacional, donde se enfrascaron en una ri\u00f1a que culmin\u00f3 con la muerte del comunicador.<\/p>\n\n\n\n<figure class=\"wp-block-image size-full\"><img loading=\"lazy\" decoding=\"async\" width=\"300\" height=\"169\" src=\"https:\/\/diariodominicano.com\/wp-content\/uploads\/2022\/08\/Alburquerque-609c2bca-unnamed-608824f1b5852-300x169-1.png\" alt=\"\" class=\"wp-image-377312\"\/><figcaption> Vicealmirante retirado F\u00e9lix Alburquerque Compr\u00e9s <\/figcaption><\/figure>\n\n\n\n<p>El exjefe de la DNCD est\u00e1 acusado por la Fiscal\u00eda del Distrito Nacional de perseguir y provocarle la muerte al comunicador, al propinarle dos disparos con un arma de fuego ilegal y posteriormente abandonar la escena del crimen, siendo apresado un d\u00eda despu\u00e9s de cometer el crimen, luego de ser identificado en un video grabado por una c\u00e1mara de seguridad que opera en la zona.<\/p>\n\n\n\n<p>Tras su apresamiento, el 31 de agosto de 2022, el Juzgado de Atenci\u00f3n Permanente del Distrito Nacional impuso al oficial retirado un a\u00f1o de prisi\u00f3n preventiva como medida de coerci\u00f3n para cumplirlo en el Centro de Correcci\u00f3n y Rehabilitaci\u00f3n Najayo Hombres, en la provincia San Crist\u00f3bal, donde actualmente se encuentra recluido.<\/p>\n\n\n\n<p><strong>Direcci\u00f3n General de Comunicaci\u00f3n, Prensa, y RRPP<\/strong><\/p>\n\n\n\n<p>Ministerio P\u00fablico.&nbsp;R.D.<\/p>\n\n\n\n<p>Martes, 6 de junio de 2023&#8230;<\/p>\n","protected":false},"excerpt":{"rendered":"<p>Manuel Duncan Las pruebas hab\u00edan sido excluidas debido a una aplicaci\u00f3n err\u00f3nea de la norma. SANTO DOMINGO, Rep\u00fablica Dominicana.-\u00a0El Tercer Tribunal Colegiado del Distrito Nacional acogido el incidente presentado por la Fiscal\u00eda del Distrito Nacional y admiti\u00f3 el audiovisual y otras pruebas en el caso que se sigue al\u00a0 vicealmirante retirado F\u00e9lix Alburquerque Compr\u00e9s, por [&hellip;]<\/p>\n","protected":false},"author":28,"featured_media":445182,"comment_status":"closed","ping_status":"","sticky":true,"template":"","format":"standard","meta":{"footnotes":""},"categories":[24,29,27],"tags":[],"class_list":["post-445181","post","type-post","status-publish","format-standard","has-post-thumbnail","hentry","category-justicia-y-derecho","category-policiasucesos","category-portada"],"_links":{"self":[{"href":"https:\/\/diariodominicano.com\/index.php?rest_route=\/wp\/v2\/posts\/445181","targetHints":{"allow":["GET"]}}],"collection":[{"href":"https:\/\/diariodominicano.com\/index.php?rest_route=\/wp\/v2\/posts"}],"about":[{"href":"https:\/\/diariodominicano.com\/index.php?rest_route=\/wp\/v2\/types\/post"}],"author":[{"embeddable":true,"href":"https:\/\/diariodominicano.com\/index.php?rest_route=\/wp\/v2\/users\/28"}],"replies":[{"embeddable":true,"href":"https:\/\/diariodominicano.com\/index.php?rest_route=%2Fwp%2Fv2%2Fcomments&post=445181"}],"version-history":[{"count":1,"href":"https:\/\/diariodominicano.com\/index.php?rest_route=\/wp\/v2\/posts\/445181\/revisions"}],"predecessor-version":[{"id":445183,"href":"https:\/\/diariodominicano.com\/index.php?rest_route=\/wp\/v2\/posts\/445181\/revisions\/445183"}],"wp:featuredmedia":[{"embeddable":true,"href":"https:\/\/diariodominicano.com\/index.php?rest_route=\/wp\/v2\/media\/445182"}],"wp:attachment":[{"href":"https:\/\/diariodominicano.com\/index.php?rest_route=%2Fwp%2Fv2%2Fmedia&parent=445181"}],"wp:term":[{"taxonomy":"category","embeddable":true,"href":"https:\/\/diariodominicano.com\/index.php?rest_route=%2Fwp%2Fv2%2Fcategories&post=445181"},{"taxonomy":"post_tag","embeddable":true,"href":"https:\/\/diariodominicano.com\/index.php?rest_route=%2Fwp%2Fv2%2Ftags&post=445181"}],"curies":[{"name":"wp","href":"https:\/\/api.w.org\/{rel}","templated":true}]}}