{"id":445179,"date":"2023-06-06T20:35:31","date_gmt":"2023-06-07T00:35:31","guid":{"rendered":"http:\/\/diariodominicano.com\/?p=445179"},"modified":"2023-06-06T20:35:31","modified_gmt":"2023-06-07T00:35:31","slug":"condenan-a-17-anos-de-prision-a-un-teniente-policial-que-mato-a-un-ciudadano-en-el-paraje-los-alejos-de-las-matas-de-farfan","status":"publish","type":"post","link":"https:\/\/diariodominicano.com\/?p=445179","title":{"rendered":"Condenan a 17 a\u00f1os de prisi\u00f3n a un teniente policial que mat\u00f3 a un ciudadano en el paraje Los Alejos de Las Matas de Farf\u00e1n"},"content":{"rendered":"\n<p><strong>LAS MATAS DE FARF\u00c1N, Rep\u00fablica Dominicana.-<\/strong>\u00a0Tras acoger la petici\u00f3n del Ministerio P\u00fablico, el Tribunal Colegiado de este distrito judicial dict\u00f3 una sentencia de 17 a\u00f1os de prisi\u00f3n en contra del segundo teniente de la Polic\u00eda Nacional, Francisco Antonio Mateo Garc\u00eda, quien con su arma de reglamento mat\u00f3 a disparos a Leonel Mateo Adames, en un hecho que se produjo durante una discusi\u00f3n el 26 de junio del 2021, en el paraje Los Alejos.\u00a0<\/p>\n\n\n\n<p>El Ministerio P\u00fablico, representado por la fiscal Rossy P\u00e9rez, demostr\u00f3 ante el Tribunal Colegiado, presidido por el juez Blaury Luciano, la culpabilidad de Mateo Garc\u00eda en la muerte de Mateo Adames.<\/p>\n\n\n\n<p>La Fiscal\u00eda estableci\u00f3 la responsabilidad del acusado a trav\u00e9s de las pruebas documentales, periciales y testimoniales, que, demostrando que, con sus acciones, el agresor viol\u00f3 las disposiciones establecidas en los art\u00edculos 295 y 304 del C\u00f3digo Penal Dominicano, sobre homicidio voluntario, as\u00ed como la Ley 631-16 para el Control y Regulaci\u00f3n de Armas, Municiones y Materiales Relacionados.&nbsp;<\/p>\n\n\n\n<p>Los hechos ocurrieron cuando el procesado tuvo un inconveniente con un primo de la v\u00edctima, lo que provoc\u00f3 que una hermana del fallecido y la esposa del hoy condenado se enfrentaran en una pelea.<\/p>\n\n\n\n<p>Ante esta situaci\u00f3n, Mateo Adames intent\u00f3 separar a ambas mujeres, cuando Mateo Garc\u00eda se present\u00f3 al lugar y le realiz\u00f3 dos disparos, que le ocasionaron la muerte al instante.&nbsp;<\/p>\n\n\n\n<p>Para cometer el hecho de sangre, Mateo Garc\u00eda utiliz\u00f3 su arma de reglamento, una pistola calibre 9mm, marca Browning, serie No. 245MM01368.&nbsp;&nbsp;<\/p>\n\n\n\n<p>La condena impuesta por el tribunal, ser\u00e1 cumplida en la C\u00e1rcel P\u00fablica de San Juan de la Maguana.<\/p>\n\n\n\n<p><strong>Direcci\u00f3n General de Comunicaci\u00f3n, Prensa, y RRPP<\/strong><\/p>\n\n\n\n<p>Ministerio P\u00fablico.&nbsp;R.D.<\/p>\n\n\n\n<p>&nbsp;&nbsp;&nbsp;&nbsp;&nbsp;&nbsp;&nbsp;&nbsp;&nbsp;&nbsp;&nbsp;&nbsp;&nbsp;&nbsp;&nbsp;&nbsp;&nbsp;&nbsp;&nbsp;&nbsp;&nbsp;&nbsp;&nbsp;&nbsp;&nbsp;&nbsp;&nbsp;&nbsp;&nbsp;&nbsp;&nbsp;&nbsp;&nbsp;&nbsp;&nbsp;&nbsp;&nbsp;&nbsp;&nbsp;&nbsp;&nbsp;&nbsp;&nbsp;&nbsp;&nbsp;&nbsp;&nbsp;&nbsp;&nbsp;&nbsp;&nbsp;&nbsp;&nbsp;&nbsp;&nbsp;&nbsp;&nbsp;&nbsp;&nbsp;&nbsp;&nbsp;&nbsp;&nbsp;&nbsp;&nbsp;&nbsp;&nbsp;&nbsp;&nbsp;&nbsp;&nbsp;&nbsp;&nbsp;&nbsp;&nbsp;&nbsp;&nbsp;&nbsp;&nbsp;&nbsp;&nbsp;&nbsp;&nbsp;&nbsp;&nbsp;&nbsp;&nbsp;&nbsp;&nbsp;&nbsp;&nbsp;&nbsp;&nbsp;&nbsp;&nbsp;&nbsp;&nbsp;&nbsp;&nbsp;&nbsp;&nbsp;&nbsp;&nbsp;&nbsp;&nbsp;&nbsp;&nbsp;&nbsp;&nbsp;&nbsp;&nbsp;&nbsp;&nbsp;&nbsp;&nbsp;&nbsp;&nbsp;&nbsp;&nbsp;&nbsp;&nbsp;&nbsp;&nbsp;&nbsp;&nbsp;&nbsp;&nbsp;&nbsp;&nbsp;&nbsp;&nbsp;&nbsp;&nbsp;&nbsp;&nbsp;&nbsp;&nbsp;&nbsp;&nbsp;&nbsp;&nbsp;&nbsp;&nbsp;&nbsp;&nbsp;&nbsp;&nbsp;&nbsp;&nbsp;&nbsp;&nbsp;&nbsp;&nbsp;&nbsp;&nbsp;&nbsp;&nbsp;&nbsp;&nbsp;&nbsp;&nbsp;&nbsp;&nbsp;&nbsp;&nbsp;&nbsp;&nbsp;&nbsp;&nbsp;&nbsp;&nbsp;&nbsp;&nbsp;&nbsp;&nbsp;&nbsp;&nbsp;&nbsp;&nbsp;&nbsp;&nbsp;&nbsp;&nbsp;&nbsp;&nbsp;&nbsp;&nbsp;&nbsp;&nbsp;&nbsp;&nbsp;&nbsp;&nbsp;&nbsp;&nbsp;&nbsp;&nbsp;&nbsp;&nbsp;&nbsp;&nbsp;&nbsp;&nbsp;&nbsp;&nbsp;&nbsp;&nbsp;&nbsp;&nbsp;&nbsp;&nbsp;&nbsp;&nbsp;&nbsp;&nbsp;&nbsp;&nbsp;&nbsp;&nbsp;&nbsp;&nbsp;&nbsp;&nbsp; Martes, 6 de junio de 2023<\/p>\n","protected":false},"excerpt":{"rendered":"<p>LAS MATAS DE FARF\u00c1N, Rep\u00fablica Dominicana.-\u00a0Tras acoger la petici\u00f3n del Ministerio P\u00fablico, el Tribunal Colegiado de este distrito judicial dict\u00f3 una sentencia de 17 a\u00f1os de prisi\u00f3n en contra del segundo teniente de la Polic\u00eda Nacional, Francisco Antonio Mateo Garc\u00eda, quien con su arma de reglamento mat\u00f3 a disparos a Leonel Mateo Adames, en un [&hellip;]<\/p>\n","protected":false},"author":28,"featured_media":444164,"comment_status":"closed","ping_status":"","sticky":false,"template":"","format":"standard","meta":{"footnotes":""},"categories":[24,29],"tags":[],"class_list":["post-445179","post","type-post","status-publish","format-standard","has-post-thumbnail","hentry","category-justicia-y-derecho","category-policiasucesos"],"_links":{"self":[{"href":"https:\/\/diariodominicano.com\/index.php?rest_route=\/wp\/v2\/posts\/445179","targetHints":{"allow":["GET"]}}],"collection":[{"href":"https:\/\/diariodominicano.com\/index.php?rest_route=\/wp\/v2\/posts"}],"about":[{"href":"https:\/\/diariodominicano.com\/index.php?rest_route=\/wp\/v2\/types\/post"}],"author":[{"embeddable":true,"href":"https:\/\/diariodominicano.com\/index.php?rest_route=\/wp\/v2\/users\/28"}],"replies":[{"embeddable":true,"href":"https:\/\/diariodominicano.com\/index.php?rest_route=%2Fwp%2Fv2%2Fcomments&post=445179"}],"version-history":[{"count":1,"href":"https:\/\/diariodominicano.com\/index.php?rest_route=\/wp\/v2\/posts\/445179\/revisions"}],"predecessor-version":[{"id":445180,"href":"https:\/\/diariodominicano.com\/index.php?rest_route=\/wp\/v2\/posts\/445179\/revisions\/445180"}],"wp:featuredmedia":[{"embeddable":true,"href":"https:\/\/diariodominicano.com\/index.php?rest_route=\/wp\/v2\/media\/444164"}],"wp:attachment":[{"href":"https:\/\/diariodominicano.com\/index.php?rest_route=%2Fwp%2Fv2%2Fmedia&parent=445179"}],"wp:term":[{"taxonomy":"category","embeddable":true,"href":"https:\/\/diariodominicano.com\/index.php?rest_route=%2Fwp%2Fv2%2Fcategories&post=445179"},{"taxonomy":"post_tag","embeddable":true,"href":"https:\/\/diariodominicano.com\/index.php?rest_route=%2Fwp%2Fv2%2Ftags&post=445179"}],"curies":[{"name":"wp","href":"https:\/\/api.w.org\/{rel}","templated":true}]}}