{"id":44515,"date":"2019-04-23T23:46:45","date_gmt":"2019-04-23T23:46:45","guid":{"rendered":"http:\/\/diariodominicano.ddns.net\/?p=44515"},"modified":"2019-04-23T23:46:45","modified_gmt":"2019-04-23T23:46:45","slug":"a-pleno-solla-revolucion-distante-y-distinta","status":"publish","type":"post","link":"https:\/\/diariodominicano.com\/?p=44515","title":{"rendered":"A Pleno Sol&#13;&#13;La revoluci\u00f3n distante y distinta"},"content":{"rendered":"<p><body><\/p>\n<p><strong>Por Manuel Hern\u00e1ndez Villeta<\/strong><\/p>\n<\/p>\n<\/p>\n<p>La revoluci\u00f3n del 65 es el tercer acto heroico m\u00e1s importante de la historia dominicana. Va en l\u00ednea paralela  de la Independencia y de la Restauraci\u00f3n. La lucha a sangre y fuego por hacer valer los principios constitucionales, coloca a la lucha popular como uno de los grandes hechos vividos por el pueblo dominicano.<\/p>\n<\/p>\n<p>Como todos los procesos hist\u00f3ricos de importancia, qued\u00f3 trunca, se qued\u00f3 en el camino. La tronch\u00f3 la intervenci\u00f3n militar de los Estados Unidos. Los efectos colaterales parieron a los doce a\u00f1os del doctor Joaqu\u00edn Balaguer. Fue el derramamiento de sangre por la represi\u00f3n pol\u00edtica llevada a su m\u00e1xima escala.<\/p>\n<\/p>\n<p>El grave problema de la memoria hist\u00f3rica de la revoluci\u00f3n del 65 es que nadie se hace la auto-critica. Para todos solo se vivieron momentos hist\u00f3ricos, pero en el rigor  de las evaluaciones hay que poner lo bueno, lo malo y lo que a largo plazo hizo da\u00f1o a la continuidad del movimiento.<\/p>\n<\/p>\n<p>Hoy, lo que hay es que levantar la memoria hist\u00f3rica de todos los combatientes revolucionarios, y luego tratar de que alg\u00fan d\u00eda se haga la cr\u00edtica y la auto-critica de un movimiento que cambi\u00f3 radicalmente a la sociedad dominicana. Desde h\u00e1bitos de vestimenta, costumbres, cultura y conocer en carne propia cada familia dominicana lo que es la represi\u00f3n por la libre expresi\u00f3n de las ideas.<\/p>\n<\/p>\n<p>Los procesos sociales son irrepe4tibles. Las coyunturas que lo originan nunca se dan iguales. Tratar hoy de volver pura y simplemente a los comandos es una locura y un desprop\u00f3sito de una nueva realidad.    La opresi\u00f3n econ\u00f3mica y social es  casi la misma, pero tiene nuevos protagonistas. Por ello  los  instantes hist\u00f3ricos tienen que ser analizados con conciencia de fino cirujano y no con ideas de juglares inclinados a gritar sus sue\u00f1os.<\/p>\n<\/p>\n<p> Un principio que est\u00e1 claro y surgi\u00f3 del coraz\u00f3n de la revoluci\u00f3n del 65, es que nunca jam\u00e1s los dominicanos permitir\u00e1n que se mancille la democracia, la institucionalidad y la soberan\u00eda, a\u00fan a costa de sangre y muertes.<\/p>\n<\/p>\n<p>La revoluci\u00f3n no fue el capricho de un hombre, ni de un partido, surgi\u00f3 en un primer soplo como un intento de retorno a la constitucionalidad sin elecciones, pero el mismo proceso llev\u00f3 los acontecimientos a una cruenta lucha armada entre la poblaci\u00f3n civil y los militares revolucionarios, contra  los soldados leales a San Isidro.<\/p>\n<\/p>\n<p>Lo m\u00e1s cruel fue la intervenci\u00f3n militar norteamericana. Nuestro suelo pisoteado por 42 mil marines, pero aun as\u00ed el temple, el hero\u00edsmo, el coraje y la capacidad de lucha de los dominicanos se mantuvo en pie, y desde el coraz\u00f3n de Ciudad Nueva se lanz\u00f3 al mundo el grito de que con la libertad, la independencia y la soberan\u00eda no se negocia. Mejor muertos que esclavos. !Ay!, se me acab\u00f3 la tinta.<\/p>\n<\/p>\n<h6> 2019-04-23 23:46:45 <\/h6>\n<p><!--\n<link rel=\"stylesheet\" href=\"css\/bootstrap.min.css\">\n\n\n<ul class=\"pagination\">\n\t    \n\t\n\n<li >\n\t<a href='?page_no=731'>Previous<\/a>\n\t<\/li>\n\n\n       \n    \n\n<li><a href='?page_no=1'>1<\/a><\/li>\n\n\n\n<li><a href='?page_no=2'>2<\/a><\/li>\n\n\n\n<li><a>...<\/a><\/li>\n\n\n\n<li><a href='?page_no=730'>730<\/a><\/li>\n\n\n\n<li><a href='?page_no=731'>731<\/a><\/li>\n\n\n\n<li class='active'><a>732<\/a><\/li>\n\n\n\n<li><a href='?page_no=733'>733<\/a><\/li>\n\n\n\n<li><a href='?page_no=734'>734<\/a><\/li>\n\n\n\n<li><a>...<\/a><\/li>\n\n\n\n<li><a href='?page_no=13611'>13611<\/a><\/li>\n\n\n\n<li><a href='?page_no=13612'>13612<\/a><\/li>\n\n    \n\t\n\n<li >\n\t<a href='?page_no=733'>Next<\/a>\n\t<\/li>\n\n\n    \n\n<li><a href='?page_no=13612'>Last &rsaquo;&rsaquo;<\/a><\/li>\n\n<\/ul>\n\n\n--><br \/>\n<\/body><\/p>\n","protected":false},"excerpt":{"rendered":"<p>Por Manuel Hern\u00e1ndez Villeta La revoluci\u00f3n del 65 es el tercer acto heroico m\u00e1s importante de la historia dominicana. Va en l\u00ednea paralela de la Independencia y de la Restauraci\u00f3n. La lucha a sangre y fuego por hacer valer los principios constitucionales, coloca a la lucha popular como uno de los grandes hechos vividos por [&hellip;]<\/p>\n","protected":false},"author":3,"featured_media":0,"comment_status":"open","ping_status":"open","sticky":false,"template":"","format":"standard","meta":{"footnotes":""},"categories":[16],"tags":[],"class_list":["post-44515","post","type-post","status-publish","format-standard","hentry","category-opiniones"],"_links":{"self":[{"href":"https:\/\/diariodominicano.com\/index.php?rest_route=\/wp\/v2\/posts\/44515","targetHints":{"allow":["GET"]}}],"collection":[{"href":"https:\/\/diariodominicano.com\/index.php?rest_route=\/wp\/v2\/posts"}],"about":[{"href":"https:\/\/diariodominicano.com\/index.php?rest_route=\/wp\/v2\/types\/post"}],"author":[{"embeddable":true,"href":"https:\/\/diariodominicano.com\/index.php?rest_route=\/wp\/v2\/users\/3"}],"replies":[{"embeddable":true,"href":"https:\/\/diariodominicano.com\/index.php?rest_route=%2Fwp%2Fv2%2Fcomments&post=44515"}],"version-history":[{"count":0,"href":"https:\/\/diariodominicano.com\/index.php?rest_route=\/wp\/v2\/posts\/44515\/revisions"}],"wp:attachment":[{"href":"https:\/\/diariodominicano.com\/index.php?rest_route=%2Fwp%2Fv2%2Fmedia&parent=44515"}],"wp:term":[{"taxonomy":"category","embeddable":true,"href":"https:\/\/diariodominicano.com\/index.php?rest_route=%2Fwp%2Fv2%2Fcategories&post=44515"},{"taxonomy":"post_tag","embeddable":true,"href":"https:\/\/diariodominicano.com\/index.php?rest_route=%2Fwp%2Fv2%2Ftags&post=44515"}],"curies":[{"name":"wp","href":"https:\/\/api.w.org\/{rel}","templated":true}]}}