{"id":445114,"date":"2023-06-06T12:29:25","date_gmt":"2023-06-06T16:29:25","guid":{"rendered":"http:\/\/diariodominicano.com\/?p=445114"},"modified":"2023-06-06T12:29:25","modified_gmt":"2023-06-06T16:29:25","slug":"policia-nacional-apresa-hombre-acusado-de-abuso-sexual-y-agresion-contra-una-mujer-en-sdn","status":"publish","type":"post","link":"https:\/\/diariodominicano.com\/?p=445114","title":{"rendered":"Polic\u00eda Nacional apresa hombre acusado de abuso sexual y agresi\u00f3n contra una mujer en SDN"},"content":{"rendered":"\n<p>La Polic\u00eda Nacional apres\u00f3 a un hombre que ten\u00eda orden de arresto en su contra, acusado de raptar, amenazar y abusar sexualmente de una mujer, luego de que \u00e9sta requer\u00eda sus servicios como taxista, en un hecho ocurrido en la avenida Jacobo Majluta, del municipio Santo Domingo Norte.<\/p>\n\n\n\n<p>Se trata de Anderson Caraballo, quien fue capturado mediante la orden de arresto No. 530-2023-EMES-01348, en la avenida Las Palmas de Herrera, en Santo Domingo Oeste, por el suceso ocurrido el 9 de mayo del a\u00f1o en curso.<\/p>\n\n\n\n<p>De acuerdo con la denuncia interpuesta en su contra, la v\u00edctima fue agredida cuando abord\u00f3 un taxi afiliado a una plataforma destinada para esos fines, a eso de las 11:00 de la ma\u00f1ana en la citada fecha, con destino hacia un centro de salud ubicado en el municipio Santo Domingo Este.<\/p>\n\n\n\n<p>Sin embargo, narra que el conductor hizo un retorno en el kil\u00f3metro 9 de la autopista Duarte, donde la amenaz\u00f3 con un arma cortante, la abus\u00f3 sexualmente y despoj\u00f3 de un celular.<\/p>\n\n\n\n<p>Fue as\u00ed que agentes policiales de la Divisi\u00f3n de Investigaciones de Delitos Sexuales y Violencia Intrafamiliar, apresaron a Anderson Caraballo, quien fue procesado y enviado a la Fiscal\u00eda de Santo Domingo Este, para los fines legales procedentes.<\/p>\n\n\n\n<p>El apresado fue puesto bajo control del ministerio p\u00fablico, para los fines legales correspondientes.<\/p>\n\n\n\n<p>Prensa Policia Nacional<a target=\"_blank\" href=\"mailto:prensadigitalpn@gmail.com\" rel=\"noreferrer noopener\">prensadigitalpn@gmail.com<\/a><\/p>\n","protected":false},"excerpt":{"rendered":"<p>La Polic\u00eda Nacional apres\u00f3 a un hombre que ten\u00eda orden de arresto en su contra, acusado de raptar, amenazar y abusar sexualmente de una mujer, luego de que \u00e9sta requer\u00eda sus servicios como taxista, en un hecho ocurrido en la avenida Jacobo Majluta, del municipio Santo Domingo Norte. Se trata de Anderson Caraballo, quien fue [&hellip;]<\/p>\n","protected":false},"author":28,"featured_media":440797,"comment_status":"closed","ping_status":"","sticky":false,"template":"","format":"standard","meta":{"footnotes":""},"categories":[29],"tags":[],"class_list":["post-445114","post","type-post","status-publish","format-standard","has-post-thumbnail","hentry","category-policiasucesos"],"_links":{"self":[{"href":"https:\/\/diariodominicano.com\/index.php?rest_route=\/wp\/v2\/posts\/445114","targetHints":{"allow":["GET"]}}],"collection":[{"href":"https:\/\/diariodominicano.com\/index.php?rest_route=\/wp\/v2\/posts"}],"about":[{"href":"https:\/\/diariodominicano.com\/index.php?rest_route=\/wp\/v2\/types\/post"}],"author":[{"embeddable":true,"href":"https:\/\/diariodominicano.com\/index.php?rest_route=\/wp\/v2\/users\/28"}],"replies":[{"embeddable":true,"href":"https:\/\/diariodominicano.com\/index.php?rest_route=%2Fwp%2Fv2%2Fcomments&post=445114"}],"version-history":[{"count":1,"href":"https:\/\/diariodominicano.com\/index.php?rest_route=\/wp\/v2\/posts\/445114\/revisions"}],"predecessor-version":[{"id":445115,"href":"https:\/\/diariodominicano.com\/index.php?rest_route=\/wp\/v2\/posts\/445114\/revisions\/445115"}],"wp:featuredmedia":[{"embeddable":true,"href":"https:\/\/diariodominicano.com\/index.php?rest_route=\/wp\/v2\/media\/440797"}],"wp:attachment":[{"href":"https:\/\/diariodominicano.com\/index.php?rest_route=%2Fwp%2Fv2%2Fmedia&parent=445114"}],"wp:term":[{"taxonomy":"category","embeddable":true,"href":"https:\/\/diariodominicano.com\/index.php?rest_route=%2Fwp%2Fv2%2Fcategories&post=445114"},{"taxonomy":"post_tag","embeddable":true,"href":"https:\/\/diariodominicano.com\/index.php?rest_route=%2Fwp%2Fv2%2Ftags&post=445114"}],"curies":[{"name":"wp","href":"https:\/\/api.w.org\/{rel}","templated":true}]}}