{"id":44504,"date":"2019-04-24T18:27:21","date_gmt":"2019-04-24T18:27:21","guid":{"rendered":"http:\/\/diariodominicano.ddns.net\/?p=44504"},"modified":"2019-04-24T18:27:21","modified_gmt":"2019-04-24T18:27:21","slug":"la-republica-de-los-comandos-un-nuevo-poder","status":"publish","type":"post","link":"https:\/\/diariodominicano.com\/?p=44504","title":{"rendered":"LA REP\u00daBLICA DE LOS COMANDOS: UN NUEVO PODER"},"content":{"rendered":"<p><body><\/p>\n<p><strong>Por Narciso Isa Conde<\/strong><\/p>\n<\/p>\n<\/p>\n<p>El derrocamiento de la dictadura impuesta por el Golpe de Estado de 1963 contra el Gobierno de Bosch, mediante una insurrecci\u00f3n popular, r\u00e1pidamente profundiz\u00f3 y despleg\u00f3 el proceso iniciado con la ASAMBLEA NACIONAL que elabor\u00f3 la Constituci\u00f3n m\u00e1s avanzada de la historia republicana y transform\u00f3 el poder de los comandos en poder popular constituyente.<\/p>\n<\/p>\n<p>Ese Poder Constituyente en los hechos cre\u00f3 y articul\u00f3 un nuevo Estado en el que coexistieron los \u00f3rganos formales de la democracia representativa restablecida y el nuevo sistema basado en la relaci\u00f3n pueblo armado y no armado, militares constitucionalistas y  comunidades organizadas desde los comandos territoriales y frentes y espacios sociales<\/p>\n<\/p>\n<p>En la Zona Constitucionalista se estructur\u00f3 un poder popular, basado en los comandos armados de trabajadores (as), estudiantes, soldados, desempleados, intelectuales, t\u00e9cnicos&#8230;<\/p>\n<\/p>\n<p>Se form\u00f3 un nuevo ej\u00e9rcito, resultado de la fusi\u00f3n de combatientes civiles y soldados, clases y oficiales procedentes de las fuerzas armadas regulares. Concretamente ese nuevas Fuerzas Armadas fueron producto de la articulaci\u00f3n de los comandos armados y unidades de fuerzas especiales como los Hombres Ranas de Monte Arache, de los grupos de oficiales y soldados dirigidos por los jefes constitucionalistas, y de los comandos formados por civiles  procedentes de todas las zonas de la Capital y, en menor medida, de todo el pa\u00eds, incluyendo zonas campesinas.<\/p>\n<\/p>\n<p>ESPACIOS SECTORIALES Y TERRITORIALES.<\/p>\n<\/p>\n<p>Los exiliados haitianos, luchadores (as) anti-duvalieristas, formaron su propio comando, sellando la unidad entre los dos pueblo de la isla en lucha por una verdadera democracia.<\/p>\n<\/p>\n<p>Desde los comandos se vigilaba, se combat\u00eda, se administraba los medios de vida y el h\u00e1bitat, se debat\u00edan las orientaciones y temas de actualidad, se cooperaba&#8230; pero tambi\u00e9n se ejerc\u00eda una nueva democracia, una democracia de base, participativa, con riqu\u00edsimos debates pol\u00edticos y culturales.<\/p>\n<\/p>\n<p>Los (as) artistas se organizaron para participar en la lucha y aportar su capacidad creativa: poetas pintores, novelistas, m\u00fasicos, teatristas&#8230;con despliegue de colorido, obras, canciones y espect\u00e1culos, animaban constantemente la vida de nuestro peque\u00f1o Estado, registr\u00e1ndose una hermosa relaci\u00f3n de cooperaci\u00f3n entre la red de comandos y el frente cultural constitucionalista.<\/p>\n<\/p>\n<p>Los (as) comunicadores (as) sociales se concentraron para darle vida al peri\u00f3dico Patria, \u00f3rgano independiente, al peri\u00f3dico la Naci\u00f3n, \u00f3rgano del gobierno, y a la Radio Constitucionalista, voz de todos y todas.<\/p>\n<\/p>\n<p>Las mujeres potenciaron su federaci\u00f3n y las organizaciones de combatientes.<\/p>\n<\/p>\n<p>Los principales sindicatos organizaron sus propios comandos, destac\u00e1ndose el caso del sindicato portuario Poasi.<\/p>\n<\/p>\n<p>Los (as) profesionales de la salud, m\u00e9dicos y param\u00e9dicos organizaron con eficiencia un sistema gratuito, tomando como base todas las instalaciones p\u00fablicas y privadas establecidas en el espacio geogr\u00e1fico de la zona constitucionalista.<\/p>\n<\/p>\n<p>La educaci\u00f3n se centr\u00f3 en las conferencias, charlas y debates al interior de los comandos, organizadas por los mejores cuadros de las diferentes organizaciones.<\/p>\n<\/p>\n<p>La instrucci\u00f3n militar se hac\u00eda en la Academia Militar Constitucionalista; ubicada en el parque Eugenio Mar\u00eda de Hostos, organizada ejemplarmente por el 14 de Junio.Incluia temas y debates teorico-pol\u00edticos.<\/p>\n<\/p>\n<p>El suministro de alimentos era igual para todos (as) y cada comando, unidad militar o civil asum\u00eda su preparaci\u00f3n y distribuci\u00f3n.<\/p>\n<\/p>\n<p>Los comercios y propiedades de los empresarios que permanecieron en la zona fueron respetados y los de los que la abandonaron (sobre todo los de los grandes mayoristas) fueron controlados y sus existencias empleadas para la sobrevivencia. Igual pas\u00f3 con los almacenes de Aduana.<\/p>\n<\/p>\n<p>Las casas abandonadas fueron sedes de comandos, oficinas, organizaciones y entidades del movimiento.<\/p>\n<\/p>\n<p>Los bancos quedaron bajo custodia de tropas constitucionalistas, expuestos a ser dinamitados si las tropas yanqui avanzaban hacia el coraz\u00f3n de la zona.<\/p>\n<\/p>\n<p>Los ingenieros, t\u00e9cnicos metal\u00fargicos, y trabajadores de la construcci\u00f3n organizaron los talleres de reparaci\u00f3n de arma, de mec\u00e1nica en general, de construcci\u00f3n de artefactos e  ingenier\u00eda militar y civil, desplegando una gran capacidad innovadora. All\u00ed se llegaron a dise\u00f1ar y construir tanquetas.<\/p>\n<\/p>\n<p>                                       PARTIDOS Y FRENTE.<\/p>\n<\/p>\n<p>Los partidos de la revoluci\u00f3n PRD, PSD-PCD, 1J4, MPD, y el sector progresista del socialcristiano), readecuaron sus estructuras y su presencia en funci\u00f3n del nuevo tejido social y las formas organizativas generadas por la insurrecci\u00f3n sometida al cerco imperialista. Conservaron su independencia y su labor de reclutamiento. Una parte importante de su militancia hac\u00eda vida pol\u00edtica en los comandos.<\/p>\n<\/p>\n<p>Todos ejercieron el derecho a la cr\u00edtica y desplegaron relaciones multilaterales y bilaterales de acuerdo a las necesidades Todos confluyeron con el movimiento de militares constitucionalistas en una especie de frente pol\u00edtico-militar, con una direcci\u00f3n o coordinaci\u00f3n central en las que se hac\u00edan los consensos necesarios y se adoptaban las decisiones fundamentales.<\/p>\n<\/p>\n<p>El Gobierno Constitucionalista, su gabinete y dependencias, el Congreso Legislativo, el Ayuntamiento de la Capital y el Sistema Judicial heredado del gobierno electo en 1963, operaban como una especie superestructura o mecanismo de representaci\u00f3n hacia el pa\u00eds y hacia el exterior. En ese gabinete jug\u00f3 un papel estelar en materia de soberan\u00eda y dignidad nacional la Canciller\u00eda constitucionalista en cabezada por Jottin Cury, respaldado, entre otros, por el intelectual combatiente Hugo Tolentino Dipp.<\/p>\n<\/p>\n<p>Francis Caama\u00f1o era el v\u00ednculo directo entre la estructura de gobierno y el poder real, el nuevo poder, representado por la red de comandos y las fuerzas pol\u00edticas y militares que gravitaban en su seno. Todo ellos confluyendo en el Comando Pol\u00edtico o Coordinaci\u00f3n Central del frente pol\u00edtico conformado.<\/p>\n<\/p>\n<p>En ese espacio participamos con regularidad Francis Caama\u00f1o, el coronel Marte Hern\u00e1ndez y H\u00e9ctor Ar\u00edstides, Jos\u00e9 Francisco Pe\u00f1a G\u00f3mez (PRD), Ram\u00edrez Conde (MPD), Juan B. Mej\u00eda y Fidelio Depradel (1J4), Rafael Mart\u00ednez (socialcristiano), Asdr\u00fabal Dom\u00ednguez y Narciso Isa Conde (PSP-PCD).En algunas ocasiones por el PSP participaron Juan Doucudray y Jos\u00e9 Israel Cuello.<\/p>\n<\/p>\n<p>En realidad el proceso gener\u00f3 una cierta dualidad institucional, con una cierta repartici\u00f3n de funciones y poderes, y con un liderazgo pol\u00edtico- militar com\u00fan (el de Francis Caama\u00f1o y los l\u00edderes militares), capaz de armonizar tensiones y diferencias.<\/p>\n<\/p>\n<\/p>\n<\/p>\n<h6> 2019-04-24 18:27:21 <\/h6>\n<p><!--\n<link rel=\"stylesheet\" href=\"css\/bootstrap.min.css\">\n\n\n<ul class=\"pagination\">\n\t    \n\t\n\n<li >\n\t<a href='?page_no=730'>Previous<\/a>\n\t<\/li>\n\n\n       \n    \n\n<li><a href='?page_no=1'>1<\/a><\/li>\n\n\n\n<li><a href='?page_no=2'>2<\/a><\/li>\n\n\n\n<li><a>...<\/a><\/li>\n\n\n\n<li><a href='?page_no=729'>729<\/a><\/li>\n\n\n\n<li><a href='?page_no=730'>730<\/a><\/li>\n\n\n\n<li class='active'><a>731<\/a><\/li>\n\n\n\n<li><a href='?page_no=732'>732<\/a><\/li>\n\n\n\n<li><a href='?page_no=733'>733<\/a><\/li>\n\n\n\n<li><a>...<\/a><\/li>\n\n\n\n<li><a href='?page_no=13611'>13611<\/a><\/li>\n\n\n\n<li><a href='?page_no=13612'>13612<\/a><\/li>\n\n    \n\t\n\n<li >\n\t<a href='?page_no=732'>Next<\/a>\n\t<\/li>\n\n\n    \n\n<li><a href='?page_no=13612'>Last &rsaquo;&rsaquo;<\/a><\/li>\n\n<\/ul>\n\n\n--><br \/>\n<\/body><\/p>\n","protected":false},"excerpt":{"rendered":"<p>Por Narciso Isa Conde El derrocamiento de la dictadura impuesta por el Golpe de Estado de 1963 contra el Gobierno de Bosch, mediante una insurrecci\u00f3n popular, r\u00e1pidamente profundiz\u00f3 y despleg\u00f3 el proceso iniciado con la ASAMBLEA NACIONAL que elabor\u00f3 la Constituci\u00f3n m\u00e1s avanzada de la historia republicana y transform\u00f3 el poder de los comandos en [&hellip;]<\/p>\n","protected":false},"author":3,"featured_media":0,"comment_status":"open","ping_status":"open","sticky":false,"template":"","format":"standard","meta":{"footnotes":""},"categories":[16],"tags":[],"class_list":["post-44504","post","type-post","status-publish","format-standard","hentry","category-opiniones"],"_links":{"self":[{"href":"https:\/\/diariodominicano.com\/index.php?rest_route=\/wp\/v2\/posts\/44504","targetHints":{"allow":["GET"]}}],"collection":[{"href":"https:\/\/diariodominicano.com\/index.php?rest_route=\/wp\/v2\/posts"}],"about":[{"href":"https:\/\/diariodominicano.com\/index.php?rest_route=\/wp\/v2\/types\/post"}],"author":[{"embeddable":true,"href":"https:\/\/diariodominicano.com\/index.php?rest_route=\/wp\/v2\/users\/3"}],"replies":[{"embeddable":true,"href":"https:\/\/diariodominicano.com\/index.php?rest_route=%2Fwp%2Fv2%2Fcomments&post=44504"}],"version-history":[{"count":0,"href":"https:\/\/diariodominicano.com\/index.php?rest_route=\/wp\/v2\/posts\/44504\/revisions"}],"wp:attachment":[{"href":"https:\/\/diariodominicano.com\/index.php?rest_route=%2Fwp%2Fv2%2Fmedia&parent=44504"}],"wp:term":[{"taxonomy":"category","embeddable":true,"href":"https:\/\/diariodominicano.com\/index.php?rest_route=%2Fwp%2Fv2%2Fcategories&post=44504"},{"taxonomy":"post_tag","embeddable":true,"href":"https:\/\/diariodominicano.com\/index.php?rest_route=%2Fwp%2Fv2%2Ftags&post=44504"}],"curies":[{"name":"wp","href":"https:\/\/api.w.org\/{rel}","templated":true}]}}