{"id":444848,"date":"2023-06-05T12:22:47","date_gmt":"2023-06-05T16:22:47","guid":{"rendered":"http:\/\/diariodominicano.com\/?p=444848"},"modified":"2023-06-05T12:22:47","modified_gmt":"2023-06-05T16:22:47","slug":"la-fiscalia-de-santiago-solicita-prision-contra-implicado-en-asesinato-de-joven-en-cienfuegos","status":"publish","type":"post","link":"https:\/\/diariodominicano.com\/?p=444848","title":{"rendered":"La Fiscal\u00eda de Santiago solicita prisi\u00f3n contra implicado en asesinato de joven en Cienfuegos"},"content":{"rendered":"\n<p><em><u>A solicitud de la parte imputada la medida de coerci\u00f3n fue aplazada para el pr\u00f3ximo viernes<\/u><\/em><em><u>&nbsp;<\/u><\/em><em><u><\/u><\/em><\/p>\n\n\n\n<p>SANTIAGO, Rep\u00fablica Dominicana.- La Oficina Judicial de Servicios de Atenci\u00f3n Permanente de esta provincia aplaz\u00f3 para el pr\u00f3ximo viernes, a solicitud de la parte imputada, la audiencia para el conocimiento de medidas de coerci\u00f3n contra otro de los implicados en el asesinato de un joven en el distrito municipal Santiago Oeste, el 19 de mayo pasado.\u00a0<\/p>\n\n\n\n<p>Luego de reunir elementos que prueban su vinculaci\u00f3n con los hechos, la Fiscal\u00eda de Santiago solicit\u00f3 al citado tribunal que imponga la prisi\u00f3n preventiva como medida de coerci\u00f3n en contra de Josefrailin Alc\u00e1ntara Mart\u00ednez (el Pelotero), sobre el cual pesan cargos por asociaci\u00f3n de malhechores y asesinato en perjuicio de la v\u00edctima Darwinh D\u00edaz Valerio, de 25 a\u00f1os de edad.&nbsp;<\/p>\n\n\n\n<p>Los hechos relatados en la instancia de solicitud de medidas contra alias el Pelotero refieren que pasada la medianoche del 19 de mayo el imputado, asociado a Diego An\u00edbal Rodr\u00edguez Mart\u00ednez, quien cumple prisi\u00f3n preventiva por el caso, se present\u00f3 a bordo del veh\u00edculo Hyundai Sonata, modelo Y20 color gris, conducido por Rodr\u00edguez Mart\u00ednez, al barrio Mella II, donde tras contactar por la v\u00eda telef\u00f3nica a la v\u00edctima, sale del veh\u00edculo y le asesta un primer impacto de bala y lo obliga a abordar el veh\u00edculo en la parte trasera.&nbsp;<\/p>\n\n\n\n<p>Una vez dentro del veh\u00edculo, en su intento por neutralizar a la v\u00edctima, Alc\u00e1ntara Mart\u00ednez se infiere un disparo a s\u00ed mismo, y luego impacta a la v\u00edctima de varios balazos, en tanto Rodr\u00edguez Mart\u00ednez permanece al volante en actitud vigilante.&nbsp;<\/p>\n\n\n\n<p>Con el cad\u00e1ver de la v\u00edctima en el asiento trasero, ambos se dirigen por la avenida Tamboril hacia la Circunvalaci\u00f3n Norte, donde en un \u00e1rea boscosa abandonaron el cuerpo, posteriormente levantado el 22 de mayo por peritos del Instituto Nacional de Ciencias Forenses (Inacif).&nbsp;<\/p>\n\n\n\n<p>Este \u00f3rgano persecutor posee informes del recorrido y las coordenadas del veh\u00edculo realizado por los imputados, adem\u00e1s de que tienen en su poder el veh\u00edculo en el que se cometi\u00f3 el crimen, algunas pertenencias de los imputados y la certificaci\u00f3n del levantamiento pericial realizado al veh\u00edculo.&nbsp;<\/p>\n\n\n\n<p>El Ministerio P\u00fablico tiene evidencias, adem\u00e1s, de que Alc\u00e1ntara Mart\u00ednez acudi\u00f3 al Hospital Regional Jos\u00e9 Mar\u00eda Cabral y B\u00e1ez, donde fue atendido por una m\u00e9dica del \u00e1rea de emergencias y desde donde luego huy\u00f3 al notar la presencia de agentes de la Polic\u00eda.&nbsp;<\/p>\n\n\n\n<p>El Ministerio P\u00fablico les atribuye violar los art\u00edculos 265, 266, 295, 297 y 302 del C\u00f3digo Penal Dominicano que tipifican la asociaci\u00f3n de malhechores y asesinato.&nbsp;<\/p>\n\n\n\n<p>Alc\u00e1ntara Mart\u00ednez fue arrestado mediante ejecuci\u00f3n de la orden judicial n\u00famero 03821-2023, emitida por la Oficina Judicial de Servicios de Atenci\u00f3n Permanente de este distrito judicial de Santiago.&nbsp;<\/p>\n\n\n\n<p>El pasado 31 de mayo, acogi\u00e9ndose a una petici\u00f3n del Ministerio P\u00fablico, el citado tribunal impuso la prisi\u00f3n preventiva contra Diego An\u00edbal Rodr\u00edguez Mart\u00ednez, la cual est\u00e1 cumpliendo en el Centro de Correcci\u00f3n y Rehabilitaci\u00f3n (CCR) Vista al Valle, del municipio San Francisco de Macor\u00eds, en la provincia Duarte.&nbsp;<\/p>\n\n\n\n<p><strong>Direcci\u00f3n General de Comunicaci\u00f3n, Prensa, y RRPP<\/strong><\/p>\n\n\n\n<p>Ministerio P\u00fablico.&nbsp;R.D.<\/p>\n\n\n\n<p>Lunes, 5 de junio de 2023.<\/p>\n","protected":false},"excerpt":{"rendered":"<p>A solicitud de la parte imputada la medida de coerci\u00f3n fue aplazada para el pr\u00f3ximo viernes&nbsp; SANTIAGO, Rep\u00fablica Dominicana.- La Oficina Judicial de Servicios de Atenci\u00f3n Permanente de esta provincia aplaz\u00f3 para el pr\u00f3ximo viernes, a solicitud de la parte imputada, la audiencia para el conocimiento de medidas de coerci\u00f3n contra otro de los implicados [&hellip;]<\/p>\n","protected":false},"author":28,"featured_media":302166,"comment_status":"closed","ping_status":"","sticky":true,"template":"","format":"standard","meta":{"footnotes":""},"categories":[24,29,27],"tags":[],"class_list":["post-444848","post","type-post","status-publish","format-standard","has-post-thumbnail","hentry","category-justicia-y-derecho","category-policiasucesos","category-portada"],"_links":{"self":[{"href":"https:\/\/diariodominicano.com\/index.php?rest_route=\/wp\/v2\/posts\/444848","targetHints":{"allow":["GET"]}}],"collection":[{"href":"https:\/\/diariodominicano.com\/index.php?rest_route=\/wp\/v2\/posts"}],"about":[{"href":"https:\/\/diariodominicano.com\/index.php?rest_route=\/wp\/v2\/types\/post"}],"author":[{"embeddable":true,"href":"https:\/\/diariodominicano.com\/index.php?rest_route=\/wp\/v2\/users\/28"}],"replies":[{"embeddable":true,"href":"https:\/\/diariodominicano.com\/index.php?rest_route=%2Fwp%2Fv2%2Fcomments&post=444848"}],"version-history":[{"count":1,"href":"https:\/\/diariodominicano.com\/index.php?rest_route=\/wp\/v2\/posts\/444848\/revisions"}],"predecessor-version":[{"id":444849,"href":"https:\/\/diariodominicano.com\/index.php?rest_route=\/wp\/v2\/posts\/444848\/revisions\/444849"}],"wp:featuredmedia":[{"embeddable":true,"href":"https:\/\/diariodominicano.com\/index.php?rest_route=\/wp\/v2\/media\/302166"}],"wp:attachment":[{"href":"https:\/\/diariodominicano.com\/index.php?rest_route=%2Fwp%2Fv2%2Fmedia&parent=444848"}],"wp:term":[{"taxonomy":"category","embeddable":true,"href":"https:\/\/diariodominicano.com\/index.php?rest_route=%2Fwp%2Fv2%2Fcategories&post=444848"},{"taxonomy":"post_tag","embeddable":true,"href":"https:\/\/diariodominicano.com\/index.php?rest_route=%2Fwp%2Fv2%2Ftags&post=444848"}],"curies":[{"name":"wp","href":"https:\/\/api.w.org\/{rel}","templated":true}]}}