{"id":44481,"date":"2019-04-24T18:34:04","date_gmt":"2019-04-24T18:34:04","guid":{"rendered":"http:\/\/diariodominicano.ddns.net\/?p=44481"},"modified":"2019-04-24T18:34:04","modified_gmt":"2019-04-24T18:34:04","slug":"un-ramo-de-olivo","status":"publish","type":"post","link":"https:\/\/diariodominicano.com\/?p=44481","title":{"rendered":"UN RAMO DE OLIVO"},"content":{"rendered":"<p><body><\/p>\n<p>EL TIRO RAPIDO<\/p>\n<\/p>\n<\/p>\n<\/p>\n<p>Los fuertes se\u00f1alamientos con que preludi\u00f3 el inicio de la Semana Santa el Arzobispo Metropolitano de Santo Domingo, cuando en la entrevista televisiva concedida a \u00abHuchi\u00bb Lora, lleg\u00f3 tan lejos como advertir de la posibilidad de llevar el pa\u00eds a una dictadura, y los de similar tono por parte  de los sacerdotes que tuvieron a su cargo el Serm\u00f3n de las Siete Palabras, y desde Ban\u00ed, as\u00ed como los externados por el obispo V\u00edctor Masalles, enfocados sobre todo en el controversial tema de la modificaci\u00f3n de la Constituci\u00f3n y la posibilidad impulsada por sus parciales de que el presidente Danilo Medina decida aspirar a un tercer per\u00edodo, presagiaban el inicio de una guerra a campo abierto entre el gobierno y la alta jerarqu\u00eda cat\u00f3lica.<\/p>\n<\/p>\n<\/p>\n<p>Sin embargo, quienes hab\u00edan adquirido sillas de ring-side para ver de cerca lo que presagiaba un feroz combate entre pesos pesados, se han tenido que consolar en cambio  con apenas unos simples amagos entre dos contendientes con la guardia baja, donde al parecer al menos uno de ellos ha mostrado poco inter\u00e9s en intercambiar golpes en una pelea donde a fin de cuentas ambos terminar\u00edan seriamente lastimados.<\/p>\n<\/p>\n<\/p>\n<p>Comenzando la semana,  que ser\u00e1 de mini-feriado al igual que la que acabamos de dejar atr\u00e1s, se dej\u00f3 escuchar la voz conciliadora de la figura que luce m\u00e1s cercana al presidente Danilo Medina, al punto de que se entiende que por su boca habla el propio mandatario.  <\/p>\n<\/p>\n<\/p>\n<p>La declaraci\u00f3n de Jos\u00e9 Ram\u00f3n Peralta se\u00f1alando que el gobierno respeta todas las opiniones, favorables o desfavorables, y en consecuencia las externadas por la Iglesia vertidas a trav\u00e9s del tradicional Serm\u00f3n de las Siete Palabras, viene a ser algo as\u00ed como un ramo de olivo, se\u00f1al de que superada la inicial y brusca reacci\u00f3n que provocaron las cr\u00edticas externadas en el p\u00falpito, en el seno del gobierno se entiende que nada bueno tiene que buscar ni puede salir de un \u00e1cido y prolongado enfrentamiento con la Iglesia Cat\u00f3lica, que tal como ha establecido la propia encuesta Gallup, en nuestro pa\u00eds figura a la cabecera de las instituciones que disfruta de mayor credibilidad.<\/p>\n<\/p>\n<\/p>\n<p>Otra figura influyente del gobierno, Gonzalo Castillo, de quien en m\u00e1s de una ocasi\u00f3n se lleg\u00f3 a pensar pudiera resultar el favorito en la posible sucesi\u00f3n del mandatario, afirma que es el pueblo el que decidir\u00e1 sobre la posible reelecci\u00f3n de este, y haciendo gala de gran optimismo, llega a afirmar que si as\u00ed lo decide, la iglesia estar\u00e1 al lado del pueblo.<\/p>\n<\/p>\n<\/p>\n<p>Queda ahora por ver la reacci\u00f3n de la soliviantada jerarqu\u00eda eclesi\u00e1stica, que aun cuando mantenga inalterable su rechazo a la modificaci\u00f3n de la Carta Magna para permitir al  presidente Medina presentarse para un tercer per\u00edodo, luce poco probable que vaya a responder con aspereza tanto a Peralta como a Castillo.<\/p>\n<\/p>\n<\/p>\n<p>Es probable por consiguiente que quienes aspiraban a disfruta de \u00abla pelea del siglo\u00bb, tengan que reclamar les devuelvan lo que pagaron por la entrada y buscar otra forma de entretener el morbo.<\/p>\n<\/p>\n<\/p>\n<p>Un viejo refr\u00e1n expresa que \u00abdespu\u00e9s de la tormenta, viene la calma\u00bb.  Y aunque contin\u00faen soplando vientos de fronda entre la Iglesia y el Gobierno es m\u00e1s que probable que ambos eviten lleguen a adquirir fuerza de hurac\u00e1n, y que aunque mantengan los guantes puestos no lleguen a subirse al ring.<\/p>\n<\/p>\n<\/p>\n<\/p>\n<\/p>\n<\/p>\n<\/p>\n<\/p>\n<\/p>\n<\/p>\n<\/p>\n<h6> 2019-04-24 18:34:04 <\/h6>\n<p><!--\n<link rel=\"stylesheet\" href=\"css\/bootstrap.min.css\">\n\n\n<ul class=\"pagination\">\n\t    \n\t\n\n<li >\n\t<a href='?page_no=728'>Previous<\/a>\n\t<\/li>\n\n\n       \n    \n\n<li><a href='?page_no=1'>1<\/a><\/li>\n\n\n\n<li><a href='?page_no=2'>2<\/a><\/li>\n\n\n\n<li><a>...<\/a><\/li>\n\n\n\n<li><a href='?page_no=727'>727<\/a><\/li>\n\n\n\n<li><a href='?page_no=728'>728<\/a><\/li>\n\n\n\n<li class='active'><a>729<\/a><\/li>\n\n\n\n<li><a href='?page_no=730'>730<\/a><\/li>\n\n\n\n<li><a href='?page_no=731'>731<\/a><\/li>\n\n\n\n<li><a>...<\/a><\/li>\n\n\n\n<li><a href='?page_no=13611'>13611<\/a><\/li>\n\n\n\n<li><a href='?page_no=13612'>13612<\/a><\/li>\n\n    \n\t\n\n<li >\n\t<a href='?page_no=730'>Next<\/a>\n\t<\/li>\n\n\n    \n\n<li><a href='?page_no=13612'>Last &rsaquo;&rsaquo;<\/a><\/li>\n\n<\/ul>\n\n\n--><br \/>\n<\/body><\/p>\n","protected":false},"excerpt":{"rendered":"<p>EL TIRO RAPIDO Los fuertes se\u00f1alamientos con que preludi\u00f3 el inicio de la Semana Santa el Arzobispo Metropolitano de Santo Domingo, cuando en la entrevista televisiva concedida a \u00abHuchi\u00bb Lora, lleg\u00f3 tan lejos como advertir de la posibilidad de llevar el pa\u00eds a una dictadura, y los de similar tono por parte de los sacerdotes [&hellip;]<\/p>\n","protected":false},"author":3,"featured_media":0,"comment_status":"open","ping_status":"open","sticky":false,"template":"","format":"standard","meta":{"footnotes":""},"categories":[16],"tags":[],"class_list":["post-44481","post","type-post","status-publish","format-standard","hentry","category-opiniones"],"_links":{"self":[{"href":"https:\/\/diariodominicano.com\/index.php?rest_route=\/wp\/v2\/posts\/44481","targetHints":{"allow":["GET"]}}],"collection":[{"href":"https:\/\/diariodominicano.com\/index.php?rest_route=\/wp\/v2\/posts"}],"about":[{"href":"https:\/\/diariodominicano.com\/index.php?rest_route=\/wp\/v2\/types\/post"}],"author":[{"embeddable":true,"href":"https:\/\/diariodominicano.com\/index.php?rest_route=\/wp\/v2\/users\/3"}],"replies":[{"embeddable":true,"href":"https:\/\/diariodominicano.com\/index.php?rest_route=%2Fwp%2Fv2%2Fcomments&post=44481"}],"version-history":[{"count":0,"href":"https:\/\/diariodominicano.com\/index.php?rest_route=\/wp\/v2\/posts\/44481\/revisions"}],"wp:attachment":[{"href":"https:\/\/diariodominicano.com\/index.php?rest_route=%2Fwp%2Fv2%2Fmedia&parent=44481"}],"wp:term":[{"taxonomy":"category","embeddable":true,"href":"https:\/\/diariodominicano.com\/index.php?rest_route=%2Fwp%2Fv2%2Fcategories&post=44481"},{"taxonomy":"post_tag","embeddable":true,"href":"https:\/\/diariodominicano.com\/index.php?rest_route=%2Fwp%2Fv2%2Ftags&post=44481"}],"curies":[{"name":"wp","href":"https:\/\/api.w.org\/{rel}","templated":true}]}}