{"id":444660,"date":"2023-06-04T20:03:52","date_gmt":"2023-06-05T00:03:52","guid":{"rendered":"http:\/\/diariodominicano.com\/?p=444660"},"modified":"2023-06-04T20:03:52","modified_gmt":"2023-06-05T00:03:52","slug":"ministerio-publico-informa-amplia-investigacion-de-hecho-en-que-resulto-herido-oficial-del-senpa-en-operativo-realizado-en-lecheria-contra-la-extraccion-de-agregados-del-rio-haina","status":"publish","type":"post","link":"https:\/\/diariodominicano.com\/?p=444660","title":{"rendered":"Ministerio P\u00fablico informa ampl\u00eda investigaci\u00f3n de hecho en que result\u00f3 herido oficial del Senpa en operativo realizado en Lecher\u00eda contra la extracci\u00f3n de agregados del r\u00edo Haina\u00a0\u00a0\u00a0"},"content":{"rendered":"\n<p><\/p>\n\n\n\n<p>SANTO DOMINGO, Rep\u00fablica Dominicana.- La Fiscal\u00eda de Santo Domingo Oeste, la Procuradur\u00eda Especializada para la Defensa del Medio Ambiente y los Recursos Naturales y el Servicio Nacional de Protecci\u00f3n Ambiental (Senpa) sostuvieron un encuentro en el que coordinaron las diligencias correspondientes en el proceso de investigaci\u00f3n del hecho de sangre en que result\u00f3 herido un oficial adscrito al \u00f3rgano de protecci\u00f3n ambiental\u00a0 que participaba en un operativo realizado el pasado 31 de mayo en la zona de Lecher\u00eda, en Haina, Santo Domingo Oeste.\u00a0<\/p>\n\n\n\n<p>El fiscal Edward Manuel L\u00f3pez Ulloa y el procurador de corte Francisco Contreras, titulares de la Fiscal\u00eda de Santo Domingo Oeste y la Procuradur\u00eda Especializada para la Defensa del Medio Ambiente y los Recursos Naturales, respectivamente, junto a Ren\u00e9 Rodr\u00edguez, director del Senpa, y Elizabeth B\u00e1ez, fiscal investigadora del caso en que result\u00f3 herido, dispusieron de acciones que permitir\u00e1n poner en manos de la justicia a los responsables de la agresi\u00f3n contra el oficial.&nbsp;<\/p>\n\n\n\n<p>De acuerdo con los datos preliminares, el teniente coronel Danny Silverio Batista, encargado regional del Senpa, result\u00f3 herido de bala en la pierna derecha en dicho operativo por lo que fue trasladado al Hospital General Doctor Vinicio Calventi, de Los Alcarrizos, donde recibi\u00f3 las primeras atenciones m\u00e9dicas.<\/p>\n\n\n\n<p>El hecho ocurri\u00f3 en horas de la madrugada durante un operativo en la referida zona, cuando agentes del Senpa retuvieron varios equipos pesados, incluyendo retroexcavadoras y camiones, luego de recibir una denuncia sobre extracci\u00f3n ilegal de agregados en el r\u00edo Haina.&nbsp;<\/p>\n\n\n\n<p>Seg\u00fan versiones recabadas, los infractores huyeron del lugar mientras atacaban a tiros a los miembros del Senpa y a los t\u00e9cnicos de Medio Ambiente.&nbsp;<\/p>\n\n\n\n<p>Las autoridades se encuentran tras la pista de los responsables y judicializar\u00e1n a los propietarios de los equipos pesados, utilizados de manera irregular para extraer agregados del r\u00edo.&nbsp;<\/p>\n\n\n\n<p><strong>Direcci\u00f3n General de Comunicaci\u00f3n, Prensa, y RRPP<\/strong><strong><\/strong><\/p>\n\n\n\n<p>Ministerio P\u00fablico.&nbsp;R.D.<\/p>\n\n\n\n<p>Domingo, 4 de junio de 2023.<\/p>\n","protected":false},"excerpt":{"rendered":"<p>SANTO DOMINGO, Rep\u00fablica Dominicana.- La Fiscal\u00eda de Santo Domingo Oeste, la Procuradur\u00eda Especializada para la Defensa del Medio Ambiente y los Recursos Naturales y el Servicio Nacional de Protecci\u00f3n Ambiental (Senpa) sostuvieron un encuentro en el que coordinaron las diligencias correspondientes en el proceso de investigaci\u00f3n del hecho de sangre en que result\u00f3 herido un [&hellip;]<\/p>\n","protected":false},"author":28,"featured_media":421473,"comment_status":"closed","ping_status":"","sticky":true,"template":"","format":"standard","meta":{"footnotes":""},"categories":[24,29,27],"tags":[],"class_list":["post-444660","post","type-post","status-publish","format-standard","has-post-thumbnail","hentry","category-justicia-y-derecho","category-policiasucesos","category-portada"],"_links":{"self":[{"href":"https:\/\/diariodominicano.com\/index.php?rest_route=\/wp\/v2\/posts\/444660","targetHints":{"allow":["GET"]}}],"collection":[{"href":"https:\/\/diariodominicano.com\/index.php?rest_route=\/wp\/v2\/posts"}],"about":[{"href":"https:\/\/diariodominicano.com\/index.php?rest_route=\/wp\/v2\/types\/post"}],"author":[{"embeddable":true,"href":"https:\/\/diariodominicano.com\/index.php?rest_route=\/wp\/v2\/users\/28"}],"replies":[{"embeddable":true,"href":"https:\/\/diariodominicano.com\/index.php?rest_route=%2Fwp%2Fv2%2Fcomments&post=444660"}],"version-history":[{"count":1,"href":"https:\/\/diariodominicano.com\/index.php?rest_route=\/wp\/v2\/posts\/444660\/revisions"}],"predecessor-version":[{"id":444664,"href":"https:\/\/diariodominicano.com\/index.php?rest_route=\/wp\/v2\/posts\/444660\/revisions\/444664"}],"wp:featuredmedia":[{"embeddable":true,"href":"https:\/\/diariodominicano.com\/index.php?rest_route=\/wp\/v2\/media\/421473"}],"wp:attachment":[{"href":"https:\/\/diariodominicano.com\/index.php?rest_route=%2Fwp%2Fv2%2Fmedia&parent=444660"}],"wp:term":[{"taxonomy":"category","embeddable":true,"href":"https:\/\/diariodominicano.com\/index.php?rest_route=%2Fwp%2Fv2%2Fcategories&post=444660"},{"taxonomy":"post_tag","embeddable":true,"href":"https:\/\/diariodominicano.com\/index.php?rest_route=%2Fwp%2Fv2%2Ftags&post=444660"}],"curies":[{"name":"wp","href":"https:\/\/api.w.org\/{rel}","templated":true}]}}