{"id":444283,"date":"2023-06-02T22:18:36","date_gmt":"2023-06-03T02:18:36","guid":{"rendered":"http:\/\/diariodominicano.com\/?p=444283"},"modified":"2023-06-02T22:18:36","modified_gmt":"2023-06-03T02:18:36","slug":"departamento-de-captura-de-la-fiscalia-de-santiago-arresta-a-reincidente-en-violencia-tras-salir-de-juicio-donde-fue-condenado","status":"publish","type":"post","link":"https:\/\/diariodominicano.com\/?p=444283","title":{"rendered":"Departamento de Captura de la Fiscal\u00eda de Santiago arresta a reincidente en violencia tras salir de juicio donde fue condenado"},"content":{"rendered":"\n<p>SANTIAGO, Rep\u00fablica Dominicana.- El Departamento de Captura de la Fiscal\u00eda de Santiago ejecut\u00f3 una orden de arresto en contra de un hombre, reincidente en violencia intrafamiliar agravada, tras su salida de un tribunal que lo conden\u00f3 a cumplir cinco a\u00f1os de prisi\u00f3n por cometer el citado il\u00edcito, en perjuicio de su abuela, una mujer de 90 a\u00f1os de edad.\u00a0\u00a0<\/p>\n\n\n\n<p>Este \u00f3rgano persecutor deposit\u00f3 ante la Oficina Judicial de Servicios de Atenci\u00f3n Permanente una nueva solicitud para que se impongan medidas de coerci\u00f3n en contra de Edwin Rafael Mart\u00ednez Espaillat, por violaci\u00f3n a los art\u00edculos 309-1, 2 y 3 del C\u00f3digo Penal Dominicano.&nbsp;&nbsp;<\/p>\n\n\n\n<p>El Tercer Tribunal Colegiado de esta jurisdicci\u00f3n, integrado por las juezas Ingrid Liberato, Deyanira M\u00e9ndez y Dariana Pe\u00f1al\u00f3, acogi\u00f3 la solicitud de la Fiscal\u00eda de Santiago y conden\u00f3 a Mart\u00ednez Espaillat a cumplir la pena de cinco a\u00f1os de c\u00e1rcel, luego de que este \u00f3rgano a trav\u00e9s de la Unidad de Atenci\u00f3n Integral a V\u00edctimas de Violencia de G\u00e9nero, Intrafamiliar y Delitos Sexuales arrestara y judicializara al acusado, atribuy\u00e9ndole la violaci\u00f3n a los art\u00edculos 309-1, 309-2 y 309-3, literal A, del C\u00f3digo Penal Dominicano, modificados por la Ley 24-97, sobre Violencia de G\u00e9nero.&nbsp;&nbsp;<\/p>\n\n\n\n<p>Al momento de la sentencia el procesado ten\u00eda una medida no privativa de libertad que un tribunal le dict\u00f3 en la etapa inicial de su primer proceso, lo cual aprovech\u00f3 para cometer nuevos agravios contra la v\u00edctima, present\u00e1ndose a su residencia en el municipio Tamboril, y amenaz\u00e1ndola de muerte en tanto le vocifer\u00f3: \u00abyo estoy preparado para matarlos a todos\u00bb y otros improperios y palabras ofensivas, denigrantes y despectivas.&nbsp;&nbsp;<\/p>\n\n\n\n<p>Ante la comisi\u00f3n de nuevos agravios contra la v\u00edctima, sometida a evaluaciones que han dejado evidencias de da\u00f1os emocionales y psicol\u00f3gicos, se emiti\u00f3 la orden de arresto bajo el n\u00famero 03408-2023, emitida por la jueza Yerixa Cabral de la Cruz, de la Oficina Judicial de Servicios de Atenci\u00f3n Permanente.&nbsp;<\/p>\n\n\n\n<p>El \u00f3rgano de justicia indic\u00f3 que adem\u00e1s de la sentencia que deber\u00e1 cumplir por disposici\u00f3n del tribunal que lo conden\u00f3 a cinco a\u00f1os de prisi\u00f3n, Mart\u00ednez Espaillat enfrentar\u00e1 otro juicio en las pr\u00f3ximas semanas por su vinculaci\u00f3n al nuevo caso de violencia intrafamiliar.<\/p>\n\n\n\n<p><strong>Los hechos&nbsp;<\/strong><strong>&nbsp;<\/strong><strong><\/strong><\/p>\n\n\n\n<p>El 28 de agosto de 2020, el imputado y nieto de la v\u00edctima se present\u00f3 a su residencia en el municipio Tamboril y en una actitud violenta y agresiva le amenaz\u00f3 de muerte.&nbsp;&nbsp;<\/p>\n\n\n\n<p>El 26 de enero del 2021 ocurre un segundo episodio de violencia donde el imputado le vocifer\u00f3 palabras despectivas a la mujer, siendo arrestado en flagrancia.&nbsp;&nbsp;<\/p>\n\n\n\n<p>La certificaci\u00f3n del Instituto Nacional de Ciencias Forenses (Inacif) acerca de las evaluaciones psicol\u00f3gicas practicadas por peritos de psicolog\u00eda cl\u00ednica forense, determina que la v\u00edctima presenta s\u00edntomas y afectaciones emocionales que son compatibles con situaciones estresantes de violencia dom\u00e9stica, debido al constante nivel de hostigamiento y persecuci\u00f3n que sufr\u00eda.&nbsp;<\/p>\n\n\n\n<p><strong>Direcci\u00f3n General de Comunicaci\u00f3n, Prensa, y RRPP<\/strong><strong><\/strong><\/p>\n\n\n\n<p>Ministerio P\u00fablico.&nbsp;R.D.<\/p>\n\n\n\n<p>Viernes, 2 de junio de 2023.<\/p>\n","protected":false},"excerpt":{"rendered":"<p>SANTIAGO, Rep\u00fablica Dominicana.- El Departamento de Captura de la Fiscal\u00eda de Santiago ejecut\u00f3 una orden de arresto en contra de un hombre, reincidente en violencia intrafamiliar agravada, tras su salida de un tribunal que lo conden\u00f3 a cumplir cinco a\u00f1os de prisi\u00f3n por cometer el citado il\u00edcito, en perjuicio de su abuela, una mujer de [&hellip;]<\/p>\n","protected":false},"author":28,"featured_media":427834,"comment_status":"closed","ping_status":"","sticky":false,"template":"","format":"standard","meta":{"footnotes":""},"categories":[24,29],"tags":[],"class_list":["post-444283","post","type-post","status-publish","format-standard","has-post-thumbnail","hentry","category-justicia-y-derecho","category-policiasucesos"],"_links":{"self":[{"href":"https:\/\/diariodominicano.com\/index.php?rest_route=\/wp\/v2\/posts\/444283","targetHints":{"allow":["GET"]}}],"collection":[{"href":"https:\/\/diariodominicano.com\/index.php?rest_route=\/wp\/v2\/posts"}],"about":[{"href":"https:\/\/diariodominicano.com\/index.php?rest_route=\/wp\/v2\/types\/post"}],"author":[{"embeddable":true,"href":"https:\/\/diariodominicano.com\/index.php?rest_route=\/wp\/v2\/users\/28"}],"replies":[{"embeddable":true,"href":"https:\/\/diariodominicano.com\/index.php?rest_route=%2Fwp%2Fv2%2Fcomments&post=444283"}],"version-history":[{"count":1,"href":"https:\/\/diariodominicano.com\/index.php?rest_route=\/wp\/v2\/posts\/444283\/revisions"}],"predecessor-version":[{"id":444284,"href":"https:\/\/diariodominicano.com\/index.php?rest_route=\/wp\/v2\/posts\/444283\/revisions\/444284"}],"wp:featuredmedia":[{"embeddable":true,"href":"https:\/\/diariodominicano.com\/index.php?rest_route=\/wp\/v2\/media\/427834"}],"wp:attachment":[{"href":"https:\/\/diariodominicano.com\/index.php?rest_route=%2Fwp%2Fv2%2Fmedia&parent=444283"}],"wp:term":[{"taxonomy":"category","embeddable":true,"href":"https:\/\/diariodominicano.com\/index.php?rest_route=%2Fwp%2Fv2%2Fcategories&post=444283"},{"taxonomy":"post_tag","embeddable":true,"href":"https:\/\/diariodominicano.com\/index.php?rest_route=%2Fwp%2Fv2%2Ftags&post=444283"}],"curies":[{"name":"wp","href":"https:\/\/api.w.org\/{rel}","templated":true}]}}