{"id":444082,"date":"2023-06-02T00:34:08","date_gmt":"2023-06-02T04:34:08","guid":{"rendered":"http:\/\/diariodominicano.com\/?p=444082"},"modified":"2023-06-02T00:34:49","modified_gmt":"2023-06-02T04:34:49","slug":"tribunal-sanciona-con-seis-anos-de-privacion-de-libertad-a-una-adolescente-implicada-en-muerte-de-frederick-perez-ventura-en-los-alcarrizos","status":"publish","type":"post","link":"https:\/\/diariodominicano.com\/?p=444082","title":{"rendered":"Tribunal sanciona con seis a\u00f1os de privaci\u00f3n de libertad a una adolescente implicada en muerte de Frederick P\u00e9rez Ventura en Los Alcarrizos"},"content":{"rendered":"\n<p> Frederick Alberto P\u00e9rez Ventura<\/p>\n\n\n\n<p><strong>SANTO DOMINGO ESTE, Rep\u00fablica Dominicana.\u00a0<\/strong>El Tribunal de Ni\u00f1os, Ni\u00f1as y Adolescentes de la Provincia Santo Domingo sancion\u00f3 con seis a\u00f1os de privaci\u00f3n de libertad a una menor de edad por su participaci\u00f3n en la muerte de Frederick Alberto P\u00e9rez Ventura, ocurrida en Los Alcarrizos en julio del a\u00f1o del pasado a\u00f1o.<\/p>\n\n\n\n<p>La sanci\u00f3n le fue impuesta a la menor de edad, de quien se omite el nombre por razones legales, por la jueza Berenice N\u00fa\u00f1ez, quien indic\u00f3 que la misma deber\u00e1 ser cumplida en el Centro de Atenci\u00f3n Integral de la Persona Adolescente en Conflicto con la Ley Penal de Villa Consuelo<\/p>\n\n\n\n<p>El fiscal Williams Viloria mostr\u00f3 ante el tribunal como la adolescente fue parte integral y activa del plan que ejecut\u00f3&nbsp; junto a cuatro hombres, mismo que concluy\u00f3 con el homicidio de la v\u00edctima.<\/p>\n\n\n\n<p>Las acciones por la cual fue condenada la menor de edad, se produjeron el 16 de julio del a\u00f1o&nbsp; 2022, cuando el joven Frederick Alberto P\u00e9rez Ventura coordin\u00f3 una cita a trav\u00e9s de una red social con el imputado Argenis Nerlis Morillo de los Santos.<\/p>\n\n\n\n<p>Ambos quedaron de encontrarse en el apartamento 302, edificio 6, manzana H, residencial Pablo Mella Morales.<\/p>\n\n\n\n<p>La instancia precisa que a la 1:30 de la tarde, P\u00e9rez Ventura lleg\u00f3 al lugar acordado, donde Morillo de los Santos lo recibi\u00f3 y le brind\u00f3 un caf\u00e9 para que entrara en confianza. Luego, Jeremy de Jes\u00fas Rodr\u00edguez Evangelista, Cristofer Arredondo y Reinaldo Antonio Garc\u00eda salieron de una habitaci\u00f3n con armas blancas.<\/p>\n\n\n\n<p>Posteriormente, los imputados acorralaron a la v\u00edctima, lo amenazaron y le dieron a oler una sustancia para tranquilizarlo y as\u00ed despojarlo de sus pertenencias.<\/p>\n\n\n\n<p>A Frederick Alberto P\u00e9rez Ventura lo amordazaron en una habitaci\u00f3n y estuvo custodiado por Rodr\u00edguez Evangelista, mientras que Morillo de los Santos sali\u00f3 del lugar en compa\u00f1\u00eda de la menor de edad para retirar dinero de las tarjetas bancarias del hoy occiso.<\/p>\n\n\n\n<p>Los hallazgos presentados por el Ministerio P\u00fablico demuestran que fue el domingo 17 de ese mes cuando los acusados trasladaron al joven del apartamento a un basurero ubicado en La Gu\u00e1yiga, kil\u00f3metro 22 de la Autopista Duarte, lugar donde lo ultimaron de varias pu\u00f1aladas.<\/p>\n\n\n\n<p>Luego del hecho, los imputados intercambiaron por ropa un celular que era propiedad de la v\u00edctima e intentaron vender su veh\u00edculo en Maim\u00f3n, provincia Monse\u00f1or Nouel, hecho que no pudieron llevar a cabo porque el autom\u00f3vil no ten\u00eda combustible y se vieron en la obligaci\u00f3n de dejarlo abandonado.<\/p>\n\n\n\n<p>La conducta de este grupo ha recibido la calificaci\u00f3n jur\u00eddica de asociaci\u00f3n de malhechores, asesinato, actos de tortura, robo y porte de ilegal de armas, que constituyen violaciones a los art\u00edculos 265, 266, 295, 296, 297, 298, 302, 303, 379 y 382 del C\u00f3digo Penal Dominicano y los art\u00edculos 66 y 67 de la Ley 631-16, sobre Control y Regulaci\u00f3n de Armas, Municiones y Materiales Relacionados.<\/p>\n\n\n\n<p><strong>Direcci\u00f3n General de Comunicaci\u00f3n, Prensa, y RRPP<\/strong><\/p>\n\n\n\n<p>Ministerio P\u00fablico.&nbsp;R.D.<\/p>\n\n\n\n<p>Jueves, 1 de junio de 2023<\/p>\n","protected":false},"excerpt":{"rendered":"<p>Frederick Alberto P\u00e9rez Ventura SANTO DOMINGO ESTE, Rep\u00fablica Dominicana.\u00a0El Tribunal de Ni\u00f1os, Ni\u00f1as y Adolescentes de la Provincia Santo Domingo sancion\u00f3 con seis a\u00f1os de privaci\u00f3n de libertad a una menor de edad por su participaci\u00f3n en la muerte de Frederick Alberto P\u00e9rez Ventura, ocurrida en Los Alcarrizos en julio del a\u00f1o del pasado a\u00f1o. [&hellip;]<\/p>\n","protected":false},"author":28,"featured_media":371609,"comment_status":"closed","ping_status":"","sticky":true,"template":"","format":"standard","meta":{"footnotes":""},"categories":[24,29],"tags":[],"class_list":["post-444082","post","type-post","status-publish","format-standard","has-post-thumbnail","hentry","category-justicia-y-derecho","category-policiasucesos"],"_links":{"self":[{"href":"https:\/\/diariodominicano.com\/index.php?rest_route=\/wp\/v2\/posts\/444082","targetHints":{"allow":["GET"]}}],"collection":[{"href":"https:\/\/diariodominicano.com\/index.php?rest_route=\/wp\/v2\/posts"}],"about":[{"href":"https:\/\/diariodominicano.com\/index.php?rest_route=\/wp\/v2\/types\/post"}],"author":[{"embeddable":true,"href":"https:\/\/diariodominicano.com\/index.php?rest_route=\/wp\/v2\/users\/28"}],"replies":[{"embeddable":true,"href":"https:\/\/diariodominicano.com\/index.php?rest_route=%2Fwp%2Fv2%2Fcomments&post=444082"}],"version-history":[{"count":3,"href":"https:\/\/diariodominicano.com\/index.php?rest_route=\/wp\/v2\/posts\/444082\/revisions"}],"predecessor-version":[{"id":444085,"href":"https:\/\/diariodominicano.com\/index.php?rest_route=\/wp\/v2\/posts\/444082\/revisions\/444085"}],"wp:featuredmedia":[{"embeddable":true,"href":"https:\/\/diariodominicano.com\/index.php?rest_route=\/wp\/v2\/media\/371609"}],"wp:attachment":[{"href":"https:\/\/diariodominicano.com\/index.php?rest_route=%2Fwp%2Fv2%2Fmedia&parent=444082"}],"wp:term":[{"taxonomy":"category","embeddable":true,"href":"https:\/\/diariodominicano.com\/index.php?rest_route=%2Fwp%2Fv2%2Fcategories&post=444082"},{"taxonomy":"post_tag","embeddable":true,"href":"https:\/\/diariodominicano.com\/index.php?rest_route=%2Fwp%2Fv2%2Ftags&post=444082"}],"curies":[{"name":"wp","href":"https:\/\/api.w.org\/{rel}","templated":true}]}}