{"id":443971,"date":"2023-06-01T19:00:44","date_gmt":"2023-06-01T23:00:44","guid":{"rendered":"http:\/\/diariodominicano.com\/?p=443971"},"modified":"2023-06-01T19:01:50","modified_gmt":"2023-06-01T23:01:50","slug":"procuradora-miriam-german-brito-y-presidente-dncd-jose-manuel-cabrera-encabezan-incineracion-de-mas-de-mil-450-kilogramos-de-drogas","status":"publish","type":"post","link":"https:\/\/diariodominicano.com\/?p=443971","title":{"rendered":"Procuradora General Miriam Germ\u00e1n Brito y presidente DNCD Jos\u00e9 Manuel Cabrera encabezan incineraci\u00f3n de  m\u00e1s de mil 450 kilogramos de drogas"},"content":{"rendered":"\n<p><em><u>Las autoridades destacan combate al narcotr\u00e1fico y transparencia del proceso de incineraci\u00f3n de las drogas que fueron<\/u><\/em><em><u>&nbsp;ocupadas en las operaciones que se ejecutan contra esa actividad criminal en todo el pa\u00eds<\/u><\/em><\/p>\n\n\n\n<figure class=\"wp-block-image size-large\"><img loading=\"lazy\" decoding=\"async\" width=\"1024\" height=\"683\" src=\"https:\/\/diariodominicano.com\/wp-content\/uploads\/2023\/06\/2023-06-01-Quema-de-drogas_004-1024x683.jpg\" alt=\"\" class=\"wp-image-443974\" srcset=\"https:\/\/diariodominicano.com\/wp-content\/uploads\/2023\/06\/2023-06-01-Quema-de-drogas_004-1024x683.jpg 1024w, https:\/\/diariodominicano.com\/wp-content\/uploads\/2023\/06\/2023-06-01-Quema-de-drogas_004-300x200.jpg 300w, https:\/\/diariodominicano.com\/wp-content\/uploads\/2023\/06\/2023-06-01-Quema-de-drogas_004-768x512.jpg 768w, https:\/\/diariodominicano.com\/wp-content\/uploads\/2023\/06\/2023-06-01-Quema-de-drogas_004-1536x1024.jpg 1536w, https:\/\/diariodominicano.com\/wp-content\/uploads\/2023\/06\/2023-06-01-Quema-de-drogas_004-2048x1365.jpg 2048w, https:\/\/diariodominicano.com\/wp-content\/uploads\/2023\/06\/2023-06-01-Quema-de-drogas_004-816x544.jpg 816w\" sizes=\"auto, (max-width: 1024px) 100vw, 1024px\" \/><\/figure>\n\n\n\n<figure class=\"wp-block-image size-large\"><img loading=\"lazy\" decoding=\"async\" width=\"683\" height=\"1024\" src=\"https:\/\/diariodominicano.com\/wp-content\/uploads\/2023\/06\/2023-06-01-Quema-de-drogas_Vertical_Redes_010-683x1024.jpg\" alt=\"\" class=\"wp-image-443975\" srcset=\"https:\/\/diariodominicano.com\/wp-content\/uploads\/2023\/06\/2023-06-01-Quema-de-drogas_Vertical_Redes_010-683x1024.jpg 683w, https:\/\/diariodominicano.com\/wp-content\/uploads\/2023\/06\/2023-06-01-Quema-de-drogas_Vertical_Redes_010-200x300.jpg 200w, https:\/\/diariodominicano.com\/wp-content\/uploads\/2023\/06\/2023-06-01-Quema-de-drogas_Vertical_Redes_010-768x1152.jpg 768w, https:\/\/diariodominicano.com\/wp-content\/uploads\/2023\/06\/2023-06-01-Quema-de-drogas_Vertical_Redes_010-1024x1536.jpg 1024w, https:\/\/diariodominicano.com\/wp-content\/uploads\/2023\/06\/2023-06-01-Quema-de-drogas_Vertical_Redes_010-1365x2048.jpg 1365w, https:\/\/diariodominicano.com\/wp-content\/uploads\/2023\/06\/2023-06-01-Quema-de-drogas_Vertical_Redes_010-816x1224.jpg 816w, https:\/\/diariodominicano.com\/wp-content\/uploads\/2023\/06\/2023-06-01-Quema-de-drogas_Vertical_Redes_010-scaled.jpg 1707w\" sizes=\"auto, (max-width: 683px) 100vw, 683px\" \/><\/figure>\n\n\n\n<p>SANTO DOMINGO (Rep\u00fablica Dominicana).- En un acto encabezado por la procuradora general de la Rep\u00fablica, magistrada Miriam Germ\u00e1n Brito, y el presidente de la Direcci\u00f3n Nacional de Control de Drogas (DNCD), vicealmirante Jos\u00e9 Manuel Cabrera Ulloa, fue incinerado este jueves otro cargamento de m\u00e1s de 1,450 kilogramos de drogas, incluyendo m\u00e1s de mil trescientos kilogramos de coca\u00edna, ocupada en operaciones contra el tr\u00e1fico de drogas ejecutadas en Santo Domingo y San Pedro de Macor\u00eds.&nbsp;<\/p>\n\n\n\n<p>La incineraci\u00f3n se llev\u00f3 a cabo como cada jueves en el recinto del Ej\u00e9rcito de Rep\u00fablica Dominicana, en el municipio Pedro Brand, y cont\u00f3 con la participaci\u00f3n del embajador de Francia en Rep\u00fablica Dominicana, Eric Fournier; el general de brigada de la Polic\u00eda Nacional, Nelson Antonio Santos, director de Relaciones Internacionales del Consejo Nacional de Drogas (CND); el mayor general Carlos Antonio Fern\u00e1ndez, comandante general del Ej\u00e9rcito de Rep\u00fablica Dominicana (ERD), y Luis Manuel Tolentino, director jur\u00eddico del Ministerio de Salud P\u00fablica y Asistencia Social.&nbsp;<\/p>\n\n\n\n<p>Tras la incineraci\u00f3n de las drogas, la magistrada Germ\u00e1n Brito destac\u00f3: \u201cque es un golpe al negocio il\u00edcito de las drogas narc\u00f3ticas&nbsp;que tantos problemas de salud y de otra \u00edndole le causan sobre todo a la juventud\u201d.&nbsp;<\/p>\n\n\n\n<p>De su lado, el vicealmirante Cabrera Ulloa destac\u00f3 que se trata de una actividad que se realiza cada semana para que la ciudadan\u00eda tenga conocimiento de qu\u00e9 ocurre con las drogas que se ocupan a nivel nacional, al tiempo que destac\u00f3 la transparencia con que se manejan en el proceso tanto la Procuradur\u00eda General de la Rep\u00fablica como la Direcci\u00f3n Nacional de Control de Drogas y el Gobierno en sentido general.&nbsp;<\/p>\n\n\n\n<p>\u201cEsta es una actividad que se hace semanalmente, pero cuando se va a incinerar una cantidad considerable, en virtud de que estamos en compa\u00f1\u00eda del embajador de Francia, y de la transparencia que caracteriza tanto a la Procuradur\u00eda General de la Rep\u00fablica como a la Direcci\u00f3n Nacional de Control de Drogas y al Gobierno en sentido general, esta actividad se hace para que la ciudadan\u00eda sepa qu\u00e9 ocurre cada semana con las drogas que se decomisan a nivel nacional en la Rep\u00fablica Dominicana. Ustedes pueden ver que eso se hace de manera transparente para que no haya lugar a dudas\u201d, dijo el presidente de la DNCD a los presentes en la actividad.&nbsp;<\/p>\n\n\n\n<p>El Instituto Nacional de Ciencias Forenses (Inacif) hizo constar en un informe que en total fueron quemados 1,451.902 kilogramos de distintos narc\u00f3ticos y 1.438 kilogramos de otras sustancias en cuyos an\u00e1lisis se determin\u00f3 que no correspond\u00edan a drogas.&nbsp;<\/p>\n\n\n\n<p>Respecto a las&nbsp;sustancias narc\u00f3ticas, el Inacif detalla en el informe que fueron quemados 1,301.331 kilogramos de coca\u00edna, que equivalen al 89.63%, y de marihuana 149.705 kilogramos, con 10.31%.&nbsp;&nbsp;<\/p>\n\n\n\n<p>Tambi\u00e9n, de crack 830 gramos, para un 0.0571%; \u00e9xtasis 13 gramos, para un 0.0009%;&nbsp;de metanfetamina&nbsp;y de hach\u00eds 10 gramos cada una, que representan el 0.0007%, y de fendimetrazina 4 gramos, que alcanzaron un 0.00026%.&nbsp;<\/p>\n\n\n\n<p>Las ocupaciones de ambas sustancias, que formaban parte de un total de 727 casos, estuvo a cargo de miembros del Ministerio P\u00fablico, la Direcci\u00f3n Nacional de Control de Drogas (DNCD), as\u00ed como de otros \u00f3rganos del sistema a cargo del combate del narcotr\u00e1fico.&nbsp;<\/p>\n\n\n\n<p>Las operaciones donde fueron ocupadas se llevaron a cabo adem\u00e1s de Santo Domingo y San Pedro de Macor\u00eds, en el Distrito Nacional,&nbsp;as\u00ed como en las provincias Pedernales, San Crist\u00f3bal, La Vega, Espaillat, Santiago, La Altagracia, Saman\u00e1, Mar\u00eda Trinidad S\u00e1nchez y Barahona. Adem\u00e1s, en Peravia, Monse\u00f1or Nouel, Hato Mayor, Puerto Plata, Duarte, Dajab\u00f3n, Valverde, El\u00edas Pi\u00f1a, Hermanas Mirabal, El Seibo, Santiago Rodr\u00edguez, La Romana, Monte Plata y Bahoruco.&nbsp;<\/p>\n\n\n\n<p>Las autoridades destacaron que en total han sido quemados en lo que va de a\u00f1o un total de 11,167.346 kilogramos de distintas sustancias narc\u00f3ticas como parte de&nbsp;las estrategias&nbsp;contra el narcotr\u00e1fico.&nbsp;&nbsp;<\/p>\n\n\n\n<p><strong>Direcci\u00f3n General de Comunicaci\u00f3n, Prensa, y RRPP<\/strong><strong><\/strong><\/p>\n\n\n\n<p>Ministerio P\u00fablico.&nbsp;R.D.<\/p>\n\n\n\n<p>Jueves, 1 de junio de 2023.<\/p>\n","protected":false},"excerpt":{"rendered":"<p>Las autoridades destacan combate al narcotr\u00e1fico y transparencia del proceso de incineraci\u00f3n de las drogas que fueron&nbsp;ocupadas en las operaciones que se ejecutan contra esa actividad criminal en todo el pa\u00eds SANTO DOMINGO (Rep\u00fablica Dominicana).- En un acto encabezado por la procuradora general de la Rep\u00fablica, magistrada Miriam Germ\u00e1n Brito, y el presidente de la [&hellip;]<\/p>\n","protected":false},"author":28,"featured_media":443972,"comment_status":"closed","ping_status":"","sticky":true,"template":"","format":"standard","meta":{"footnotes":""},"categories":[20,24,29,27],"tags":[],"class_list":["post-443971","post","type-post","status-publish","format-standard","has-post-thumbnail","hentry","category-dominicana-hoy","category-justicia-y-derecho","category-policiasucesos","category-portada"],"_links":{"self":[{"href":"https:\/\/diariodominicano.com\/index.php?rest_route=\/wp\/v2\/posts\/443971","targetHints":{"allow":["GET"]}}],"collection":[{"href":"https:\/\/diariodominicano.com\/index.php?rest_route=\/wp\/v2\/posts"}],"about":[{"href":"https:\/\/diariodominicano.com\/index.php?rest_route=\/wp\/v2\/types\/post"}],"author":[{"embeddable":true,"href":"https:\/\/diariodominicano.com\/index.php?rest_route=\/wp\/v2\/users\/28"}],"replies":[{"embeddable":true,"href":"https:\/\/diariodominicano.com\/index.php?rest_route=%2Fwp%2Fv2%2Fcomments&post=443971"}],"version-history":[{"count":4,"href":"https:\/\/diariodominicano.com\/index.php?rest_route=\/wp\/v2\/posts\/443971\/revisions"}],"predecessor-version":[{"id":443978,"href":"https:\/\/diariodominicano.com\/index.php?rest_route=\/wp\/v2\/posts\/443971\/revisions\/443978"}],"wp:featuredmedia":[{"embeddable":true,"href":"https:\/\/diariodominicano.com\/index.php?rest_route=\/wp\/v2\/media\/443972"}],"wp:attachment":[{"href":"https:\/\/diariodominicano.com\/index.php?rest_route=%2Fwp%2Fv2%2Fmedia&parent=443971"}],"wp:term":[{"taxonomy":"category","embeddable":true,"href":"https:\/\/diariodominicano.com\/index.php?rest_route=%2Fwp%2Fv2%2Fcategories&post=443971"},{"taxonomy":"post_tag","embeddable":true,"href":"https:\/\/diariodominicano.com\/index.php?rest_route=%2Fwp%2Fv2%2Ftags&post=443971"}],"curies":[{"name":"wp","href":"https:\/\/api.w.org\/{rel}","templated":true}]}}