{"id":44393,"date":"2019-04-29T11:37:43","date_gmt":"2019-04-29T11:37:43","guid":{"rendered":"http:\/\/diariodominicano.ddns.net\/?p=44393"},"modified":"2019-04-29T11:37:43","modified_gmt":"2019-04-29T11:37:43","slug":"la-jce-y-extrana-ausencia-del-prm","status":"publish","type":"post","link":"https:\/\/diariodominicano.com\/?p=44393","title":{"rendered":"LA JCE Y EXTRA\u00d1A AUSENCIA&#13; DEL PRM"},"content":{"rendered":"<p><body><\/p>\n<p><strong>FRANKLIN ALMEYDA RANCIER<\/strong><\/p>\n<\/p>\n<p>El Comit\u00e9 Pol\u00edtico del PLD solicit\u00f3 una reuni\u00f3n con  la JCE, s\u00f3lo asisti\u00f3 su Presidente, el Dr. Julio C\u00e9sar Casta\u00f1os Guzm\u00e1n. Se celebr\u00f3 en la Casa Nacional, el pasado lunes 22 de este  mes de abril. Se esperaba al Pleno, pero no asistieron los cuatro miembros restantes. El Dr. Casta\u00f1os present\u00f3 sus excusas.<\/p>\n<\/p>\n<p>El prop\u00f3sito fue  recibir explicaciones y hacer un ejercicio sobre el voto electr\u00f3nico. Esas explicaciones estuvieron a cargo del Presidente del organismo electoral, asistido por sus t\u00e9cnicos, quien lo hizo con un notorio despliegue histri\u00f3nico.<\/p>\n<\/p>\n<p>Formul\u00e9 preguntas sobre tres aspectos esenciales. En la introducci\u00f3n destaqu\u00e9  lo relevante de que la JCE asumiera el sistema electr\u00f3nico digital para montar los eventos electorales. Su valor, adem\u00e1s de hacer \u00e1gil y eficiente el proceso, obliga a los partidos a pasar de an\u00e1logos a digital. Por dem\u00e1s, en la poblaci\u00f3n dominicana, conforme a estad\u00edsticas del Indotel, hay desde 2017 m\u00e1s de 8 millones de celulares y 2 millones m\u00e1s de conectividad en internet, lo que demuestra que los dominicanos est\u00e1n apoderados de esos medios.<\/p>\n<\/p>\n<p>La primera interrogante expuesta fue  sobre la seguridad en la transmisi\u00f3n y las dificultades por la carencia de servicios en algunas zonas y las posibilidades de hackeo. <\/p>\n<\/p>\n<p>Sobre lo primero, es sabido que las empresas de comunicaci\u00f3n no extienden sus servicios por falta de inter\u00e9s comercial. Sobre este tema el Dr. Julio C\u00e9sar Casta\u00f1os fue generoso en el uso de las palabras, pero  termin\u00f3 aceptando que era una debilidad a superar.<\/p>\n<\/p>\n<p>Sobre un hackeo o alteraci\u00f3n electr\u00f3nica, se\u00f1al\u00f3 que cada recinto y colegio electorales se mantendr\u00e1n en una conexi\u00f3n propia y s\u00f3lo entrar\u00edan a la general, para transmitir.<\/p>\n<\/p>\n<p>El otro pedido que hicimos fue una explicaci\u00f3n para evitar la doble votaci\u00f3n. Las modalidades aprobadas en la Ley de Partidos entra\u00f1an dos formas generales de votar. Las primarias con el voto directo y personal de la membres\u00eda de los partidos participantes (sea padr\u00f3n abierto o cerrado); y las otras modalidades, por votos indirectos; o sea, sus miembros ejercer\u00e1n su votaci\u00f3n a trav\u00e9s de  delegados.<\/p>\n<\/p>\n<p>En las primarias simult\u00e1neas d\u00e1bamos como un hecho que se puede evitar, electr\u00f3nicamente, la doble votaci\u00f3n. Pero no ocurrir\u00eda igual con las otras modalidades.<\/p>\n<\/p>\n<p>El Presidente de la JCE complic\u00f3 las cosas en su respuesta. Dijo que como el PRM va con padr\u00f3n cerrado, su membres\u00eda pod\u00eda tambi\u00e9n votar por el PLD, si antes no lo hab\u00eda hecho por el PRM. <\/p>\n<\/p>\n<p>Extra\u00f1o, porque si el PRM va con padr\u00f3n propio o cerrado, sus miembros deben votar s\u00f3lo por los candidatos de ese partido. Poder hacerlo opcional   es desangrarlo y crearle un privilegio a sus electores; es decir, votar a su elecci\u00f3n, s\u00f3lo ellos podr\u00edan.<\/p>\n<\/p>\n<p>Se complic\u00f3 m\u00e1s a\u00fan cuando trat\u00f3 de justificar que no habr\u00eda doble votaci\u00f3n con el voto indirecto. Al final confes\u00f3 no querer aceptar que la JCE excluya de las primarias a los electores que figuran en el padr\u00f3n de los partidos que escogieron otras modalidades.<\/p>\n<\/p>\n<p>Dijo que en las primarias abiertas aprobadas por el CC del PLD, es con el padr\u00f3n electoral de la JCE (el mismo argumento del danilismo) y podr\u00e1n votar todos los electores. Si es as\u00ed el proceso se centra en el PLD.<\/p>\n<\/p>\n<p>\u00a1Es extra\u00f1o que el PRM acepte estas f\u00f3rmulas, su techo electoral se  desplomar\u00eda!<\/p>\n<\/p>\n<\/p>\n<p>.<\/p>\n<p>T<\/p>\n<h6> 2019-04-29 11:37:43 <\/h6>\n<p><!--\n<link rel=\"stylesheet\" href=\"css\/bootstrap.min.css\">\n\n\n<ul class=\"pagination\">\n\t    \n\t\n\n<li >\n\t<a href='?page_no=720'>Previous<\/a>\n\t<\/li>\n\n\n       \n    \n\n<li><a href='?page_no=1'>1<\/a><\/li>\n\n\n\n<li><a href='?page_no=2'>2<\/a><\/li>\n\n\n\n<li><a>...<\/a><\/li>\n\n\n\n<li><a href='?page_no=719'>719<\/a><\/li>\n\n\n\n<li><a href='?page_no=720'>720<\/a><\/li>\n\n\n\n<li class='active'><a>721<\/a><\/li>\n\n\n\n<li><a href='?page_no=722'>722<\/a><\/li>\n\n\n\n<li><a href='?page_no=723'>723<\/a><\/li>\n\n\n\n<li><a>...<\/a><\/li>\n\n\n\n<li><a href='?page_no=13611'>13611<\/a><\/li>\n\n\n\n<li><a href='?page_no=13612'>13612<\/a><\/li>\n\n    \n\t\n\n<li >\n\t<a href='?page_no=722'>Next<\/a>\n\t<\/li>\n\n\n    \n\n<li><a href='?page_no=13612'>Last &rsaquo;&rsaquo;<\/a><\/li>\n\n<\/ul>\n\n\n--><br \/>\n<\/body><\/p>\n","protected":false},"excerpt":{"rendered":"<p>FRANKLIN ALMEYDA RANCIER El Comit\u00e9 Pol\u00edtico del PLD solicit\u00f3 una reuni\u00f3n con la JCE, s\u00f3lo asisti\u00f3 su Presidente, el Dr. Julio C\u00e9sar Casta\u00f1os Guzm\u00e1n. Se celebr\u00f3 en la Casa Nacional, el pasado lunes 22 de este mes de abril. Se esperaba al Pleno, pero no asistieron los cuatro miembros restantes. El Dr. Casta\u00f1os present\u00f3 sus [&hellip;]<\/p>\n","protected":false},"author":3,"featured_media":0,"comment_status":"open","ping_status":"open","sticky":false,"template":"","format":"standard","meta":{"footnotes":""},"categories":[16],"tags":[],"class_list":["post-44393","post","type-post","status-publish","format-standard","hentry","category-opiniones"],"_links":{"self":[{"href":"https:\/\/diariodominicano.com\/index.php?rest_route=\/wp\/v2\/posts\/44393","targetHints":{"allow":["GET"]}}],"collection":[{"href":"https:\/\/diariodominicano.com\/index.php?rest_route=\/wp\/v2\/posts"}],"about":[{"href":"https:\/\/diariodominicano.com\/index.php?rest_route=\/wp\/v2\/types\/post"}],"author":[{"embeddable":true,"href":"https:\/\/diariodominicano.com\/index.php?rest_route=\/wp\/v2\/users\/3"}],"replies":[{"embeddable":true,"href":"https:\/\/diariodominicano.com\/index.php?rest_route=%2Fwp%2Fv2%2Fcomments&post=44393"}],"version-history":[{"count":0,"href":"https:\/\/diariodominicano.com\/index.php?rest_route=\/wp\/v2\/posts\/44393\/revisions"}],"wp:attachment":[{"href":"https:\/\/diariodominicano.com\/index.php?rest_route=%2Fwp%2Fv2%2Fmedia&parent=44393"}],"wp:term":[{"taxonomy":"category","embeddable":true,"href":"https:\/\/diariodominicano.com\/index.php?rest_route=%2Fwp%2Fv2%2Fcategories&post=44393"},{"taxonomy":"post_tag","embeddable":true,"href":"https:\/\/diariodominicano.com\/index.php?rest_route=%2Fwp%2Fv2%2Ftags&post=44393"}],"curies":[{"name":"wp","href":"https:\/\/api.w.org\/{rel}","templated":true}]}}